{"id":9551,"date":"2024-07-04T08:17:54","date_gmt":"2024-07-04T07:17:54","guid":{"rendered":"https:\/\/hospitalsagratcormartorell.org\/entre-tots\/?p=9551"},"modified":"2024-07-04T11:36:24","modified_gmt":"2024-07-04T10:36:24","slug":"impartim-un-curs-de-psicogeriatria-al-parc-sanitari-pere-virgili","status":"publish","type":"post","link":"https:\/\/fundaciohospitalariesmartorell.org\/entre-tots\/2024\/07\/impartim-un-curs-de-psicogeriatria-al-parc-sanitari-pere-virgili\/","title":{"rendered":"Impartim un curs de psicogeriatria per al personal TCAI i DUI del Parc Sanitari Pere Virgili"},"content":{"rendered":"\n<figure class=\"wp-block-image size-large\"><img loading=\"lazy\" decoding=\"async\" width=\"1034\" height=\"581\" src=\"https:\/\/hospitalsagratcormartorell.org\/entre-tots\/wp-content\/uploads\/2024\/07\/Foto-Esther-Romeguera-edited.png\" alt=\"\" class=\"wp-image-9553\" srcset=\"https:\/\/fundaciohospitalariesmartorell.org\/entre-tots\/wp-content\/uploads\/2024\/07\/Foto-Esther-Romeguera-edited.png 1034w, https:\/\/fundaciohospitalariesmartorell.org\/entre-tots\/wp-content\/uploads\/2024\/07\/Foto-Esther-Romeguera-edited-300x169.png 300w, https:\/\/fundaciohospitalariesmartorell.org\/entre-tots\/wp-content\/uploads\/2024\/07\/Foto-Esther-Romeguera-edited-1024x575.png 1024w, https:\/\/fundaciohospitalariesmartorell.org\/entre-tots\/wp-content\/uploads\/2024\/07\/Foto-Esther-Romeguera-edited-768x432.png 768w\" sizes=\"auto, (max-width: 1034px) 100vw, 1034px\" \/><\/figure>\n\n\n\n<p>Professionals de l\u2019Hospital Sagrat Cor van impartir un curs de formaci\u00f3 espec\u00edfica per al personal TCAI i DUI del Parc Sanitari Pere Virgili de Barcelona en el maneig del pacient psicogeri\u00e0tric. La formaci\u00f3 es va organitzar en tres sessions de sis hores cadascuna els dies 11, 18 i 25 de juny. Aquest curs va combinar continguts te\u00f2rics i pr\u00e0ctics, comptant amb la participaci\u00f3 de 50 persones que van mostrar un gran inter\u00e8s pels temes tractats i van ser altament participatives en el desenvolupament de totes les sessions.<\/p>\n\n\n\n<p>El Dr. Manel S\u00e1nchez, coordinador de la Unitat de Psiquiatria Geri\u00e0trica del nostre hospital i president de la Societat Espanyola de Psicogeriatria, va impartir la primera sessi\u00f3 del curs. Aquesta sessi\u00f3 es va centrar en la psicopatologia geri\u00e0trica, abordant els trastorns mentals en pacients ancians. El Dr. S\u00e1nchez va destacar la import\u00e0ncia de recon\u00e8ixer els principals s\u00edmptomes, com ara la depressi\u00f3, el trastorn bipolar i la conducta su\u00efcida. Tamb\u00e9 es van examinar les psicosis, incloent-hi l&#8217;esquizofr\u00e8nia, la paranoia i els trastorns delirants, aix\u00ed com l&#8217;ansietat, les f\u00f2bies i els trastorns de la son. A m\u00e9s, es va tractar la gesti\u00f3 de les personalitats dif\u00edcils i els s\u00edmptomes psicol\u00f2gics i conductuals associats amb la dem\u00e8ncia, oferint una visi\u00f3 integral dels reptes de la salut mental en la poblaci\u00f3 geri\u00e0trica.<\/p>\n\n\n\n<p>V\u00edctor Ruiz, DUI de l\u2019Hospital Sagrat Cor en l\u2019\u00c0rea d\u2019Atenci\u00f3 Interm\u00e8dia, va obrir la segona sessi\u00f3 del curs, on va explicar com identificar les situacions de risc, com ara l\u2019agressivitat envers un mateix o envers els altres, i qu\u00e8 cal fer en aquestes situacions. Tamb\u00e9 va donar indicacions i pautes d\u2019actuaci\u00f3 per a la contenci\u00f3 mec\u00e0nica, oferint informaci\u00f3 sobre aspectes legals. Finalment, Ruiz va explicar les conductes negativistes.<\/p>\n\n\n\n<p>Per la seva banda, Esther Romaguera, terapeuta ocupacional en l\u2019\u00c0rea d\u2019Atenci\u00f3 Interm\u00e8dia del nostre centre, va concloure la segona sessi\u00f3 amb un enfocament m\u00e9s pr\u00e0ctic. Va descriure les ter\u00e0pies no farmacol\u00f2giques, com ara l\u2019estimulaci\u00f3 cognitiva, la mecanoter\u00e0pia, Snoezelen o ter\u00e0pia multisensorial, i activitats d&#8217;oci i temps lliure. Romaguera tamb\u00e9 va impartir un taller pr\u00e0ctic de psicomotricitat.<\/p>\n\n\n\n<figure class=\"wp-block-image size-large\"><img loading=\"lazy\" decoding=\"async\" width=\"1024\" height=\"461\" src=\"https:\/\/hospitalsagratcormartorell.org\/entre-tots\/wp-content\/uploads\/2024\/07\/foto-psicomotricitat-1024x461.jpg\" alt=\"\" class=\"wp-image-9554\" srcset=\"https:\/\/fundaciohospitalariesmartorell.org\/entre-tots\/wp-content\/uploads\/2024\/07\/foto-psicomotricitat-1024x461.jpg 1024w, https:\/\/fundaciohospitalariesmartorell.org\/entre-tots\/wp-content\/uploads\/2024\/07\/foto-psicomotricitat-300x135.jpg 300w, https:\/\/fundaciohospitalariesmartorell.org\/entre-tots\/wp-content\/uploads\/2024\/07\/foto-psicomotricitat-768x346.jpg 768w, https:\/\/fundaciohospitalariesmartorell.org\/entre-tots\/wp-content\/uploads\/2024\/07\/foto-psicomotricitat-1536x691.jpg 1536w, https:\/\/fundaciohospitalariesmartorell.org\/entre-tots\/wp-content\/uploads\/2024\/07\/foto-psicomotricitat-1320x594.jpg 1320w, https:\/\/fundaciohospitalariesmartorell.org\/entre-tots\/wp-content\/uploads\/2024\/07\/foto-psicomotricitat.jpg 1600w\" sizes=\"auto, (max-width: 1024px) 100vw, 1024px\" \/><\/figure>\n\n\n\n<p>El curs va concloure amb una \u00faltima sessi\u00f3 te\u00f2rica, novament a c\u00e0rrec del Dr. Manel S\u00e1nchez, en la qual es van abordar situacions complexes en psicogeriatria. En aquesta sessi\u00f3, es va plantejar com afrontar les s\u00edndromes psiqui\u00e0triques de maneig complex en hospitalitzaci\u00f3 no psiqui\u00e0trica, els dilemes \u00e8tics i legals associats, i la gesti\u00f3 de recursos en salut mental per a persones d\u2019edat avan\u00e7ada. Aquest enfocament integral va proporcionar als participants una comprensi\u00f3 m\u00e9s profunda dels desafiaments i les millors pr\u00e0ctiques en el maneig dels pacients psicogeri\u00e0trics.<\/p>\n","protected":false},"excerpt":{"rendered":"<p>Professionals de l\u2019Hospital Sagrat Cor van impartir un curs de formaci\u00f3 espec\u00edfica per al personal TCAI i DUI del Parc Sanitari Pere Virgili de Barcelona en el maneig del pacient psicogeri\u00e0tric. La formaci\u00f3 es va organitzar en tres sessions de sis hores cadascuna els dies 11, 18 i 25 de juny. Aquest curs va combinar [&hellip;]<\/p>\n","protected":false},"author":5,"featured_media":9553,"comment_status":"closed","ping_status":"closed","sticky":false,"template":"","format":"standard","meta":{"footnotes":""},"categories":[27],"tags":[],"class_list":["post-9551","post","type-post","status-publish","format-standard","has-post-thumbnail","hentry","category-actualitat"],"blocksy_meta":[],"featured_image_urls_v2":{"full":["https:\/\/fundaciohospitalariesmartorell.org\/entre-tots\/wp-content\/uploads\/2024\/07\/Foto-Esther-Romeguera-edited.png",1034,581,false],"thumbnail":["https:\/\/fundaciohospitalariesmartorell.org\/entre-tots\/wp-content\/uploads\/2024\/07\/Foto-Esther-Romeguera-edited-150x150.png",150,150,true],"medium":["https:\/\/fundaciohospitalariesmartorell.org\/entre-tots\/wp-content\/uploads\/2024\/07\/Foto-Esther-Romeguera-edited-300x169.png",300,169,true],"medium_large":["https:\/\/fundaciohospitalariesmartorell.org\/entre-tots\/wp-content\/uploads\/2024\/07\/Foto-Esther-Romeguera-edited-768x432.png",768,432,true],"large":["https:\/\/fundaciohospitalariesmartorell.org\/entre-tots\/wp-content\/uploads\/2024\/07\/Foto-Esther-Romeguera-edited-1024x575.png",1024,575,true],"1536x1536":["https:\/\/fundaciohospitalariesmartorell.org\/entre-tots\/wp-content\/uploads\/2024\/07\/Foto-Esther-Romeguera-edited.png",1034,581,false],"2048x2048":["https:\/\/fundaciohospitalariesmartorell.org\/entre-tots\/wp-content\/uploads\/2024\/07\/Foto-Esther-Romeguera-edited.png",1034,581,false],"mailpoet_newsletter_max":["https:\/\/fundaciohospitalariesmartorell.org\/entre-tots\/wp-content\/uploads\/2024\/07\/Foto-Esther-Romeguera-edited.png",1034,581,false]},"post_excerpt_stackable_v2":"<p>Professionals de l\u2019Hospital Sagrat Cor van impartir un curs de formaci\u00f3 espec\u00edfica per al personal TCAI i DUI del Parc Sanitari Pere Virgili de Barcelona en el maneig del pacient psicogeri\u00e0tric. La formaci\u00f3 es va organitzar en tres sessions de sis hores cadascuna els dies 11, 18 i 25 de juny. Aquest curs va combinar continguts te\u00f2rics i pr\u00e0ctics, comptant amb la participaci\u00f3 de 50 persones que van mostrar un gran inter\u00e8s pels temes tractats i van ser altament participatives en el desenvolupament de totes les sessions. El Dr. Manel S\u00e1nchez, coordinador de la Unitat de Psiquiatria Geri\u00e0trica del nostre&hellip;<\/p>\n","category_list_v2":"<a href=\"https:\/\/fundaciohospitalariesmartorell.org\/entre-tots\/category\/actualitat\/\" rel=\"category tag\">ACTUALITAT<\/a>","author_info_v2":{"name":"Alba Felip","url":"https:\/\/fundaciohospitalariesmartorell.org\/entre-tots\/author\/afelipr\/"},"comments_num_v2":"0 comments","_links":{"self":[{"href":"https:\/\/fundaciohospitalariesmartorell.org\/entre-tots\/wp-json\/wp\/v2\/posts\/9551","targetHints":{"allow":["GET"]}}],"collection":[{"href":"https:\/\/fundaciohospitalariesmartorell.org\/entre-tots\/wp-json\/wp\/v2\/posts"}],"about":[{"href":"https:\/\/fundaciohospitalariesmartorell.org\/entre-tots\/wp-json\/wp\/v2\/types\/post"}],"author":[{"embeddable":true,"href":"https:\/\/fundaciohospitalariesmartorell.org\/entre-tots\/wp-json\/wp\/v2\/users\/5"}],"replies":[{"embeddable":true,"href":"https:\/\/fundaciohospitalariesmartorell.org\/entre-tots\/wp-json\/wp\/v2\/comments?post=9551"}],"version-history":[{"count":5,"href":"https:\/\/fundaciohospitalariesmartorell.org\/entre-tots\/wp-json\/wp\/v2\/posts\/9551\/revisions"}],"predecessor-version":[{"id":9559,"href":"https:\/\/fundaciohospitalariesmartorell.org\/entre-tots\/wp-json\/wp\/v2\/posts\/9551\/revisions\/9559"}],"wp:featuredmedia":[{"embeddable":true,"href":"https:\/\/fundaciohospitalariesmartorell.org\/entre-tots\/wp-json\/wp\/v2\/media\/9553"}],"wp:attachment":[{"href":"https:\/\/fundaciohospitalariesmartorell.org\/entre-tots\/wp-json\/wp\/v2\/media?parent=9551"}],"wp:term":[{"taxonomy":"category","embeddable":true,"href":"https:\/\/fundaciohospitalariesmartorell.org\/entre-tots\/wp-json\/wp\/v2\/categories?post=9551"},{"taxonomy":"post_tag","embeddable":true,"href":"https:\/\/fundaciohospitalariesmartorell.org\/entre-tots\/wp-json\/wp\/v2\/tags?post=9551"}],"curies":[{"name":"wp","href":"https:\/\/api.w.org\/{rel}","templated":true}]}}