{"id":9561,"date":"2024-07-04T12:39:37","date_gmt":"2024-07-04T11:39:37","guid":{"rendered":"https:\/\/hospitalsagratcormartorell.org\/entre-tots\/?p=9561"},"modified":"2024-07-04T12:39:38","modified_gmt":"2024-07-04T11:39:38","slug":"v-curs-datencio-i-intervencio-multidisciplinaria-en-demencia","status":"publish","type":"post","link":"https:\/\/fundaciohospitalariesmartorell.org\/entre-tots\/2024\/07\/v-curs-datencio-i-intervencio-multidisciplinaria-en-demencia\/","title":{"rendered":"V Curs\u00a0d&#8217;Atenci\u00f3\u00a0i intervenci\u00f3 multidisciplin\u00e0ria en dem\u00e8ncia"},"content":{"rendered":"\n<figure class=\"wp-block-image size-large\"><img loading=\"lazy\" decoding=\"async\" width=\"1600\" height=\"900\" src=\"https:\/\/hospitalsagratcormartorell.org\/entre-tots\/wp-content\/uploads\/2024\/07\/Manel-Sanchez-Granada-edited.jpg\" alt=\"\" class=\"wp-image-9563\" srcset=\"https:\/\/fundaciohospitalariesmartorell.org\/entre-tots\/wp-content\/uploads\/2024\/07\/Manel-Sanchez-Granada-edited.jpg 1600w, https:\/\/fundaciohospitalariesmartorell.org\/entre-tots\/wp-content\/uploads\/2024\/07\/Manel-Sanchez-Granada-edited-300x169.jpg 300w, https:\/\/fundaciohospitalariesmartorell.org\/entre-tots\/wp-content\/uploads\/2024\/07\/Manel-Sanchez-Granada-edited-1024x576.jpg 1024w, https:\/\/fundaciohospitalariesmartorell.org\/entre-tots\/wp-content\/uploads\/2024\/07\/Manel-Sanchez-Granada-edited-768x432.jpg 768w, https:\/\/fundaciohospitalariesmartorell.org\/entre-tots\/wp-content\/uploads\/2024\/07\/Manel-Sanchez-Granada-edited-1536x864.jpg 1536w, https:\/\/fundaciohospitalariesmartorell.org\/entre-tots\/wp-content\/uploads\/2024\/07\/Manel-Sanchez-Granada-edited-1320x743.jpg 1320w\" sizes=\"auto, (max-width: 1600px) 100vw, 1600px\" \/><\/figure>\n\n\n\n<p>El passat 28 de juny, la facultat de medicina de la Universitat de Granada va acollir el &#8220;V Curs\u00a0d&#8217;Atenci\u00f3\u00a0i intervenci\u00f3 multidisciplin\u00e0ria en dem\u00e8ncia&#8221;, organitzat per la Societat Espanyola de Psicogeriatria (SEPG). L&#8217;esdeveniment va comptar amb la participaci\u00f3 de m\u00e9s de 170 professionals de tot el pa\u00eds, aix\u00ed com d&#8217;Am\u00e8rica Llatina i altres pa\u00efsos d&#8217;Europa, en un format h\u00edbrid que va permetre l&#8217;assist\u00e8ncia\u00a0tan\u00a0presencial com en l\u00ednia.<\/p>\n\n\n\n<p>Aquesta cinquena edici\u00f3 del curs, que ja s&#8217;ha celebrat anteriorment a Valladolid, Vigo, Barcelona, Madrid i ara Granada, t\u00e9 com a objectiu actualitzar els coneixements te\u00f2rics i pr\u00e0ctics sobre la dem\u00e8ncia, una de les malalties amb major impacte poblacional en l&#8217;actualitat.<\/p>\n\n\n\n<p>El Dr. Manel S\u00e1nchez, director de l&#8217;\u00c0rea de Gesti\u00f3 del Coneixement de l&#8217;Hospital Sagrat Cor i coordinador de la Unitat de Psiquiatria Geri\u00e0trica del centre, i actual president de la\u00a0SEPG, va participar en el curs amb una pon\u00e8ncia sobre els &#8220;Estats de lucidesa paradoxal en pacients amb dem\u00e8ncia avan\u00e7ada&#8221;. La seva intervenci\u00f3 va tractar sobre els episodis de lucidesa inexplicable que ocasionalment es poden observar en pacients amb deteriorament cognitiu molt avan\u00e7at.<\/p>\n","protected":false},"excerpt":{"rendered":"<p>El passat 28 de juny, la facultat de medicina de la Universitat de Granada va acollir el &#8220;V Curs\u00a0d&#8217;Atenci\u00f3\u00a0i intervenci\u00f3 multidisciplin\u00e0ria en dem\u00e8ncia&#8221;, organitzat per la Societat Espanyola de Psicogeriatria (SEPG). L&#8217;esdeveniment va comptar amb la participaci\u00f3 de m\u00e9s de 170 professionals de tot el pa\u00eds, aix\u00ed com d&#8217;Am\u00e8rica Llatina i altres pa\u00efsos d&#8217;Europa, en [&hellip;]<\/p>\n","protected":false},"author":5,"featured_media":9563,"comment_status":"closed","ping_status":"closed","sticky":false,"template":"","format":"standard","meta":{"footnotes":""},"categories":[27],"tags":[],"class_list":["post-9561","post","type-post","status-publish","format-standard","has-post-thumbnail","hentry","category-actualitat"],"blocksy_meta":[],"featured_image_urls_v2":{"full":["https:\/\/fundaciohospitalariesmartorell.org\/entre-tots\/wp-content\/uploads\/2024\/07\/Manel-Sanchez-Granada-edited.jpg",1600,900,false],"thumbnail":["https:\/\/fundaciohospitalariesmartorell.org\/entre-tots\/wp-content\/uploads\/2024\/07\/Manel-Sanchez-Granada-edited-150x150.jpg",150,150,true],"medium":["https:\/\/fundaciohospitalariesmartorell.org\/entre-tots\/wp-content\/uploads\/2024\/07\/Manel-Sanchez-Granada-edited-300x169.jpg",300,169,true],"medium_large":["https:\/\/fundaciohospitalariesmartorell.org\/entre-tots\/wp-content\/uploads\/2024\/07\/Manel-Sanchez-Granada-edited-768x432.jpg",768,432,true],"large":["https:\/\/fundaciohospitalariesmartorell.org\/entre-tots\/wp-content\/uploads\/2024\/07\/Manel-Sanchez-Granada-edited-1024x576.jpg",1024,576,true],"1536x1536":["https:\/\/fundaciohospitalariesmartorell.org\/entre-tots\/wp-content\/uploads\/2024\/07\/Manel-Sanchez-Granada-edited-1536x864.jpg",1536,864,true],"2048x2048":["https:\/\/fundaciohospitalariesmartorell.org\/entre-tots\/wp-content\/uploads\/2024\/07\/Manel-Sanchez-Granada-edited.jpg",1600,900,false],"mailpoet_newsletter_max":["https:\/\/fundaciohospitalariesmartorell.org\/entre-tots\/wp-content\/uploads\/2024\/07\/Manel-Sanchez-Granada-edited-1320x743.jpg",1320,743,true]},"post_excerpt_stackable_v2":"<p>El passat 28 de juny, la facultat de medicina de la Universitat de Granada va acollir el &#8220;V Curs\u00a0d&#8217;Atenci\u00f3\u00a0i intervenci\u00f3 multidisciplin\u00e0ria en dem\u00e8ncia&#8221;, organitzat per la Societat Espanyola de Psicogeriatria (SEPG). L&#8217;esdeveniment va comptar amb la participaci\u00f3 de m\u00e9s de 170 professionals de tot el pa\u00eds, aix\u00ed com d&#8217;Am\u00e8rica Llatina i altres pa\u00efsos d&#8217;Europa, en un format h\u00edbrid que va permetre l&#8217;assist\u00e8ncia\u00a0tan\u00a0presencial com en l\u00ednia. Aquesta cinquena edici\u00f3 del curs, que ja s&#8217;ha celebrat anteriorment a Valladolid, Vigo, Barcelona, Madrid i ara Granada, t\u00e9 com a objectiu actualitzar els coneixements te\u00f2rics i pr\u00e0ctics sobre la dem\u00e8ncia, una de les malalties&hellip;<\/p>\n","category_list_v2":"<a href=\"https:\/\/fundaciohospitalariesmartorell.org\/entre-tots\/category\/actualitat\/\" rel=\"category tag\">ACTUALITAT<\/a>","author_info_v2":{"name":"Alba Felip","url":"https:\/\/fundaciohospitalariesmartorell.org\/entre-tots\/author\/afelipr\/"},"comments_num_v2":"0 comments","_links":{"self":[{"href":"https:\/\/fundaciohospitalariesmartorell.org\/entre-tots\/wp-json\/wp\/v2\/posts\/9561","targetHints":{"allow":["GET"]}}],"collection":[{"href":"https:\/\/fundaciohospitalariesmartorell.org\/entre-tots\/wp-json\/wp\/v2\/posts"}],"about":[{"href":"https:\/\/fundaciohospitalariesmartorell.org\/entre-tots\/wp-json\/wp\/v2\/types\/post"}],"author":[{"embeddable":true,"href":"https:\/\/fundaciohospitalariesmartorell.org\/entre-tots\/wp-json\/wp\/v2\/users\/5"}],"replies":[{"embeddable":true,"href":"https:\/\/fundaciohospitalariesmartorell.org\/entre-tots\/wp-json\/wp\/v2\/comments?post=9561"}],"version-history":[{"count":1,"href":"https:\/\/fundaciohospitalariesmartorell.org\/entre-tots\/wp-json\/wp\/v2\/posts\/9561\/revisions"}],"predecessor-version":[{"id":9564,"href":"https:\/\/fundaciohospitalariesmartorell.org\/entre-tots\/wp-json\/wp\/v2\/posts\/9561\/revisions\/9564"}],"wp:featuredmedia":[{"embeddable":true,"href":"https:\/\/fundaciohospitalariesmartorell.org\/entre-tots\/wp-json\/wp\/v2\/media\/9563"}],"wp:attachment":[{"href":"https:\/\/fundaciohospitalariesmartorell.org\/entre-tots\/wp-json\/wp\/v2\/media?parent=9561"}],"wp:term":[{"taxonomy":"category","embeddable":true,"href":"https:\/\/fundaciohospitalariesmartorell.org\/entre-tots\/wp-json\/wp\/v2\/categories?post=9561"},{"taxonomy":"post_tag","embeddable":true,"href":"https:\/\/fundaciohospitalariesmartorell.org\/entre-tots\/wp-json\/wp\/v2\/tags?post=9561"}],"curies":[{"name":"wp","href":"https:\/\/api.w.org\/{rel}","templated":true}]}}