{"id":9566,"date":"2024-07-08T10:48:35","date_gmt":"2024-07-08T09:48:35","guid":{"rendered":"https:\/\/hospitalsagratcormartorell.org\/entre-tots\/?p=9566"},"modified":"2024-07-22T10:19:21","modified_gmt":"2024-07-22T09:19:21","slug":"no-hi-ha-evidencia-de-deteriorament-cognitiu-segons-la-gravetat-de-la-infeccio-postcovid-19","status":"publish","type":"post","link":"https:\/\/fundaciohospitalariesmartorell.org\/entre-tots\/2024\/07\/no-hi-ha-evidencia-de-deteriorament-cognitiu-segons-la-gravetat-de-la-infeccio-postcovid-19\/","title":{"rendered":"No hi ha evid\u00e8ncia de deteriorament cognitiu segons la gravetat de la infecci\u00f3 postcovid-19"},"content":{"rendered":"\n<figure class=\"wp-block-image size-large\"><img loading=\"lazy\" decoding=\"async\" width=\"1024\" height=\"574\" src=\"https:\/\/hospitalsagratcormartorell.org\/entre-tots\/wp-content\/uploads\/2024\/07\/Single-virion-with-no-background-1024x574.png\" alt=\"\" class=\"wp-image-9567\" srcset=\"https:\/\/fundaciohospitalariesmartorell.org\/entre-tots\/wp-content\/uploads\/2024\/07\/Single-virion-with-no-background-1024x574.png 1024w, https:\/\/fundaciohospitalariesmartorell.org\/entre-tots\/wp-content\/uploads\/2024\/07\/Single-virion-with-no-background-300x168.png 300w, https:\/\/fundaciohospitalariesmartorell.org\/entre-tots\/wp-content\/uploads\/2024\/07\/Single-virion-with-no-background-768x430.png 768w, https:\/\/fundaciohospitalariesmartorell.org\/entre-tots\/wp-content\/uploads\/2024\/07\/Single-virion-with-no-background.png 1160w\" sizes=\"auto, (max-width: 1024px) 100vw, 1024px\" \/><\/figure>\n\n\n\n<p>M\u00e9s de quatre anys despr\u00e9s de l\u2019inici de la pand\u00e8mia de covid-19, les evid\u00e8ncies creixents mostren els efectes que ha tingut el virus sobre les funcions neurocognitives i neuropsiqui\u00e0triques. Un estudi publicat a la revista <a href=\"https:\/\/www.mdpi.com\/2076-3425\/14\/6\/604\"><em>Brain Sciences<\/em><\/a> en el qual va participar el Dr. Juan Carlos Cejudo, coordinador de la Unitat de Deteriorament Cognitiu i Dem\u00e8ncies de l\u2019Hospital Sagrat Cor, va voler aprofundir en aquestes q\u00fcestions.<\/p>\n\n\n\n<p>L\u2019estudi, que es va fer a l\u2019Hospital M\u00fatua Terrassa i en el qual tamb\u00e9 va col\u00b7laborar el Departament de Ci\u00e8ncies de la Vida John Dalton de la Manchester Metropolitan University, ha caracteritzat el perfil cognitiu dels pacients amb covid-19 de llarga durada, investigant la seva possible relaci\u00f3 amb s\u00edmptomes cl\u00ednics, pertorbacions emocionals, biomarcadors i la gravetat de la malaltia. La investigaci\u00f3, de tipus longitudinal i feta amb una cohort \u00fanica, va incloure subjectes de 20 a 60 anys amb infecci\u00f3 confirmada per covid-19, avaluats sis mesos despr\u00e9s de l\u2019alta hospital\u00e0ria o l&#8217;atenci\u00f3 domicili\u00e0ria.<\/p>\n\n\n\n<p>Un total de 108 participants es van incloure en l&#8217;estudi, amb una majoria de 64 homes (59,25%) i una edat mitjana de 49,10 anys. Segons la gravetat de la malaltia, els pacients es van classificar en quatre grups: no hospitalitzats, hospitalitzats sense necessitat de cures intensives, hospitalitzats sense necessitat de cures intensives per\u00f2 amb ter\u00e0pia d&#8217;oxigen, i pacients ingressats a cures intensives.<\/p>\n\n\n\n<p>Els resultats de l&#8217;estudi van mostrar que un 35,18 % dels participants van informar de queixes cognitives subjectives (SCC). No es van trobar difer\u00e8ncies significatives en la gravetat de la malaltia entre els diferents grups. Les dones van presentar m\u00e9s s\u00edmptomes cl\u00ednics persistents i SCC que els homes. La persist\u00e8ncia de la dispnea i el mal de cap es van associar amb puntuacions m\u00e9s altes d&#8217;ansietat i depressi\u00f3. La fatiga persistent, l&#8217;ansietat i la depressi\u00f3 es van relacionar amb un pitjor rendiment cognitiu global.<\/p>\n\n\n\n<p>En conclusi\u00f3, l&#8217;estudi no va trobar evid\u00e8ncia de deteriorament cognitiu segons la gravetat de la infecci\u00f3 postcovid-19. Les queixes cognitives no es van associar amb un pitjor rendiment cognitiu, sin\u00f3 amb m\u00e9s prevalen\u00e7a d&#8217;ansietat i depressi\u00f3. La persist\u00e8ncia de s\u00edmptomes cl\u00ednics va ser freq\u00fcent independentment de la gravetat de la malaltia. La fatiga, l&#8217;ansietat i la depressi\u00f3 es van vincular amb un funcionament cognitiu m\u00e9s precari. Les proves d&#8217;atenci\u00f3, velocitat de processament i funci\u00f3 executiva van ser les m\u00e9s sensibles per detectar canvis cognitius en aquests pacients.<\/p>\n","protected":false},"excerpt":{"rendered":"<p>M\u00e9s de quatre anys despr\u00e9s de l\u2019inici de la pand\u00e8mia de covid-19, les evid\u00e8ncies creixents mostren els efectes que ha tingut el virus sobre les funcions neurocognitives i neuropsiqui\u00e0triques. Un estudi publicat a la revista Brain Sciences en el qual va participar el Dr. Juan Carlos Cejudo, coordinador de la Unitat de Deteriorament Cognitiu i [&hellip;]<\/p>\n","protected":false},"author":5,"featured_media":9567,"comment_status":"closed","ping_status":"closed","sticky":false,"template":"","format":"standard","meta":{"footnotes":""},"categories":[27],"tags":[],"class_list":["post-9566","post","type-post","status-publish","format-standard","has-post-thumbnail","hentry","category-actualitat"],"blocksy_meta":[],"featured_image_urls_v2":{"full":["https:\/\/fundaciohospitalariesmartorell.org\/entre-tots\/wp-content\/uploads\/2024\/07\/Single-virion-with-no-background.png",1160,650,false],"thumbnail":["https:\/\/fundaciohospitalariesmartorell.org\/entre-tots\/wp-content\/uploads\/2024\/07\/Single-virion-with-no-background-150x150.png",150,150,true],"medium":["https:\/\/fundaciohospitalariesmartorell.org\/entre-tots\/wp-content\/uploads\/2024\/07\/Single-virion-with-no-background-300x168.png",300,168,true],"medium_large":["https:\/\/fundaciohospitalariesmartorell.org\/entre-tots\/wp-content\/uploads\/2024\/07\/Single-virion-with-no-background-768x430.png",768,430,true],"large":["https:\/\/fundaciohospitalariesmartorell.org\/entre-tots\/wp-content\/uploads\/2024\/07\/Single-virion-with-no-background-1024x574.png",1024,574,true],"1536x1536":["https:\/\/fundaciohospitalariesmartorell.org\/entre-tots\/wp-content\/uploads\/2024\/07\/Single-virion-with-no-background.png",1160,650,false],"2048x2048":["https:\/\/fundaciohospitalariesmartorell.org\/entre-tots\/wp-content\/uploads\/2024\/07\/Single-virion-with-no-background.png",1160,650,false],"mailpoet_newsletter_max":["https:\/\/fundaciohospitalariesmartorell.org\/entre-tots\/wp-content\/uploads\/2024\/07\/Single-virion-with-no-background.png",1160,650,false]},"post_excerpt_stackable_v2":"<p>M\u00e9s de quatre anys despr\u00e9s de l\u2019inici de la pand\u00e8mia de covid-19, les evid\u00e8ncies creixents mostren els efectes que ha tingut el virus sobre les funcions neurocognitives i neuropsiqui\u00e0triques. Un estudi publicat a la revista Brain Sciences en el qual va participar el Dr. Juan Carlos Cejudo, coordinador de la Unitat de Deteriorament Cognitiu i Dem\u00e8ncies de l\u2019Hospital Sagrat Cor, va voler aprofundir en aquestes q\u00fcestions. L\u2019estudi, que es va fer a l\u2019Hospital M\u00fatua Terrassa i en el qual tamb\u00e9 va col\u00b7laborar el Departament de Ci\u00e8ncies de la Vida John Dalton de la Manchester Metropolitan University, ha caracteritzat el perfil&hellip;<\/p>\n","category_list_v2":"<a href=\"https:\/\/fundaciohospitalariesmartorell.org\/entre-tots\/category\/actualitat\/\" rel=\"category tag\">ACTUALITAT<\/a>","author_info_v2":{"name":"Alba Felip","url":"https:\/\/fundaciohospitalariesmartorell.org\/entre-tots\/author\/afelipr\/"},"comments_num_v2":"0 comments","_links":{"self":[{"href":"https:\/\/fundaciohospitalariesmartorell.org\/entre-tots\/wp-json\/wp\/v2\/posts\/9566","targetHints":{"allow":["GET"]}}],"collection":[{"href":"https:\/\/fundaciohospitalariesmartorell.org\/entre-tots\/wp-json\/wp\/v2\/posts"}],"about":[{"href":"https:\/\/fundaciohospitalariesmartorell.org\/entre-tots\/wp-json\/wp\/v2\/types\/post"}],"author":[{"embeddable":true,"href":"https:\/\/fundaciohospitalariesmartorell.org\/entre-tots\/wp-json\/wp\/v2\/users\/5"}],"replies":[{"embeddable":true,"href":"https:\/\/fundaciohospitalariesmartorell.org\/entre-tots\/wp-json\/wp\/v2\/comments?post=9566"}],"version-history":[{"count":3,"href":"https:\/\/fundaciohospitalariesmartorell.org\/entre-tots\/wp-json\/wp\/v2\/posts\/9566\/revisions"}],"predecessor-version":[{"id":9628,"href":"https:\/\/fundaciohospitalariesmartorell.org\/entre-tots\/wp-json\/wp\/v2\/posts\/9566\/revisions\/9628"}],"wp:featuredmedia":[{"embeddable":true,"href":"https:\/\/fundaciohospitalariesmartorell.org\/entre-tots\/wp-json\/wp\/v2\/media\/9567"}],"wp:attachment":[{"href":"https:\/\/fundaciohospitalariesmartorell.org\/entre-tots\/wp-json\/wp\/v2\/media?parent=9566"}],"wp:term":[{"taxonomy":"category","embeddable":true,"href":"https:\/\/fundaciohospitalariesmartorell.org\/entre-tots\/wp-json\/wp\/v2\/categories?post=9566"},{"taxonomy":"post_tag","embeddable":true,"href":"https:\/\/fundaciohospitalariesmartorell.org\/entre-tots\/wp-json\/wp\/v2\/tags?post=9566"}],"curies":[{"name":"wp","href":"https:\/\/api.w.org\/{rel}","templated":true}]}}