{"id":9577,"date":"2024-07-12T10:03:25","date_gmt":"2024-07-12T09:03:25","guid":{"rendered":"https:\/\/hospitalsagratcormartorell.org\/entre-tots\/?p=9577"},"modified":"2024-07-16T09:19:09","modified_gmt":"2024-07-16T08:19:09","slug":"el-mati-de-catalunya-radio-parla-de-la-nova-unitat-de-tca","status":"publish","type":"post","link":"https:\/\/fundaciohospitalariesmartorell.org\/entre-tots\/2024\/07\/el-mati-de-catalunya-radio-parla-de-la-nova-unitat-de-tca\/","title":{"rendered":"\u2018El mat\u00ed de Catalunya R\u00e0dio\u2019 parla de la nova Unitat de TCA"},"content":{"rendered":"\n<figure class=\"wp-block-image size-large\"><a href=\"https:\/\/www.ccma.cat\/3cat\/laia-jo-em-pensava-que-el-problema-eren-el-menjar-i-el-meu-cos-i-nomes-era-la-punta-de-liceberg\/audio\/1213860\/\"><img loading=\"lazy\" decoding=\"async\" width=\"1024\" height=\"476\" src=\"https:\/\/hospitalsagratcormartorell.org\/entre-tots\/wp-content\/uploads\/2024\/07\/Captura-de-pantalla-2024-07-12-a-las-11.02.33-1024x476.png\" alt=\"\" class=\"wp-image-9578\" srcset=\"https:\/\/fundaciohospitalariesmartorell.org\/entre-tots\/wp-content\/uploads\/2024\/07\/Captura-de-pantalla-2024-07-12-a-las-11.02.33-1024x476.png 1024w, https:\/\/fundaciohospitalariesmartorell.org\/entre-tots\/wp-content\/uploads\/2024\/07\/Captura-de-pantalla-2024-07-12-a-las-11.02.33-300x139.png 300w, https:\/\/fundaciohospitalariesmartorell.org\/entre-tots\/wp-content\/uploads\/2024\/07\/Captura-de-pantalla-2024-07-12-a-las-11.02.33-768x357.png 768w, https:\/\/fundaciohospitalariesmartorell.org\/entre-tots\/wp-content\/uploads\/2024\/07\/Captura-de-pantalla-2024-07-12-a-las-11.02.33-1536x713.png 1536w, https:\/\/fundaciohospitalariesmartorell.org\/entre-tots\/wp-content\/uploads\/2024\/07\/Captura-de-pantalla-2024-07-12-a-las-11.02.33-1320x613.png 1320w, https:\/\/fundaciohospitalariesmartorell.org\/entre-tots\/wp-content\/uploads\/2024\/07\/Captura-de-pantalla-2024-07-12-a-las-11.02.33.png 1908w\" sizes=\"auto, (max-width: 1024px) 100vw, 1024px\" \/><\/a><\/figure>\n\n\n\n<p>Al programa <em>El mat\u00ed de Catalunya R\u00e0dio<\/em> del passat 10 de juliol van parlar dels trastorns de la conducta aliment\u00e0ria (TCA) en edat adulta. Per aix\u00f2 van entrevistar la Dra. Nuria Jaurrieta, coordinadora de la Unitat de TCA de l\u2019Hospital Sagrat Cor-Bellvitge, la primera unitat d\u2019Espanya per tractar poblaci\u00f3 adulta amb TCA d\u2019alta complexitat i de llarga durada, i la Laia, una pacient.<\/p>\n\n\n\n<p>Podeu escoltar l&#8217;entrevista en <a href=\"https:\/\/www.ccma.cat\/3cat\/laia-jo-em-pensava-que-el-problema-eren-el-menjar-i-el-meu-cos-i-nomes-era-la-punta-de-liceberg\/audio\/1213860\/\">aquest enlla\u00e7<\/a>.<\/p>\n","protected":false},"excerpt":{"rendered":"<p>Al programa El mat\u00ed de Catalunya R\u00e0dio del passat 10 de juliol van parlar dels trastorns de la conducta aliment\u00e0ria (TCA) en edat adulta. Per aix\u00f2 van entrevistar la Dra. Nuria Jaurrieta, coordinadora de la Unitat de TCA de l\u2019Hospital Sagrat Cor-Bellvitge, la primera unitat d\u2019Espanya per tractar poblaci\u00f3 adulta amb TCA d\u2019alta complexitat i [&hellip;]<\/p>\n","protected":false},"author":5,"featured_media":0,"comment_status":"closed","ping_status":"closed","sticky":false,"template":"","format":"standard","meta":{"footnotes":""},"categories":[44],"tags":[49,50,51,46],"class_list":["post-9577","post","type-post","status-publish","format-standard","hentry","category-entre-noticies","tag-catalunya-radio","tag-entrevista","tag-nuria-jaurrieta","tag-tca"],"blocksy_meta":[],"featured_image_urls_v2":{"full":"","thumbnail":"","medium":"","medium_large":"","large":"","1536x1536":"","2048x2048":"","mailpoet_newsletter_max":""},"post_excerpt_stackable_v2":"<p>Al programa El mat\u00ed de Catalunya R\u00e0dio del passat 10 de juliol van parlar dels trastorns de la conducta aliment\u00e0ria (TCA) en edat adulta. Per aix\u00f2 van entrevistar la Dra. Nuria Jaurrieta, coordinadora de la Unitat de TCA de l\u2019Hospital Sagrat Cor-Bellvitge, la primera unitat d\u2019Espanya per tractar poblaci\u00f3 adulta amb TCA d\u2019alta complexitat i de llarga durada, i la Laia, una pacient. Podeu escoltar l&#8217;entrevista en aquest enlla\u00e7.<\/p>\n","category_list_v2":"<a href=\"https:\/\/fundaciohospitalariesmartorell.org\/entre-tots\/category\/entre-noticies\/\" rel=\"category tag\">ENTRE NOT\u00cdCIES<\/a>","author_info_v2":{"name":"Alba Felip","url":"https:\/\/fundaciohospitalariesmartorell.org\/entre-tots\/author\/afelipr\/"},"comments_num_v2":"0 comments","_links":{"self":[{"href":"https:\/\/fundaciohospitalariesmartorell.org\/entre-tots\/wp-json\/wp\/v2\/posts\/9577","targetHints":{"allow":["GET"]}}],"collection":[{"href":"https:\/\/fundaciohospitalariesmartorell.org\/entre-tots\/wp-json\/wp\/v2\/posts"}],"about":[{"href":"https:\/\/fundaciohospitalariesmartorell.org\/entre-tots\/wp-json\/wp\/v2\/types\/post"}],"author":[{"embeddable":true,"href":"https:\/\/fundaciohospitalariesmartorell.org\/entre-tots\/wp-json\/wp\/v2\/users\/5"}],"replies":[{"embeddable":true,"href":"https:\/\/fundaciohospitalariesmartorell.org\/entre-tots\/wp-json\/wp\/v2\/comments?post=9577"}],"version-history":[{"count":2,"href":"https:\/\/fundaciohospitalariesmartorell.org\/entre-tots\/wp-json\/wp\/v2\/posts\/9577\/revisions"}],"predecessor-version":[{"id":9607,"href":"https:\/\/fundaciohospitalariesmartorell.org\/entre-tots\/wp-json\/wp\/v2\/posts\/9577\/revisions\/9607"}],"wp:attachment":[{"href":"https:\/\/fundaciohospitalariesmartorell.org\/entre-tots\/wp-json\/wp\/v2\/media?parent=9577"}],"wp:term":[{"taxonomy":"category","embeddable":true,"href":"https:\/\/fundaciohospitalariesmartorell.org\/entre-tots\/wp-json\/wp\/v2\/categories?post=9577"},{"taxonomy":"post_tag","embeddable":true,"href":"https:\/\/fundaciohospitalariesmartorell.org\/entre-tots\/wp-json\/wp\/v2\/tags?post=9577"}],"curies":[{"name":"wp","href":"https:\/\/api.w.org\/{rel}","templated":true}]}}