{"id":9580,"date":"2024-07-15T09:04:37","date_gmt":"2024-07-15T08:04:37","guid":{"rendered":"https:\/\/hospitalsagratcormartorell.org\/entre-tots\/?p=9580"},"modified":"2024-07-22T07:49:19","modified_gmt":"2024-07-22T06:49:19","slug":"com-abordar-el-diagnostic-dun-familiar-amb-demencia","status":"publish","type":"post","link":"https:\/\/fundaciohospitalariesmartorell.org\/entre-tots\/2024\/07\/com-abordar-el-diagnostic-dun-familiar-amb-demencia\/","title":{"rendered":"Com abordar el diagn\u00f2stic d&#8217;un familiar amb dem\u00e8ncia?"},"content":{"rendered":"\n<h4 class=\"wp-block-heading has-26-font-size\"><strong>L&#8217;Hospital Sagrat Cor inicia trobades peri\u00f2diques amb\u00a0familiars de pacients diagnosticats amb dem\u00e8ncia<\/strong><\/h4>\n\n\n\n<p>Ser pacients i tenir bon humor, establir i mantenir rutines, evitar els enfrontaments, ser capa\u00e7os d&#8217;adaptar-se i cuidar-se a si mateixos. Aquests van ser alguns consells que es van endur a casa la&nbsp;quarantena&nbsp;de familiars que van participar el passat 9 de juliol en la primera trobada per a familiars de pacients diagnosticats amb dem\u00e8ncia. La iniciativa, impulsada per l&#8217;Equip d&#8217;Atenci\u00f3 Integral als Trastorns Cognitius de l&#8217;Hospital Sagrat Cor, t\u00e9 com a objectiu oferir informaci\u00f3 pr\u00e0ctica sobre el maneig, el tractament, el diagn\u00f2stic i els trastorns de conducta que poden derivar-se a conseq\u00fc\u00e8ncia de l&#8217;evoluci\u00f3 de la malaltia.<\/p>\n\n\n\n<figure class=\"wp-block-image size-large\"><img loading=\"lazy\" decoding=\"async\" width=\"1260\" height=\"709\" src=\"https:\/\/hospitalsagratcormartorell.org\/entre-tots\/wp-content\/uploads\/2024\/07\/20240709_105640-edited.jpg\" alt=\"\" class=\"wp-image-9585\" srcset=\"https:\/\/fundaciohospitalariesmartorell.org\/entre-tots\/wp-content\/uploads\/2024\/07\/20240709_105640-edited.jpg 1260w, https:\/\/fundaciohospitalariesmartorell.org\/entre-tots\/wp-content\/uploads\/2024\/07\/20240709_105640-edited-300x169.jpg 300w, https:\/\/fundaciohospitalariesmartorell.org\/entre-tots\/wp-content\/uploads\/2024\/07\/20240709_105640-edited-1024x576.jpg 1024w, https:\/\/fundaciohospitalariesmartorell.org\/entre-tots\/wp-content\/uploads\/2024\/07\/20240709_105640-edited-768x432.jpg 768w\" sizes=\"auto, (max-width: 1260px) 100vw, 1260px\" \/><\/figure>\n\n\n\n<p>En la primera part de la sessi\u00f3 informativa, el Dr.\u00a0Luis\u00a0Gil, neur\u00f2leg, va explicar els diferents tipus de dem\u00e8ncia i la seva possible evoluci\u00f3, des de l&#8217;Alzheimer, que representa el 70% dels casos, fins a la dem\u00e8ncia vascular, la dem\u00e8ncia frontotemporal, la dem\u00e8ncia amb cossos de Lewy, i la dem\u00e8ncia mixta, entre d&#8217;altres. El Dr. Gil va concloure que cadascuna d&#8217;elles, amb les seves pr\u00f2pies caracter\u00edstiques i causes, impacta significativament sobre la vida dels pacients i els seus cuidadors, i que con\u00e8ixer-les \u00e9s essencial per poder-les gestionar adequadament.<\/p>\n\n\n\n<h5 class=\"wp-block-heading\">Informaci\u00f3 pr\u00e0ctica per gestionar el deteriorament cognitiu a casa<\/h5>\n\n\n\n<p>Per la seva banda, la neuropsic\u00f2loga Francesca Amores va abordar com gestionar el deteriorament cognitiu a casa, tant des\u00a0del vessant m\u00e9s pr\u00e0ctic\u00a0de l&#8217;adaptaci\u00f3 dels espais, fins a l&#8217;estimulaci\u00f3 del pacient al domicili o la gesti\u00f3 d&#8217;aquells episodis que tenen a veure amb les alteracions psicol\u00f2giques que poden desenvolupar-se en el dia a dia.<\/p>\n\n\n\n<p>D&#8217;entrada, la Dra. Amores va explicar com adaptar l&#8217;entorn i quines mesures de seguretat i prevenci\u00f3 de riscos cal prendre, com ara evitar que el familiar ensopegui i es faci mal, posant barreres a les escales o traient del seu abast objectes perillosos. Tamb\u00e9 va oferir consells pr\u00e0ctics per simplificar l&#8217;entorn, reduint els\u00a0requisits\u00a0cognitius del pacient i augmentant la seva concentraci\u00f3 i atenci\u00f3.<\/p>\n\n\n\n<figure class=\"wp-block-image size-full\"><img loading=\"lazy\" decoding=\"async\" width=\"989\" height=\"563\" src=\"https:\/\/hospitalsagratcormartorell.org\/entre-tots\/wp-content\/uploads\/2024\/07\/up4i801j.png\" alt=\"\" class=\"wp-image-9589\" srcset=\"https:\/\/fundaciohospitalariesmartorell.org\/entre-tots\/wp-content\/uploads\/2024\/07\/up4i801j.png 989w, https:\/\/fundaciohospitalariesmartorell.org\/entre-tots\/wp-content\/uploads\/2024\/07\/up4i801j-300x171.png 300w, https:\/\/fundaciohospitalariesmartorell.org\/entre-tots\/wp-content\/uploads\/2024\/07\/up4i801j-768x437.png 768w\" sizes=\"auto, (max-width: 989px) 100vw, 989px\" \/><\/figure>\n\n\n\n<p>A m\u00e9s, va destacar la import\u00e0ncia de facilitar les activitats de la vida di\u00e0ria i l&#8217;orientaci\u00f3, recordant les hores del dia, utilitzant rellotges grans o dibuixos a les portes de les habitacions. La Dra. Amores tamb\u00e9 va explicar t\u00e8cniques cognitives com la reminisc\u00e8ncia, que reactiven el passat personal del pacient i ajuden a mantenir la seva pr\u00f2pia mem\u00f2ria. Llegir, mirar la televisi\u00f3, conversar o fer activitat f\u00edsica suau&nbsp;s\u00f3n&nbsp;algunes de les propostes que va exposar per estimular l&#8217;activitat i benestar del seu familiar.<\/p>\n\n\n\n<p>La darrera part de la sessi\u00f3 va ser a c\u00e0rrec de la treballadora social Marta&nbsp;Caball\u00e9, que va proporcionar recursos externs per trobar ajudes i suports addicionals. Els familiars van expressar la seva satisfacci\u00f3 amb les trobades, valorant molt positivament la informaci\u00f3 i els recursos proporcionats.<\/p>\n\n\n\n<p>Aquesta iniciativa, explica el Dr. Juan Carlos&nbsp;Cejudo, responsable de l&#8217;EAIA&nbsp;de l&#8217;Hospital Sagrat Cor, vol ser un suport essencial per a les fam\u00edlies, ajudant-les a afrontar amb m\u00e9s confian\u00e7a i eines pr\u00e0ctiques els reptes que suposa&nbsp;cuidar&nbsp;un \u00e9sser estimat amb dem\u00e8ncia.<\/p>\n","protected":false},"excerpt":{"rendered":"<p>L&#8217;Hospital Sagrat Cor inicia trobades peri\u00f2diques amb\u00a0familiars de pacients diagnosticats amb dem\u00e8ncia Ser pacients i tenir bon humor, establir i mantenir rutines, evitar els enfrontaments, ser capa\u00e7os d&#8217;adaptar-se i cuidar-se a si mateixos. Aquests van ser alguns consells que es van endur a casa la&nbsp;quarantena&nbsp;de familiars que van participar el passat 9 de juliol en [&hellip;]<\/p>\n","protected":false},"author":5,"featured_media":9588,"comment_status":"closed","ping_status":"closed","sticky":false,"template":"","format":"standard","meta":{"footnotes":""},"categories":[28],"tags":[],"class_list":["post-9580","post","type-post","status-publish","format-standard","has-post-thumbnail","hentry","category-tot-aixo-es-nostre"],"blocksy_meta":[],"featured_image_urls_v2":{"full":["https:\/\/fundaciohospitalariesmartorell.org\/entre-tots\/wp-content\/uploads\/2024\/07\/EAIA-2-1-scaled.jpg",2560,1440,false],"thumbnail":["https:\/\/fundaciohospitalariesmartorell.org\/entre-tots\/wp-content\/uploads\/2024\/07\/EAIA-2-1-150x150.jpg",150,150,true],"medium":["https:\/\/fundaciohospitalariesmartorell.org\/entre-tots\/wp-content\/uploads\/2024\/07\/EAIA-2-1-300x169.jpg",300,169,true],"medium_large":["https:\/\/fundaciohospitalariesmartorell.org\/entre-tots\/wp-content\/uploads\/2024\/07\/EAIA-2-1-768x432.jpg",768,432,true],"large":["https:\/\/fundaciohospitalariesmartorell.org\/entre-tots\/wp-content\/uploads\/2024\/07\/EAIA-2-1-1024x576.jpg",1024,576,true],"1536x1536":["https:\/\/fundaciohospitalariesmartorell.org\/entre-tots\/wp-content\/uploads\/2024\/07\/EAIA-2-1-1536x864.jpg",1536,864,true],"2048x2048":["https:\/\/fundaciohospitalariesmartorell.org\/entre-tots\/wp-content\/uploads\/2024\/07\/EAIA-2-1-2048x1152.jpg",2048,1152,true],"mailpoet_newsletter_max":["https:\/\/fundaciohospitalariesmartorell.org\/entre-tots\/wp-content\/uploads\/2024\/07\/EAIA-2-1-1320x742.jpg",1320,742,true]},"post_excerpt_stackable_v2":"<p>L&#8217;Hospital Sagrat Cor inicia trobades peri\u00f2diques amb\u00a0familiars de pacients diagnosticats amb dem\u00e8ncia Ser pacients i tenir bon humor, establir i mantenir rutines, evitar els enfrontaments, ser capa\u00e7os d&#8217;adaptar-se i cuidar-se a si mateixos. Aquests van ser alguns consells que es van endur a casa la&nbsp;quarantena&nbsp;de familiars que van participar el passat 9 de juliol en la primera trobada per a familiars de pacients diagnosticats amb dem\u00e8ncia. La iniciativa, impulsada per l&#8217;Equip d&#8217;Atenci\u00f3 Integral als Trastorns Cognitius de l&#8217;Hospital Sagrat Cor, t\u00e9 com a objectiu oferir informaci\u00f3 pr\u00e0ctica sobre el maneig, el tractament, el diagn\u00f2stic i els trastorns de conducta que&hellip;<\/p>\n","category_list_v2":"<a href=\"https:\/\/fundaciohospitalariesmartorell.org\/entre-tots\/category\/tot-aixo-es-nostre\/\" rel=\"category tag\">TOT AIX\u00d2 \u00c9S NOSTRE<\/a>","author_info_v2":{"name":"Alba Felip","url":"https:\/\/fundaciohospitalariesmartorell.org\/entre-tots\/author\/afelipr\/"},"comments_num_v2":"0 comments","_links":{"self":[{"href":"https:\/\/fundaciohospitalariesmartorell.org\/entre-tots\/wp-json\/wp\/v2\/posts\/9580","targetHints":{"allow":["GET"]}}],"collection":[{"href":"https:\/\/fundaciohospitalariesmartorell.org\/entre-tots\/wp-json\/wp\/v2\/posts"}],"about":[{"href":"https:\/\/fundaciohospitalariesmartorell.org\/entre-tots\/wp-json\/wp\/v2\/types\/post"}],"author":[{"embeddable":true,"href":"https:\/\/fundaciohospitalariesmartorell.org\/entre-tots\/wp-json\/wp\/v2\/users\/5"}],"replies":[{"embeddable":true,"href":"https:\/\/fundaciohospitalariesmartorell.org\/entre-tots\/wp-json\/wp\/v2\/comments?post=9580"}],"version-history":[{"count":4,"href":"https:\/\/fundaciohospitalariesmartorell.org\/entre-tots\/wp-json\/wp\/v2\/posts\/9580\/revisions"}],"predecessor-version":[{"id":9592,"href":"https:\/\/fundaciohospitalariesmartorell.org\/entre-tots\/wp-json\/wp\/v2\/posts\/9580\/revisions\/9592"}],"wp:featuredmedia":[{"embeddable":true,"href":"https:\/\/fundaciohospitalariesmartorell.org\/entre-tots\/wp-json\/wp\/v2\/media\/9588"}],"wp:attachment":[{"href":"https:\/\/fundaciohospitalariesmartorell.org\/entre-tots\/wp-json\/wp\/v2\/media?parent=9580"}],"wp:term":[{"taxonomy":"category","embeddable":true,"href":"https:\/\/fundaciohospitalariesmartorell.org\/entre-tots\/wp-json\/wp\/v2\/categories?post=9580"},{"taxonomy":"post_tag","embeddable":true,"href":"https:\/\/fundaciohospitalariesmartorell.org\/entre-tots\/wp-json\/wp\/v2\/tags?post=9580"}],"curies":[{"name":"wp","href":"https:\/\/api.w.org\/{rel}","templated":true}]}}