{"id":9608,"date":"2024-07-18T10:35:32","date_gmt":"2024-07-18T09:35:32","guid":{"rendered":"https:\/\/hospitalsagratcormartorell.org\/entre-tots\/?p=9608"},"modified":"2024-07-18T10:36:12","modified_gmt":"2024-07-18T09:36:12","slug":"balcells-catalunya-ofereix-un-model-datencio-innovador-i-referent-a-europa-davant-els-casos-de-tca-dalta-complexitat","status":"publish","type":"post","link":"https:\/\/fundaciohospitalariesmartorell.org\/entre-tots\/2024\/07\/balcells-catalunya-ofereix-un-model-datencio-innovador-i-referent-a-europa-davant-els-casos-de-tca-dalta-complexitat\/","title":{"rendered":"Balcells: &#8220;Catalunya ofereix un model d&#8217;atenci\u00f3 innovador i referent a Europa davant els casos de TCA d&#8217;alta complexitat&#8221;"},"content":{"rendered":"\n<ul class=\"wp-block-list\">\n<li>El conseller de Salut visita l\u2019Hospital Sagrat Cor per con\u00e8ixer de primera m\u00e0 la nova unitat per tractar persones adultes amb trastorns de la conducta aliment\u00e0ria (TCA) d\u2019alta complexitat i llarga durada.<\/li>\n\n\n\n<li>Els primers mesos d\u2019activitat, ja ha at\u00e8s una vintena de casos de persones adultes.<\/li>\n<\/ul>\n\n\n\n<figure class=\"wp-block-image size-large\"><img loading=\"lazy\" decoding=\"async\" width=\"1024\" height=\"681\" src=\"https:\/\/hospitalsagratcormartorell.org\/entre-tots\/wp-content\/uploads\/2024\/07\/af5594a3234b66165035fcf886e30358-1024x681.jpeg\" alt=\"\" class=\"wp-image-9609\" srcset=\"https:\/\/fundaciohospitalariesmartorell.org\/entre-tots\/wp-content\/uploads\/2024\/07\/af5594a3234b66165035fcf886e30358-1024x681.jpeg 1024w, https:\/\/fundaciohospitalariesmartorell.org\/entre-tots\/wp-content\/uploads\/2024\/07\/af5594a3234b66165035fcf886e30358-300x200.jpeg 300w, https:\/\/fundaciohospitalariesmartorell.org\/entre-tots\/wp-content\/uploads\/2024\/07\/af5594a3234b66165035fcf886e30358-768x511.jpeg 768w, https:\/\/fundaciohospitalariesmartorell.org\/entre-tots\/wp-content\/uploads\/2024\/07\/af5594a3234b66165035fcf886e30358-1536x1022.jpeg 1536w, https:\/\/fundaciohospitalariesmartorell.org\/entre-tots\/wp-content\/uploads\/2024\/07\/af5594a3234b66165035fcf886e30358-1320x878.jpeg 1320w, https:\/\/fundaciohospitalariesmartorell.org\/entre-tots\/wp-content\/uploads\/2024\/07\/af5594a3234b66165035fcf886e30358.jpeg 2048w\" sizes=\"auto, (max-width: 1024px) 100vw, 1024px\" \/><\/figure>\n\n\n\n<p>El conseller de Salut, Manel Balcells, va visitar aquest dimecres, 17 de juliol<a href=\"https:\/\/hospitalsagratcormartorell.org\/salut-impulsa-una-unitat-pionera-per-tractar-poblacio-adulta-amb-trastorns-de-la-conducta-alimentaria-dalta-complexitat-i-llarga-durada-ubicada-a-lhospital-sagrat-cor\/\">, la unitat de recuperaci\u00f3 per a adults amb trastorns de la conducta aliment\u00e0ria (TCA)<\/a> d\u2019alta complexitat i llarga durada, un recurs de nova creaci\u00f3 impulsat pel Departament de Salut. Situada a l\u2019Hospital Sagrat Cor, est\u00e0 gestionada de forma conjunta pel nostre centre i per l\u2019Hospital Universitari de Bellvitge. Ofereix un model d\u2019atenci\u00f3 a la cronicitat que \u00e9s innovador a Europa i s\u2019adre\u00e7a a persones que fa anys que pateixen el trastorn i que ja han esgotat altres dispositius assistencials.<\/p>\n\n\n\n<p>Sor Isabel Bl\u00e1zquez, superiora de l\u2019Hospital Sagrat Cor, i el Dr. Carles Franquelo, director m\u00e8dic del centre, juntament amb el Dr. Javier Tapia, subdirector m\u00e8dic de l\u2019Hospital Universitari de Bellvitge, van donar la benvinguda al conseller i el van acompanyar fins a la nova unitat, on es va reunir amb una representaci\u00f3 dels professionals de la unitat. Va ser una trobada molt cordial, on es van intercanviar impressions dels primers mesos de funcionament del centre. Aquesta ja \u00e9s la segona ocasi\u00f3 en la qual el conseller visita el nostre hospital, despr\u00e9s que el setembre de l\u2019any passat <a href=\"https:\/\/hospitalsagratcormartorell.org\/balcells-inaugura-el-nou-edifici-assistencial-de-lhospital-sagrat-cor-de-germanes-hospitalaries-a-martorell\/\">inaugur\u00e9s el nou edifici assistencial<\/a>, on s\u2019ubica actualment aquesta unitat.<\/p>\n\n\n\n<figure class=\"wp-block-gallery has-nested-images columns-default is-cropped wp-block-gallery-1 is-layout-flex wp-block-gallery-is-layout-flex\">\n<figure class=\"wp-block-image size-large\"><img loading=\"lazy\" decoding=\"async\" width=\"1024\" height=\"681\" data-id=\"9610\" src=\"https:\/\/hospitalsagratcormartorell.org\/entre-tots\/wp-content\/uploads\/2024\/07\/fe39a163da1bd66c4adee94e56dfd59f-1024x681.jpeg\" alt=\"\" class=\"wp-image-9610\" srcset=\"https:\/\/fundaciohospitalariesmartorell.org\/entre-tots\/wp-content\/uploads\/2024\/07\/fe39a163da1bd66c4adee94e56dfd59f-1024x681.jpeg 1024w, https:\/\/fundaciohospitalariesmartorell.org\/entre-tots\/wp-content\/uploads\/2024\/07\/fe39a163da1bd66c4adee94e56dfd59f-300x200.jpeg 300w, https:\/\/fundaciohospitalariesmartorell.org\/entre-tots\/wp-content\/uploads\/2024\/07\/fe39a163da1bd66c4adee94e56dfd59f-768x511.jpeg 768w, https:\/\/fundaciohospitalariesmartorell.org\/entre-tots\/wp-content\/uploads\/2024\/07\/fe39a163da1bd66c4adee94e56dfd59f-1536x1022.jpeg 1536w, https:\/\/fundaciohospitalariesmartorell.org\/entre-tots\/wp-content\/uploads\/2024\/07\/fe39a163da1bd66c4adee94e56dfd59f-1320x878.jpeg 1320w, https:\/\/fundaciohospitalariesmartorell.org\/entre-tots\/wp-content\/uploads\/2024\/07\/fe39a163da1bd66c4adee94e56dfd59f.jpeg 2048w\" sizes=\"auto, (max-width: 1024px) 100vw, 1024px\" \/><\/figure>\n\n\n\n<figure class=\"wp-block-image size-large\"><img loading=\"lazy\" decoding=\"async\" width=\"1024\" height=\"681\" data-id=\"9611\" src=\"https:\/\/hospitalsagratcormartorell.org\/entre-tots\/wp-content\/uploads\/2024\/07\/467ad984e9dc2babe9b40f13a74c37e1-1024x681.jpeg\" alt=\"\" class=\"wp-image-9611\" srcset=\"https:\/\/fundaciohospitalariesmartorell.org\/entre-tots\/wp-content\/uploads\/2024\/07\/467ad984e9dc2babe9b40f13a74c37e1-1024x681.jpeg 1024w, https:\/\/fundaciohospitalariesmartorell.org\/entre-tots\/wp-content\/uploads\/2024\/07\/467ad984e9dc2babe9b40f13a74c37e1-300x200.jpeg 300w, https:\/\/fundaciohospitalariesmartorell.org\/entre-tots\/wp-content\/uploads\/2024\/07\/467ad984e9dc2babe9b40f13a74c37e1-768x511.jpeg 768w, https:\/\/fundaciohospitalariesmartorell.org\/entre-tots\/wp-content\/uploads\/2024\/07\/467ad984e9dc2babe9b40f13a74c37e1-1536x1022.jpeg 1536w, https:\/\/fundaciohospitalariesmartorell.org\/entre-tots\/wp-content\/uploads\/2024\/07\/467ad984e9dc2babe9b40f13a74c37e1-1320x878.jpeg 1320w, https:\/\/fundaciohospitalariesmartorell.org\/entre-tots\/wp-content\/uploads\/2024\/07\/467ad984e9dc2babe9b40f13a74c37e1.jpeg 2048w\" sizes=\"auto, (max-width: 1024px) 100vw, 1024px\" \/><\/figure>\n<\/figure>\n\n\n\n<p>Durant l\u2019acte, Balcells va voler destacar la import\u00e0ncia creixent dels TCA al nostre pa\u00eds i la transcend\u00e8ncia de nous recursos com aquesta unitat. \u201cEstem davant d\u2019un nou nivell d\u2019atenci\u00f3 als TCA que fins ara no existia, i que dona resposta als casos d\u2019alta complexitat que s\u2019han cronificat i que necessiten un tractament diferent i altament personalitzat\u201d, va explicar durant l\u2019acte. Els primers sis mesos d\u2019activitat, ja hi han ingressat una vintena de persones derivades de diferents unitats de TCA (UTCA) de tot Catalunya, de les quals nou han rebut l\u2019alta, amb una estada mitjana d\u2019entre tres i quatre mesos.<\/p>\n\n\n\n<figure class=\"wp-block-image size-large\"><img loading=\"lazy\" decoding=\"async\" width=\"1024\" height=\"681\" src=\"https:\/\/hospitalsagratcormartorell.org\/entre-tots\/wp-content\/uploads\/2024\/07\/9751d25783c2d786c173142188d8f364-1024x681.jpeg\" alt=\"\" class=\"wp-image-9612\" srcset=\"https:\/\/fundaciohospitalariesmartorell.org\/entre-tots\/wp-content\/uploads\/2024\/07\/9751d25783c2d786c173142188d8f364-1024x681.jpeg 1024w, https:\/\/fundaciohospitalariesmartorell.org\/entre-tots\/wp-content\/uploads\/2024\/07\/9751d25783c2d786c173142188d8f364-300x200.jpeg 300w, https:\/\/fundaciohospitalariesmartorell.org\/entre-tots\/wp-content\/uploads\/2024\/07\/9751d25783c2d786c173142188d8f364-768x511.jpeg 768w, https:\/\/fundaciohospitalariesmartorell.org\/entre-tots\/wp-content\/uploads\/2024\/07\/9751d25783c2d786c173142188d8f364-1536x1022.jpeg 1536w, https:\/\/fundaciohospitalariesmartorell.org\/entre-tots\/wp-content\/uploads\/2024\/07\/9751d25783c2d786c173142188d8f364-1320x878.jpeg 1320w, https:\/\/fundaciohospitalariesmartorell.org\/entre-tots\/wp-content\/uploads\/2024\/07\/9751d25783c2d786c173142188d8f364.jpeg 2048w\" sizes=\"auto, (max-width: 1024px) 100vw, 1024px\" \/><\/figure>\n\n\n\n<p>El conseller Balcells va remarcar el fet que la unitat treballa des d\u2019un \u201cenfocament multidisciplinari que \u00e9s referent en el conjunt d\u2019Europa, i que posa el focus en el fet que les persones ateses recuperin el seu projecte de vida\u201d. Disposa d\u2019un equip integrat per professionals de treball social, ter\u00e0pia ocupacional, fisioter\u00e0pia, infermeria, psiquiatria i psicologia, aix\u00ed com tamb\u00e9 del suport de metge internista i nutricionista, que duen a terme un abordatge integral i intensiu de les persones ateses, tractant la patologia nuclear i tamb\u00e9 els factors psicosocials associats. \u201cLa metodologia que s\u2019est\u00e0 aplicant \u00e9s exemplar i amb un percentatge d\u2019\u00e8xit elevat pel que fa al retorn de les persones ateses a la vida comunit\u00e0ria\u201d, va afegir Balcells.<\/p>\n\n\n\n<figure class=\"wp-block-image size-large\"><img loading=\"lazy\" decoding=\"async\" width=\"1024\" height=\"681\" src=\"https:\/\/hospitalsagratcormartorell.org\/entre-tots\/wp-content\/uploads\/2024\/07\/65cae1dcb4762ecb97659200d3e48bc8-1024x681.jpeg\" alt=\"\" class=\"wp-image-9613\" srcset=\"https:\/\/fundaciohospitalariesmartorell.org\/entre-tots\/wp-content\/uploads\/2024\/07\/65cae1dcb4762ecb97659200d3e48bc8-1024x681.jpeg 1024w, https:\/\/fundaciohospitalariesmartorell.org\/entre-tots\/wp-content\/uploads\/2024\/07\/65cae1dcb4762ecb97659200d3e48bc8-300x200.jpeg 300w, https:\/\/fundaciohospitalariesmartorell.org\/entre-tots\/wp-content\/uploads\/2024\/07\/65cae1dcb4762ecb97659200d3e48bc8-768x511.jpeg 768w, https:\/\/fundaciohospitalariesmartorell.org\/entre-tots\/wp-content\/uploads\/2024\/07\/65cae1dcb4762ecb97659200d3e48bc8-1536x1022.jpeg 1536w, https:\/\/fundaciohospitalariesmartorell.org\/entre-tots\/wp-content\/uploads\/2024\/07\/65cae1dcb4762ecb97659200d3e48bc8-1320x878.jpeg 1320w, https:\/\/fundaciohospitalariesmartorell.org\/entre-tots\/wp-content\/uploads\/2024\/07\/65cae1dcb4762ecb97659200d3e48bc8.jpeg 2048w\" sizes=\"auto, (max-width: 1024px) 100vw, 1024px\" \/><\/figure>\n\n\n\n<p>Aix\u00ed, a m\u00e9s de la recuperaci\u00f3 del pes, es treballa el vincle terap\u00e8utic i la motivaci\u00f3 al canvi a trav\u00e9s d\u2019un pla personalitzat amb t\u00e8cniques d\u2019empoderament personal, ter\u00e0pia familiar, regulaci\u00f3 emocional, imatge corporal, habilitats socials i autoconeixement personal, entre d\u2019altres. L\u2019\u00faltima fase del proc\u00e9s de recuperaci\u00f3 flexibilitza l\u2019ingr\u00e9s hospitalari i vincula les persones ateses amb la seva UTCA de refer\u00e8ncia i amb els recursos comunitaris que tenen a prop de casa.<\/p>\n\n\n\n<p>Aquesta coordinaci\u00f3 amb la xarxa d\u2019UTCA desplegada a tot Catalunya garanteix la continu\u00eftat assistencial durant l\u2019ingr\u00e9s, el tractament i el proc\u00e9s de transici\u00f3 a l\u2019alta i el seu retorn a la UTCA.<\/p>\n\n\n\n<h3 class=\"wp-block-heading\"><strong>Pla de xoc per millorar l\u2019atenci\u00f3 als trastorns de la conducta aliment\u00e0ria<\/strong><\/h3>\n\n\n\n<p>La unitat es va posar en marxa el mes de gener, en el marc del Pla de millora d\u2019atenci\u00f3 a les persones amb trastorns de la conducta aliment\u00e0ria, un pla de xoc que posa el focus en l\u2019atenci\u00f3, la detecci\u00f3, el diagn\u00f2stic i la prevenci\u00f3 dels TCA (anor\u00e8xia i bul\u00edmia, principalment).<\/p>\n\n\n\n<p>El Pla representa un canvi de model basat en l\u2019atenci\u00f3 esglaonada, que implica garantir l\u2019atenci\u00f3 dels casos lleus des de la col\u00b7laboraci\u00f3 amb l\u2019atenci\u00f3 prim\u00e0ria i comunit\u00e0ria, els moderats des dels hospitals de dia i les unitats de TCA (UTCA) que s\u2019han desplegat a tot el territori, i els greus i severs des dels punts d\u2019hospitalitzaci\u00f3 especialitzada.<\/p>\n\n\n\n<p>Pel que fa a l\u2019atenci\u00f3 als casos d\u2019alta complexitat de TCA, s\u2019han creat dues unitats d\u2019hospitalitzaci\u00f3 d\u2019alta especialitzaci\u00f3: la d\u2019adults, situada a l\u2019Hospital Sagrat Cor de Germanes Hospital\u00e0ries a Martorell, i la d\u2019infants i joves, situada a l\u2019Hospital Sant Joan de D\u00e9u Barcelona. D\u2019aquesta manera, \u201cdonem resposta en l\u2019\u00e0mbit de pa\u00eds amb uns centres especialitzats que s\u00f3n una pe\u00e7a m\u00e9s d\u2019una estrat\u00e8gia global que inclou atendre cada cas des del nivell assistencial adequat\u201d, va reblar Balcells.<\/p>\n","protected":false},"excerpt":{"rendered":"<p>El conseller de Salut, Manel Balcells, va visitar aquest dimecres, 17 de juliol, la unitat de recuperaci\u00f3 per a adults amb trastorns de la conducta aliment\u00e0ria (TCA) d\u2019alta complexitat i llarga durada, un recurs de nova creaci\u00f3 impulsat pel Departament de Salut. Situada a l\u2019Hospital Sagrat Cor, est\u00e0 gestionada de forma conjunta pel nostre centre [&hellip;]<\/p>\n","protected":false},"author":5,"featured_media":9609,"comment_status":"closed","ping_status":"closed","sticky":false,"template":"","format":"standard","meta":{"footnotes":""},"categories":[27],"tags":[],"class_list":["post-9608","post","type-post","status-publish","format-standard","has-post-thumbnail","hentry","category-actualitat"],"blocksy_meta":[],"featured_image_urls_v2":{"full":["https:\/\/fundaciohospitalariesmartorell.org\/entre-tots\/wp-content\/uploads\/2024\/07\/af5594a3234b66165035fcf886e30358.jpeg",2048,1362,false],"thumbnail":["https:\/\/fundaciohospitalariesmartorell.org\/entre-tots\/wp-content\/uploads\/2024\/07\/af5594a3234b66165035fcf886e30358-150x150.jpeg",150,150,true],"medium":["https:\/\/fundaciohospitalariesmartorell.org\/entre-tots\/wp-content\/uploads\/2024\/07\/af5594a3234b66165035fcf886e30358-300x200.jpeg",300,200,true],"medium_large":["https:\/\/fundaciohospitalariesmartorell.org\/entre-tots\/wp-content\/uploads\/2024\/07\/af5594a3234b66165035fcf886e30358-768x511.jpeg",768,511,true],"large":["https:\/\/fundaciohospitalariesmartorell.org\/entre-tots\/wp-content\/uploads\/2024\/07\/af5594a3234b66165035fcf886e30358-1024x681.jpeg",1024,681,true],"1536x1536":["https:\/\/fundaciohospitalariesmartorell.org\/entre-tots\/wp-content\/uploads\/2024\/07\/af5594a3234b66165035fcf886e30358-1536x1022.jpeg",1536,1022,true],"2048x2048":["https:\/\/fundaciohospitalariesmartorell.org\/entre-tots\/wp-content\/uploads\/2024\/07\/af5594a3234b66165035fcf886e30358.jpeg",2048,1362,false],"mailpoet_newsletter_max":["https:\/\/fundaciohospitalariesmartorell.org\/entre-tots\/wp-content\/uploads\/2024\/07\/af5594a3234b66165035fcf886e30358-1320x878.jpeg",1320,878,true]},"post_excerpt_stackable_v2":"<p>El conseller de Salut visita l\u2019Hospital Sagrat Cor per con\u00e8ixer de primera m\u00e0 la nova unitat per tractar persones adultes amb trastorns de la conducta aliment\u00e0ria (TCA) d\u2019alta complexitat i llarga durada. Els primers mesos d\u2019activitat, ja ha at\u00e8s una vintena de casos de persones adultes. El conseller de Salut, Manel Balcells, va visitar aquest dimecres, 17 de juliol, la unitat de recuperaci\u00f3 per a adults amb trastorns de la conducta aliment\u00e0ria (TCA) d\u2019alta complexitat i llarga durada, un recurs de nova creaci\u00f3 impulsat pel Departament de Salut. Situada a l\u2019Hospital Sagrat Cor, est\u00e0 gestionada de forma conjunta pel nostre&hellip;<\/p>\n","category_list_v2":"<a href=\"https:\/\/fundaciohospitalariesmartorell.org\/entre-tots\/category\/actualitat\/\" rel=\"category tag\">ACTUALITAT<\/a>","author_info_v2":{"name":"Alba Felip","url":"https:\/\/fundaciohospitalariesmartorell.org\/entre-tots\/author\/afelipr\/"},"comments_num_v2":"0 comments","_links":{"self":[{"href":"https:\/\/fundaciohospitalariesmartorell.org\/entre-tots\/wp-json\/wp\/v2\/posts\/9608","targetHints":{"allow":["GET"]}}],"collection":[{"href":"https:\/\/fundaciohospitalariesmartorell.org\/entre-tots\/wp-json\/wp\/v2\/posts"}],"about":[{"href":"https:\/\/fundaciohospitalariesmartorell.org\/entre-tots\/wp-json\/wp\/v2\/types\/post"}],"author":[{"embeddable":true,"href":"https:\/\/fundaciohospitalariesmartorell.org\/entre-tots\/wp-json\/wp\/v2\/users\/5"}],"replies":[{"embeddable":true,"href":"https:\/\/fundaciohospitalariesmartorell.org\/entre-tots\/wp-json\/wp\/v2\/comments?post=9608"}],"version-history":[{"count":2,"href":"https:\/\/fundaciohospitalariesmartorell.org\/entre-tots\/wp-json\/wp\/v2\/posts\/9608\/revisions"}],"predecessor-version":[{"id":9615,"href":"https:\/\/fundaciohospitalariesmartorell.org\/entre-tots\/wp-json\/wp\/v2\/posts\/9608\/revisions\/9615"}],"wp:featuredmedia":[{"embeddable":true,"href":"https:\/\/fundaciohospitalariesmartorell.org\/entre-tots\/wp-json\/wp\/v2\/media\/9609"}],"wp:attachment":[{"href":"https:\/\/fundaciohospitalariesmartorell.org\/entre-tots\/wp-json\/wp\/v2\/media?parent=9608"}],"wp:term":[{"taxonomy":"category","embeddable":true,"href":"https:\/\/fundaciohospitalariesmartorell.org\/entre-tots\/wp-json\/wp\/v2\/categories?post=9608"},{"taxonomy":"post_tag","embeddable":true,"href":"https:\/\/fundaciohospitalariesmartorell.org\/entre-tots\/wp-json\/wp\/v2\/tags?post=9608"}],"curies":[{"name":"wp","href":"https:\/\/api.w.org\/{rel}","templated":true}]}}