{"id":9616,"date":"2024-07-19T10:54:32","date_gmt":"2024-07-19T09:54:32","guid":{"rendered":"https:\/\/hospitalsagratcormartorell.org\/entre-tots\/?p=9616"},"modified":"2024-07-19T11:24:10","modified_gmt":"2024-07-19T10:24:10","slug":"lhospital-sagrat-cor-treballa-amb-la-implementacio-de-la-norma-libera-care-per-fomentar-les-cures-sense-subjeccio","status":"publish","type":"post","link":"https:\/\/fundaciohospitalariesmartorell.org\/entre-tots\/2024\/07\/lhospital-sagrat-cor-treballa-amb-la-implementacio-de-la-norma-libera-care-per-fomentar-les-cures-sense-subjeccio\/","title":{"rendered":"L&#8217;Hospital Sagrat Cor treballa amb la implementaci\u00f3 de la Norma Libera-Care per fomentar les cures sense subjecci\u00f3"},"content":{"rendered":"\n<figure class=\"wp-block-image size-large\"><a href=\"https:\/\/hospitalsagratcormartorell.org\/entre-tots\/wp-content\/uploads\/2024\/07\/hsc_libera_care_def.pdf\"><img loading=\"lazy\" decoding=\"async\" width=\"1024\" height=\"601\" src=\"https:\/\/hospitalsagratcormartorell.org\/entre-tots\/wp-content\/uploads\/2024\/07\/Captura-de-pantalla-2024-07-19-122030-1024x601.png\" alt=\"\" class=\"wp-image-9622\" srcset=\"https:\/\/fundaciohospitalariesmartorell.org\/entre-tots\/wp-content\/uploads\/2024\/07\/Captura-de-pantalla-2024-07-19-122030-1024x601.png 1024w, https:\/\/fundaciohospitalariesmartorell.org\/entre-tots\/wp-content\/uploads\/2024\/07\/Captura-de-pantalla-2024-07-19-122030-300x176.png 300w, https:\/\/fundaciohospitalariesmartorell.org\/entre-tots\/wp-content\/uploads\/2024\/07\/Captura-de-pantalla-2024-07-19-122030-768x451.png 768w, https:\/\/fundaciohospitalariesmartorell.org\/entre-tots\/wp-content\/uploads\/2024\/07\/Captura-de-pantalla-2024-07-19-122030.png 1163w\" sizes=\"auto, (max-width: 1024px) 100vw, 1024px\" \/><\/a><figcaption class=\"wp-element-caption\">Clica al damunt per accedir al p\u00f2ster sencer.<\/figcaption><\/figure>\n\n\n\n<p>L&#8217;Hospital Sagrat Cor est\u00e0 treballant en la implementaci\u00f3 de la Norma Libera-Care, un model de cura centrat en la persona sense subjeccions. Aquesta iniciativa institucional implica&nbsp;l&#8217;eliminaci\u00f3&nbsp;gradual de les restriccions f\u00edsiques i qu\u00edmiques en un marc de model rehabilitador del centre, amb l&#8217;objectiu de fer un pas m\u00e9s en el benestar de les&nbsp;persones usu\u00e0ries.<\/p>\n\n\n\n<p>Despr\u00e9s d&#8217;una fase intensiva de sensibilitzaci\u00f3 i capacitaci\u00f3 d&#8217;un equip multidisciplinari de la Unitat de Psiquiatria Geri\u00e0trica\/P1 (TCAE, Infermeres, metges, treballadora social, fisioterapeuta), i assessorats per la&nbsp;<a href=\"https:\/\/cuidadosdignos.org\/\">Fundaci\u00f3n&nbsp;Cuidados&nbsp;Dignos&nbsp;<\/a>per a la implementaci\u00f3 del programa, l&#8217;hospital avan\u00e7a ara cap a una fase de posada en marxa, que preveu culminar a finals d&#8217;aquest any.<\/p>\n\n\n\n<p>En el context de la salut mental, l&#8217;\u00fas de subjeccions pot implicar la immobilitzaci\u00f3 total o parcial del cos, amb la finalitat de mitigar riscos d&#8217;agressivitat. No obstant aix\u00f2, aquestes pr\u00e0ctiques poden afectar tant la salut f\u00edsica com la percepci\u00f3 de dignitat de la persona.<br>Amb la implementaci\u00f3 d&#8217;aquest programa, l&#8217;Hospital Sagrat Cor s&#8217;ha proposat reduir a zero l&#8217;\u00fas de les contencions mec\u00e0niques, assegurant aix\u00ed una millora significativa tant en l&#8217;atenci\u00f3 dels pacients com en la percepci\u00f3 dels familiars i dels professionals sanitaris, que es poden gestionar en un entorn de cura m\u00e9s humanitzada.<\/p>\n\n\n\n<h5 class=\"wp-block-heading\">Els beneficis de les cures basades en la No Subjecci\u00f3<\/h5>\n\n\n\n<p>Els beneficis de les cures basades en la No Subjecci\u00f3 s\u00f3n notables a diversos nivells: f\u00edsic, psicoemocional i social. En l&#8217;<strong>\u00e0mbit f\u00edsic<\/strong>, es redueixen riscos com \u00falceres per pressi\u00f3, infeccions, restrenyiment,&nbsp;atr\u00f2fia&nbsp;muscular i traumatismes a la pell. Millora tamb\u00e9 la gana, la tonicitat muscular, la mobilitat i l&#8217;equilibri del pacient.<\/p>\n\n\n\n<p>En l&#8217;<strong>\u00e0mbit psicoemocional<\/strong>, s&#8217;observa una reducci\u00f3 en sentiments com ara l&#8217;agressivitat, la ira, l&#8217;angoixa, l&#8217;ansietat, la confusi\u00f3 i la depressi\u00f3, aix\u00ed com una millora en la gesti\u00f3 de viv\u00e8ncies traum\u00e0tiques i la sensaci\u00f3 d&#8217;atrapament.<\/p>\n\n\n\n<p><strong>Socialment<\/strong>, la implementaci\u00f3 de cures sense subjeccions elimina experi\u00e8ncies negatives associades, com la vergonya, la humiliaci\u00f3 i l&#8217;a\u00efllament, promocionant alhora la recuperaci\u00f3 del rol social del pacient i millorant la percepci\u00f3 p\u00fablica de l&#8217;hospital.<\/p>\n","protected":false},"excerpt":{"rendered":"<p>L&#8217;Hospital Sagrat Cor est\u00e0 treballant en la implementaci\u00f3 de la Norma Libera-Care, un model de cura centrat en la persona sense subjeccions. Aquesta iniciativa institucional implica&nbsp;l&#8217;eliminaci\u00f3&nbsp;gradual de les restriccions f\u00edsiques i qu\u00edmiques en un marc de model rehabilitador del centre, amb l&#8217;objectiu de fer un pas m\u00e9s en el benestar de les&nbsp;persones usu\u00e0ries. Despr\u00e9s d&#8217;una [&hellip;]<\/p>\n","protected":false},"author":5,"featured_media":9618,"comment_status":"closed","ping_status":"closed","sticky":false,"template":"","format":"standard","meta":{"footnotes":""},"categories":[27],"tags":[],"class_list":["post-9616","post","type-post","status-publish","format-standard","has-post-thumbnail","hentry","category-actualitat"],"blocksy_meta":[],"featured_image_urls_v2":{"full":["https:\/\/fundaciohospitalariesmartorell.org\/entre-tots\/wp-content\/uploads\/2024\/07\/A180171a2-scaled.jpg",2560,1442,false],"thumbnail":["https:\/\/fundaciohospitalariesmartorell.org\/entre-tots\/wp-content\/uploads\/2024\/07\/A180171a2-150x150.jpg",150,150,true],"medium":["https:\/\/fundaciohospitalariesmartorell.org\/entre-tots\/wp-content\/uploads\/2024\/07\/A180171a2-300x169.jpg",300,169,true],"medium_large":["https:\/\/fundaciohospitalariesmartorell.org\/entre-tots\/wp-content\/uploads\/2024\/07\/A180171a2-768x433.jpg",768,433,true],"large":["https:\/\/fundaciohospitalariesmartorell.org\/entre-tots\/wp-content\/uploads\/2024\/07\/A180171a2-1024x577.jpg",1024,577,true],"1536x1536":["https:\/\/fundaciohospitalariesmartorell.org\/entre-tots\/wp-content\/uploads\/2024\/07\/A180171a2-1536x865.jpg",1536,865,true],"2048x2048":["https:\/\/fundaciohospitalariesmartorell.org\/entre-tots\/wp-content\/uploads\/2024\/07\/A180171a2-2048x1154.jpg",2048,1154,true],"mailpoet_newsletter_max":["https:\/\/fundaciohospitalariesmartorell.org\/entre-tots\/wp-content\/uploads\/2024\/07\/A180171a2-1320x744.jpg",1320,744,true]},"post_excerpt_stackable_v2":"<p>Clica al damunt per accedir al p\u00f2ster sencer. L&#8217;Hospital Sagrat Cor est\u00e0 treballant en la implementaci\u00f3 de la Norma Libera-Care, un model de cura centrat en la persona sense subjeccions. Aquesta iniciativa institucional implica&nbsp;l&#8217;eliminaci\u00f3&nbsp;gradual de les restriccions f\u00edsiques i qu\u00edmiques en un marc de model rehabilitador del centre, amb l&#8217;objectiu de fer un pas m\u00e9s en el benestar de les&nbsp;persones usu\u00e0ries. Despr\u00e9s d&#8217;una fase intensiva de sensibilitzaci\u00f3 i capacitaci\u00f3 d&#8217;un equip multidisciplinari de la Unitat de Psiquiatria Geri\u00e0trica\/P1 (TCAE, Infermeres, metges, treballadora social, fisioterapeuta), i assessorats per la&nbsp;Fundaci\u00f3n&nbsp;Cuidados&nbsp;Dignos&nbsp;per a la implementaci\u00f3 del programa, l&#8217;hospital avan\u00e7a ara cap a una fase&hellip;<\/p>\n","category_list_v2":"<a href=\"https:\/\/fundaciohospitalariesmartorell.org\/entre-tots\/category\/actualitat\/\" rel=\"category tag\">ACTUALITAT<\/a>","author_info_v2":{"name":"Alba Felip","url":"https:\/\/fundaciohospitalariesmartorell.org\/entre-tots\/author\/afelipr\/"},"comments_num_v2":"0 comments","_links":{"self":[{"href":"https:\/\/fundaciohospitalariesmartorell.org\/entre-tots\/wp-json\/wp\/v2\/posts\/9616","targetHints":{"allow":["GET"]}}],"collection":[{"href":"https:\/\/fundaciohospitalariesmartorell.org\/entre-tots\/wp-json\/wp\/v2\/posts"}],"about":[{"href":"https:\/\/fundaciohospitalariesmartorell.org\/entre-tots\/wp-json\/wp\/v2\/types\/post"}],"author":[{"embeddable":true,"href":"https:\/\/fundaciohospitalariesmartorell.org\/entre-tots\/wp-json\/wp\/v2\/users\/5"}],"replies":[{"embeddable":true,"href":"https:\/\/fundaciohospitalariesmartorell.org\/entre-tots\/wp-json\/wp\/v2\/comments?post=9616"}],"version-history":[{"count":2,"href":"https:\/\/fundaciohospitalariesmartorell.org\/entre-tots\/wp-json\/wp\/v2\/posts\/9616\/revisions"}],"predecessor-version":[{"id":9625,"href":"https:\/\/fundaciohospitalariesmartorell.org\/entre-tots\/wp-json\/wp\/v2\/posts\/9616\/revisions\/9625"}],"wp:featuredmedia":[{"embeddable":true,"href":"https:\/\/fundaciohospitalariesmartorell.org\/entre-tots\/wp-json\/wp\/v2\/media\/9618"}],"wp:attachment":[{"href":"https:\/\/fundaciohospitalariesmartorell.org\/entre-tots\/wp-json\/wp\/v2\/media?parent=9616"}],"wp:term":[{"taxonomy":"category","embeddable":true,"href":"https:\/\/fundaciohospitalariesmartorell.org\/entre-tots\/wp-json\/wp\/v2\/categories?post=9616"},{"taxonomy":"post_tag","embeddable":true,"href":"https:\/\/fundaciohospitalariesmartorell.org\/entre-tots\/wp-json\/wp\/v2\/tags?post=9616"}],"curies":[{"name":"wp","href":"https:\/\/api.w.org\/{rel}","templated":true}]}}