{"id":9619,"date":"2024-07-22T07:46:10","date_gmt":"2024-07-22T06:46:10","guid":{"rendered":"https:\/\/hospitalsagratcormartorell.org\/entre-tots\/?p=9619"},"modified":"2024-07-26T11:31:22","modified_gmt":"2024-07-26T10:31:22","slug":"la-unitat-funcional-de-recuperacio-i-projecte-de-vida-de-lhospital-sagrat-cor-aconsegueix-lingres-zero-de-llarga-estada-en-salut-mental","status":"publish","type":"post","link":"https:\/\/fundaciohospitalariesmartorell.org\/entre-tots\/2024\/07\/la-unitat-funcional-de-recuperacio-i-projecte-de-vida-de-lhospital-sagrat-cor-aconsegueix-lingres-zero-de-llarga-estada-en-salut-mental\/","title":{"rendered":"La Unitat Funcional de Recuperaci\u00f3 i Projecte de Vida de l&#8217;Hospital Sagrat Cor aconsegueix l&#8217;ingr\u00e9s zero de llarga estada en salut mental"},"content":{"rendered":"\n<figure class=\"wp-block-image size-large\"><img loading=\"lazy\" decoding=\"async\" width=\"1600\" height=\"899\" src=\"https:\/\/hospitalsagratcormartorell.org\/entre-tots\/wp-content\/uploads\/2024\/07\/1df637e2-f5cb-4065-8b4f-c2ea2b7dade8-edited-2.jpeg\" alt=\"\" class=\"wp-image-9653\" srcset=\"https:\/\/fundaciohospitalariesmartorell.org\/entre-tots\/wp-content\/uploads\/2024\/07\/1df637e2-f5cb-4065-8b4f-c2ea2b7dade8-edited-2.jpeg 1600w, https:\/\/fundaciohospitalariesmartorell.org\/entre-tots\/wp-content\/uploads\/2024\/07\/1df637e2-f5cb-4065-8b4f-c2ea2b7dade8-edited-2-300x169.jpeg 300w, https:\/\/fundaciohospitalariesmartorell.org\/entre-tots\/wp-content\/uploads\/2024\/07\/1df637e2-f5cb-4065-8b4f-c2ea2b7dade8-edited-2-1024x575.jpeg 1024w, https:\/\/fundaciohospitalariesmartorell.org\/entre-tots\/wp-content\/uploads\/2024\/07\/1df637e2-f5cb-4065-8b4f-c2ea2b7dade8-edited-2-768x432.jpeg 768w, https:\/\/fundaciohospitalariesmartorell.org\/entre-tots\/wp-content\/uploads\/2024\/07\/1df637e2-f5cb-4065-8b4f-c2ea2b7dade8-edited-2-1536x863.jpeg 1536w, https:\/\/fundaciohospitalariesmartorell.org\/entre-tots\/wp-content\/uploads\/2024\/07\/1df637e2-f5cb-4065-8b4f-c2ea2b7dade8-edited-2-1320x742.jpeg 1320w\" sizes=\"auto, (max-width: 1600px) 100vw, 1600px\" \/><\/figure>\n\n\n\n<p>L&#8217;Hospital Sagrat Cor, una de les cinc unitats de salut mental on el Departament de Salut est\u00e0 desenvolupant una experi\u00e8ncia pilot de reordenaci\u00f3 de la llarga estada de salut mental, est\u00e0 a punt de celebrar el primer any de la Unitat Funcional de Recuperaci\u00f3 i Projecte de Vida (UFRPV) amb un \u00e8xit remarcable: l&#8217;assoliment de l&#8217;ingr\u00e9s zero de llarga estada.<\/p>\n\n\n\n<p>Aquest pla d\u2019optimitzaci\u00f3 reafirma el comprom\u00eds amb un model comunitari d\u2019atenci\u00f3 a la salut mental i les addiccions, amb l\u2019objectiu de promoure la desinstitucionalitzaci\u00f3, transformar les unitats de rehabilitaci\u00f3 hospital\u00e0ria i fomentar un model basat en la recuperaci\u00f3 i els drets de les persones.<\/p>\n\n\n\n<p>A l&#8217;Hospital Sagrat Cor,&nbsp;<a href=\"https:\/\/hospitalsagratcormartorell.org\/entre-tots\/2023\/10\/es-posa-en-marxa-la-unitat-funcional-de-recuperacio-i-projecte-de-vida\/\" target=\"_blank\" rel=\"noreferrer noopener\">la UFRPV es va posar en marxa el passat setembre<\/a>&nbsp;i disposa d&#8217;un equip multidisciplinari format per psiquiatra, infermera, treballadora social, educadora&nbsp;social i integradors socials, que at\u00e9n persones usu\u00e0ries de la zona de Martorell. En el seu primer any, la UFRPV ha at\u00e8s un total de 16&nbsp;persones, evitant aix\u00ed nous ingressos de llarga estada en aquests sectors sanitaris.<\/p>\n\n\n\n<p>El proc\u00e9s de reconversi\u00f3 de l\u2019abordatge de la llarga estada psiqui\u00e0trica que s\u2019est\u00e0 implementant a Catalunya ha suposat el desplegament d\u2019un nou model organitzatiu centrat en l\u2019adaptaci\u00f3 i reorganitzaci\u00f3 dels serveis per atendre la persona de manera integral. Aquest enfocament comunitari ha implicat tamb\u00e9 un augment del nombre de professionals de diverses disciplines, incloent-hi els nous agents de suport entre iguals (P2P), que s\u2019incorporaran als equips dels cinc territoris on se situen les unitats funcionals. Cada UFRPV comptar\u00e0 aviat amb un d\u2019aquests professionals.<\/p>\n\n\n\n<p>Amb aquesta experi\u00e8ncia pilot, Catalunya avan\u00e7a cap a un model de salut mental m\u00e9s inclusiu i centrat en la persona, amb l&#8217;objectiu final de millorar la qualitat de vida de les persones usu\u00e0ries i fomentar la seva autonomia i integraci\u00f3 comunit\u00e0ria.<\/p>\n\n\n\n<p>El passat 4 de juliol, el conseller de Salut va fer balan\u00e7 de la primera fase de la reconversi\u00f3 de la llarga estada de salut mental. Trobareu tota la informaci\u00f3 en aquest&nbsp;<a href=\"https:\/\/govern.cat\/salapremsa\/notes-premsa\/622762\/salut-assoleix-any-lingres-zero-llarga-estada-salut-mental-als-territoris-catalunya-shan-implementat-unitats-funcionals-recuperacio-projecte-vida\" target=\"_blank\" rel=\"noreferrer noopener\">enlla\u00e7<\/a>.<\/p>\n","protected":false},"excerpt":{"rendered":"<p>L&#8217;Hospital Sagrat Cor, una de les cinc unitats de salut mental on el Departament de Salut est\u00e0 desenvolupant una experi\u00e8ncia pilot de reordenaci\u00f3 de la llarga estada de salut mental, est\u00e0 a punt de celebrar el primer any de la Unitat Funcional de Recuperaci\u00f3 i Projecte de Vida (UFRPV) amb un \u00e8xit remarcable: l&#8217;assoliment de [&hellip;]<\/p>\n","protected":false},"author":5,"featured_media":9647,"comment_status":"closed","ping_status":"closed","sticky":false,"template":"","format":"standard","meta":{"footnotes":""},"categories":[27],"tags":[],"class_list":["post-9619","post","type-post","status-publish","format-standard","has-post-thumbnail","hentry","category-actualitat"],"blocksy_meta":[],"featured_image_urls_v2":{"full":["https:\/\/fundaciohospitalariesmartorell.org\/entre-tots\/wp-content\/uploads\/2024\/07\/1df637e2-f5cb-4065-8b4f-c2ea2b7dade8.jpeg",1600,1204,false],"thumbnail":["https:\/\/fundaciohospitalariesmartorell.org\/entre-tots\/wp-content\/uploads\/2024\/07\/1df637e2-f5cb-4065-8b4f-c2ea2b7dade8-150x150.jpeg",150,150,true],"medium":["https:\/\/fundaciohospitalariesmartorell.org\/entre-tots\/wp-content\/uploads\/2024\/07\/1df637e2-f5cb-4065-8b4f-c2ea2b7dade8-300x226.jpeg",300,226,true],"medium_large":["https:\/\/fundaciohospitalariesmartorell.org\/entre-tots\/wp-content\/uploads\/2024\/07\/1df637e2-f5cb-4065-8b4f-c2ea2b7dade8-768x578.jpeg",768,578,true],"large":["https:\/\/fundaciohospitalariesmartorell.org\/entre-tots\/wp-content\/uploads\/2024\/07\/1df637e2-f5cb-4065-8b4f-c2ea2b7dade8-1024x771.jpeg",1024,771,true],"1536x1536":["https:\/\/fundaciohospitalariesmartorell.org\/entre-tots\/wp-content\/uploads\/2024\/07\/1df637e2-f5cb-4065-8b4f-c2ea2b7dade8-1536x1156.jpeg",1536,1156,true],"2048x2048":["https:\/\/fundaciohospitalariesmartorell.org\/entre-tots\/wp-content\/uploads\/2024\/07\/1df637e2-f5cb-4065-8b4f-c2ea2b7dade8.jpeg",1600,1204,false],"mailpoet_newsletter_max":["https:\/\/fundaciohospitalariesmartorell.org\/entre-tots\/wp-content\/uploads\/2024\/07\/1df637e2-f5cb-4065-8b4f-c2ea2b7dade8-1320x993.jpeg",1320,993,true]},"post_excerpt_stackable_v2":"<p>L&#8217;Hospital Sagrat Cor, una de les cinc unitats de salut mental on el Departament de Salut est\u00e0 desenvolupant una experi\u00e8ncia pilot de reordenaci\u00f3 de la llarga estada de salut mental, est\u00e0 a punt de celebrar el primer any de la Unitat Funcional de Recuperaci\u00f3 i Projecte de Vida (UFRPV) amb un \u00e8xit remarcable: l&#8217;assoliment de l&#8217;ingr\u00e9s zero de llarga estada. Aquest pla d\u2019optimitzaci\u00f3 reafirma el comprom\u00eds amb un model comunitari d\u2019atenci\u00f3 a la salut mental i les addiccions, amb l\u2019objectiu de promoure la desinstitucionalitzaci\u00f3, transformar les unitats de rehabilitaci\u00f3 hospital\u00e0ria i fomentar un model basat en la recuperaci\u00f3 i els&hellip;<\/p>\n","category_list_v2":"<a href=\"https:\/\/fundaciohospitalariesmartorell.org\/entre-tots\/category\/actualitat\/\" rel=\"category tag\">ACTUALITAT<\/a>","author_info_v2":{"name":"Alba Felip","url":"https:\/\/fundaciohospitalariesmartorell.org\/entre-tots\/author\/afelipr\/"},"comments_num_v2":"0 comments","_links":{"self":[{"href":"https:\/\/fundaciohospitalariesmartorell.org\/entre-tots\/wp-json\/wp\/v2\/posts\/9619","targetHints":{"allow":["GET"]}}],"collection":[{"href":"https:\/\/fundaciohospitalariesmartorell.org\/entre-tots\/wp-json\/wp\/v2\/posts"}],"about":[{"href":"https:\/\/fundaciohospitalariesmartorell.org\/entre-tots\/wp-json\/wp\/v2\/types\/post"}],"author":[{"embeddable":true,"href":"https:\/\/fundaciohospitalariesmartorell.org\/entre-tots\/wp-json\/wp\/v2\/users\/5"}],"replies":[{"embeddable":true,"href":"https:\/\/fundaciohospitalariesmartorell.org\/entre-tots\/wp-json\/wp\/v2\/comments?post=9619"}],"version-history":[{"count":7,"href":"https:\/\/fundaciohospitalariesmartorell.org\/entre-tots\/wp-json\/wp\/v2\/posts\/9619\/revisions"}],"predecessor-version":[{"id":9657,"href":"https:\/\/fundaciohospitalariesmartorell.org\/entre-tots\/wp-json\/wp\/v2\/posts\/9619\/revisions\/9657"}],"wp:featuredmedia":[{"embeddable":true,"href":"https:\/\/fundaciohospitalariesmartorell.org\/entre-tots\/wp-json\/wp\/v2\/media\/9647"}],"wp:attachment":[{"href":"https:\/\/fundaciohospitalariesmartorell.org\/entre-tots\/wp-json\/wp\/v2\/media?parent=9619"}],"wp:term":[{"taxonomy":"category","embeddable":true,"href":"https:\/\/fundaciohospitalariesmartorell.org\/entre-tots\/wp-json\/wp\/v2\/categories?post=9619"},{"taxonomy":"post_tag","embeddable":true,"href":"https:\/\/fundaciohospitalariesmartorell.org\/entre-tots\/wp-json\/wp\/v2\/tags?post=9619"}],"curies":[{"name":"wp","href":"https:\/\/api.w.org\/{rel}","templated":true}]}}