{"id":9629,"date":"2024-07-22T10:48:02","date_gmt":"2024-07-22T09:48:02","guid":{"rendered":"https:\/\/hospitalsagratcormartorell.org\/entre-tots\/?p=9629"},"modified":"2024-07-22T11:15:20","modified_gmt":"2024-07-22T10:15:20","slug":"la-nova-unitat-tca-a-catalunya-radio","status":"publish","type":"post","link":"https:\/\/fundaciohospitalariesmartorell.org\/entre-tots\/2024\/07\/la-nova-unitat-tca-a-catalunya-radio\/","title":{"rendered":"La nova unitat TCA a Catalunya R\u00e0dio"},"content":{"rendered":"\n<p>A l&#8217;informatiu de Catalunya R\u00e0dio del 17 de juliol es va parlar sobre la nova unitat dedicada al tractament de persones adultes amb trastorns de la conducta aliment\u00e0ria (TCA) d&#8217;alta complexitat. Durant el reportatge, van entrevistar una de les persones ateses a aquesta nova unitat, aix\u00ed com el Dr. Fernando Fern\u00e1ndez, cap de la unitat.<\/p>\n\n\n\n<p>Podeu escoltar-ho aqu\u00ed.<\/p>\n\n\n\n<figure class=\"wp-block-audio\"><audio controls src=\"https:\/\/hospitalsagratcormartorell.org\/entre-tots\/wp-content\/uploads\/2024\/07\/Informativo-Catalunya-Radio.mp3\"><\/audio><\/figure>\n","protected":false},"excerpt":{"rendered":"<p>A l&#8217;informatiu de Catalunya R\u00e0dio del 17 de juliol es va parlar sobre la nova unitat dedicada al tractament de persones adultes amb trastorns de la conducta aliment\u00e0ria (TCA) d&#8217;alta complexitat. Durant el reportatge, van entrevistar una de les persones ateses a aquesta nova unitat, aix\u00ed com el Dr. Fernando Fern\u00e1ndez, cap de la unitat. [&hellip;]<\/p>\n","protected":false},"author":5,"featured_media":0,"comment_status":"closed","ping_status":"closed","sticky":false,"template":"","format":"standard","meta":{"footnotes":""},"categories":[44],"tags":[],"class_list":["post-9629","post","type-post","status-publish","format-standard","hentry","category-entre-noticies"],"blocksy_meta":[],"featured_image_urls_v2":{"full":"","thumbnail":"","medium":"","medium_large":"","large":"","1536x1536":"","2048x2048":"","mailpoet_newsletter_max":""},"post_excerpt_stackable_v2":"<p>A l&#8217;informatiu de Catalunya R\u00e0dio del 17 de juliol es va parlar sobre la nova unitat dedicada al tractament de persones adultes amb trastorns de la conducta aliment\u00e0ria (TCA) d&#8217;alta complexitat. Durant el reportatge, van entrevistar una de les persones ateses a aquesta nova unitat, aix\u00ed com el Dr. Fernando Fern\u00e1ndez, cap de la unitat. Podeu escoltar-ho aqu\u00ed.<\/p>\n","category_list_v2":"<a href=\"https:\/\/fundaciohospitalariesmartorell.org\/entre-tots\/category\/entre-noticies\/\" rel=\"category tag\">ENTRE NOT\u00cdCIES<\/a>","author_info_v2":{"name":"Alba Felip","url":"https:\/\/fundaciohospitalariesmartorell.org\/entre-tots\/author\/afelipr\/"},"comments_num_v2":"0 comments","_links":{"self":[{"href":"https:\/\/fundaciohospitalariesmartorell.org\/entre-tots\/wp-json\/wp\/v2\/posts\/9629","targetHints":{"allow":["GET"]}}],"collection":[{"href":"https:\/\/fundaciohospitalariesmartorell.org\/entre-tots\/wp-json\/wp\/v2\/posts"}],"about":[{"href":"https:\/\/fundaciohospitalariesmartorell.org\/entre-tots\/wp-json\/wp\/v2\/types\/post"}],"author":[{"embeddable":true,"href":"https:\/\/fundaciohospitalariesmartorell.org\/entre-tots\/wp-json\/wp\/v2\/users\/5"}],"replies":[{"embeddable":true,"href":"https:\/\/fundaciohospitalariesmartorell.org\/entre-tots\/wp-json\/wp\/v2\/comments?post=9629"}],"version-history":[{"count":2,"href":"https:\/\/fundaciohospitalariesmartorell.org\/entre-tots\/wp-json\/wp\/v2\/posts\/9629\/revisions"}],"predecessor-version":[{"id":9632,"href":"https:\/\/fundaciohospitalariesmartorell.org\/entre-tots\/wp-json\/wp\/v2\/posts\/9629\/revisions\/9632"}],"wp:attachment":[{"href":"https:\/\/fundaciohospitalariesmartorell.org\/entre-tots\/wp-json\/wp\/v2\/media?parent=9629"}],"wp:term":[{"taxonomy":"category","embeddable":true,"href":"https:\/\/fundaciohospitalariesmartorell.org\/entre-tots\/wp-json\/wp\/v2\/categories?post=9629"},{"taxonomy":"post_tag","embeddable":true,"href":"https:\/\/fundaciohospitalariesmartorell.org\/entre-tots\/wp-json\/wp\/v2\/tags?post=9629"}],"curies":[{"name":"wp","href":"https:\/\/api.w.org\/{rel}","templated":true}]}}