{"id":9634,"date":"2024-07-24T08:23:00","date_gmt":"2024-07-24T07:23:00","guid":{"rendered":"https:\/\/hospitalsagratcormartorell.org\/entre-tots\/?p=9634"},"modified":"2024-07-24T08:23:01","modified_gmt":"2024-07-24T07:23:01","slug":"eldiario-es-quan-lanorexia-i-la-bulimia-es-tornen-croniques","status":"publish","type":"post","link":"https:\/\/fundaciohospitalariesmartorell.org\/entre-tots\/2024\/07\/eldiario-es-quan-lanorexia-i-la-bulimia-es-tornen-croniques\/","title":{"rendered":"Eldiario.es: \u201cQuan l\u2019anor\u00e8xia i la bul\u00edmia es tornen cr\u00f2niques\u201d"},"content":{"rendered":"\n<figure class=\"wp-block-image size-large\"><img loading=\"lazy\" decoding=\"async\" width=\"1024\" height=\"511\" src=\"https:\/\/hospitalsagratcormartorell.org\/entre-tots\/wp-content\/uploads\/2024\/07\/Captura-de-pantalla-2024-07-24-a-las-9.22.28-1024x511.png\" alt=\"\" class=\"wp-image-9635\" srcset=\"https:\/\/fundaciohospitalariesmartorell.org\/entre-tots\/wp-content\/uploads\/2024\/07\/Captura-de-pantalla-2024-07-24-a-las-9.22.28-1024x511.png 1024w, https:\/\/fundaciohospitalariesmartorell.org\/entre-tots\/wp-content\/uploads\/2024\/07\/Captura-de-pantalla-2024-07-24-a-las-9.22.28-300x150.png 300w, https:\/\/fundaciohospitalariesmartorell.org\/entre-tots\/wp-content\/uploads\/2024\/07\/Captura-de-pantalla-2024-07-24-a-las-9.22.28-768x383.png 768w, https:\/\/fundaciohospitalariesmartorell.org\/entre-tots\/wp-content\/uploads\/2024\/07\/Captura-de-pantalla-2024-07-24-a-las-9.22.28-1536x766.png 1536w, https:\/\/fundaciohospitalariesmartorell.org\/entre-tots\/wp-content\/uploads\/2024\/07\/Captura-de-pantalla-2024-07-24-a-las-9.22.28-2048x1021.png 2048w, https:\/\/fundaciohospitalariesmartorell.org\/entre-tots\/wp-content\/uploads\/2024\/07\/Captura-de-pantalla-2024-07-24-a-las-9.22.28-1320x658.png 1320w\" sizes=\"auto, (max-width: 1024px) 100vw, 1024px\" \/><\/figure>\n\n\n\n<p>A eldiario.es, es va publicar un reportatge sobre els trastorns de la conducta aliment\u00e0ria en el qual van entrevistar diversos experts i persones amb aquesta problem\u00e0tica. S\u2019hi va fer ress\u00f2 de la nova unitat inaugurada recentment al nostre centre, que tamb\u00e9 \u00e9s la primera dedicada a adults que pateixen aquests trastorns de manera cr\u00f2nica, i van parlar amb el Dr. Fernando Fern\u00e1ndez-Aranda, cap de la nova unitat.<\/p>\n\n\n\n<p>Podeu llegir el reportatge en aquest enlla\u00e7: <a href=\"https:\/\/www.eldiario.es\/catalunya\/anorexia-bulimia-convierten-cronicas-transforma-vida-cadena-perpetua_1_11529989.html\">https:\/\/www.eldiario.es\/catalunya\/anorexia-bulimia-convierten-cronicas-transforma-vida-cadena-perpetua_1_11529989.html<\/a><\/p>\n","protected":false},"excerpt":{"rendered":"<p>A eldiario.es, es va publicar un reportatge sobre els trastorns de la conducta aliment\u00e0ria en el qual van entrevistar diversos experts i persones amb aquesta problem\u00e0tica. S\u2019hi va fer ress\u00f2 de la nova unitat inaugurada recentment al nostre centre, que tamb\u00e9 \u00e9s la primera dedicada a adults que pateixen aquests trastorns de manera cr\u00f2nica, i [&hellip;]<\/p>\n","protected":false},"author":5,"featured_media":0,"comment_status":"closed","ping_status":"closed","sticky":false,"template":"","format":"standard","meta":{"footnotes":""},"categories":[44],"tags":[],"class_list":["post-9634","post","type-post","status-publish","format-standard","hentry","category-entre-noticies"],"blocksy_meta":[],"featured_image_urls_v2":{"full":"","thumbnail":"","medium":"","medium_large":"","large":"","1536x1536":"","2048x2048":"","mailpoet_newsletter_max":""},"post_excerpt_stackable_v2":"<p>A eldiario.es, es va publicar un reportatge sobre els trastorns de la conducta aliment\u00e0ria en el qual van entrevistar diversos experts i persones amb aquesta problem\u00e0tica. S\u2019hi va fer ress\u00f2 de la nova unitat inaugurada recentment al nostre centre, que tamb\u00e9 \u00e9s la primera dedicada a adults que pateixen aquests trastorns de manera cr\u00f2nica, i van parlar amb el Dr. Fernando Fern\u00e1ndez-Aranda, cap de la nova unitat. Podeu llegir el reportatge en aquest enlla\u00e7: https:\/\/www.eldiario.es\/catalunya\/anorexia-bulimia-convierten-cronicas-transforma-vida-cadena-perpetua_1_11529989.html<\/p>\n","category_list_v2":"<a href=\"https:\/\/fundaciohospitalariesmartorell.org\/entre-tots\/category\/entre-noticies\/\" rel=\"category tag\">ENTRE NOT\u00cdCIES<\/a>","author_info_v2":{"name":"Alba Felip","url":"https:\/\/fundaciohospitalariesmartorell.org\/entre-tots\/author\/afelipr\/"},"comments_num_v2":"0 comments","_links":{"self":[{"href":"https:\/\/fundaciohospitalariesmartorell.org\/entre-tots\/wp-json\/wp\/v2\/posts\/9634","targetHints":{"allow":["GET"]}}],"collection":[{"href":"https:\/\/fundaciohospitalariesmartorell.org\/entre-tots\/wp-json\/wp\/v2\/posts"}],"about":[{"href":"https:\/\/fundaciohospitalariesmartorell.org\/entre-tots\/wp-json\/wp\/v2\/types\/post"}],"author":[{"embeddable":true,"href":"https:\/\/fundaciohospitalariesmartorell.org\/entre-tots\/wp-json\/wp\/v2\/users\/5"}],"replies":[{"embeddable":true,"href":"https:\/\/fundaciohospitalariesmartorell.org\/entre-tots\/wp-json\/wp\/v2\/comments?post=9634"}],"version-history":[{"count":1,"href":"https:\/\/fundaciohospitalariesmartorell.org\/entre-tots\/wp-json\/wp\/v2\/posts\/9634\/revisions"}],"predecessor-version":[{"id":9636,"href":"https:\/\/fundaciohospitalariesmartorell.org\/entre-tots\/wp-json\/wp\/v2\/posts\/9634\/revisions\/9636"}],"wp:attachment":[{"href":"https:\/\/fundaciohospitalariesmartorell.org\/entre-tots\/wp-json\/wp\/v2\/media?parent=9634"}],"wp:term":[{"taxonomy":"category","embeddable":true,"href":"https:\/\/fundaciohospitalariesmartorell.org\/entre-tots\/wp-json\/wp\/v2\/categories?post=9634"},{"taxonomy":"post_tag","embeddable":true,"href":"https:\/\/fundaciohospitalariesmartorell.org\/entre-tots\/wp-json\/wp\/v2\/tags?post=9634"}],"curies":[{"name":"wp","href":"https:\/\/api.w.org\/{rel}","templated":true}]}}