{"id":9689,"date":"2024-09-04T10:43:43","date_gmt":"2024-09-04T09:43:43","guid":{"rendered":"https:\/\/hospitalsagratcormartorell.org\/entre-tots\/?p=9689"},"modified":"2024-09-09T08:25:02","modified_gmt":"2024-09-09T07:25:02","slug":"visita-a-lobrador-de-mallart-la-primera-xarcuteria-social","status":"publish","type":"post","link":"https:\/\/fundaciohospitalariesmartorell.org\/entre-tots\/2024\/09\/visita-a-lobrador-de-mallart-la-primera-xarcuteria-social\/","title":{"rendered":"Visita a l\u2019obrador de Mallart, la primera xarcuteria social"},"content":{"rendered":"\n<figure class=\"wp-block-image size-large\"><img loading=\"lazy\" decoding=\"async\" width=\"1024\" height=\"768\" src=\"https:\/\/hospitalsagratcormartorell.org\/entre-tots\/wp-content\/uploads\/2024\/09\/Visita-Mallart-1024x768.jpeg\" alt=\"\" class=\"wp-image-9690\" srcset=\"https:\/\/fundaciohospitalariesmartorell.org\/entre-tots\/wp-content\/uploads\/2024\/09\/Visita-Mallart-1024x768.jpeg 1024w, https:\/\/fundaciohospitalariesmartorell.org\/entre-tots\/wp-content\/uploads\/2024\/09\/Visita-Mallart-300x225.jpeg 300w, https:\/\/fundaciohospitalariesmartorell.org\/entre-tots\/wp-content\/uploads\/2024\/09\/Visita-Mallart-768x576.jpeg 768w, https:\/\/fundaciohospitalariesmartorell.org\/entre-tots\/wp-content\/uploads\/2024\/09\/Visita-Mallart-1536x1152.jpeg 1536w, https:\/\/fundaciohospitalariesmartorell.org\/entre-tots\/wp-content\/uploads\/2024\/09\/Visita-Mallart-2048x1536.jpeg 2048w, https:\/\/fundaciohospitalariesmartorell.org\/entre-tots\/wp-content\/uploads\/2024\/09\/Visita-Mallart-1320x990.jpeg 1320w\" sizes=\"auto, (max-width: 1024px) 100vw, 1024px\" \/><\/figure>\n\n\n\n<p>Una delegaci\u00f3 de l\u2019Hospital Sagrat Cor, integrada pel Dr. Jes\u00fas Ezquerra, Dr. Carles Franquelo i Dr. Santi Bernades, ha visitat recentment l\u2019obrador de <a href=\"https:\/\/embotitsmallart.com\/\">Mallart<\/a>, situat a la Llacuna. L\u2019objectiu principal de la visita ha estat con\u00e8ixer de primera m\u00e0 la xarcuteria social, una iniciativa pionera impulsada per la <a href=\"https:\/\/masalborna.org\/\">Fundaci\u00f3 Mas Alborn\u00e0<\/a>. Aquest projecte es distingeix per la seva aposta per l\u2019elaboraci\u00f3 de productes de qualitat i per un model innovador que integra la Responsabilitat Social Corporativa (RSC) amb la inclusi\u00f3 social.<\/p>\n\n\n\n<p>La visita tamb\u00e9 ha servit per enfortir les sinergies entre l\u2019hospital i la Fundaci\u00f3 Mas Alborn\u00e0, fomentant el coneixement compartit que permet treballar conjuntament per al benestar de les persones ateses per ambdues entitats. De fet, Carles Franquelo, director m\u00e8dic de l\u2019Hospital, \u00e9s membre del patronat de la fundaci\u00f3.<\/p>\n","protected":false},"excerpt":{"rendered":"<p>Una delegaci\u00f3 de l\u2019Hospital Sagrat Cor, integrada pel Dr. Jes\u00fas Ezquerra, Dr. Carles Franquelo i Dr. Santi Bernades, ha visitat recentment l\u2019obrador de Mallart, situat a la Llacuna. L\u2019objectiu principal de la visita ha estat con\u00e8ixer de primera m\u00e0 la xarcuteria social, una iniciativa pionera impulsada per la Fundaci\u00f3 Mas Alborn\u00e0. Aquest projecte es distingeix [&hellip;]<\/p>\n","protected":false},"author":5,"featured_media":9690,"comment_status":"closed","ping_status":"closed","sticky":false,"template":"","format":"standard","meta":{"footnotes":""},"categories":[27],"tags":[],"class_list":["post-9689","post","type-post","status-publish","format-standard","has-post-thumbnail","hentry","category-actualitat"],"blocksy_meta":[],"featured_image_urls_v2":{"full":["https:\/\/fundaciohospitalariesmartorell.org\/entre-tots\/wp-content\/uploads\/2024\/09\/Visita-Mallart-scaled.jpeg",2560,1920,false],"thumbnail":["https:\/\/fundaciohospitalariesmartorell.org\/entre-tots\/wp-content\/uploads\/2024\/09\/Visita-Mallart-150x150.jpeg",150,150,true],"medium":["https:\/\/fundaciohospitalariesmartorell.org\/entre-tots\/wp-content\/uploads\/2024\/09\/Visita-Mallart-300x225.jpeg",300,225,true],"medium_large":["https:\/\/fundaciohospitalariesmartorell.org\/entre-tots\/wp-content\/uploads\/2024\/09\/Visita-Mallart-768x576.jpeg",768,576,true],"large":["https:\/\/fundaciohospitalariesmartorell.org\/entre-tots\/wp-content\/uploads\/2024\/09\/Visita-Mallart-1024x768.jpeg",1024,768,true],"1536x1536":["https:\/\/fundaciohospitalariesmartorell.org\/entre-tots\/wp-content\/uploads\/2024\/09\/Visita-Mallart-1536x1152.jpeg",1536,1152,true],"2048x2048":["https:\/\/fundaciohospitalariesmartorell.org\/entre-tots\/wp-content\/uploads\/2024\/09\/Visita-Mallart-2048x1536.jpeg",2048,1536,true],"mailpoet_newsletter_max":["https:\/\/fundaciohospitalariesmartorell.org\/entre-tots\/wp-content\/uploads\/2024\/09\/Visita-Mallart-1320x990.jpeg",1320,990,true]},"post_excerpt_stackable_v2":"<p>Una delegaci\u00f3 de l\u2019Hospital Sagrat Cor, integrada pel Dr. Jes\u00fas Ezquerra, Dr. Carles Franquelo i Dr. Santi Bernades, ha visitat recentment l\u2019obrador de Mallart, situat a la Llacuna. L\u2019objectiu principal de la visita ha estat con\u00e8ixer de primera m\u00e0 la xarcuteria social, una iniciativa pionera impulsada per la Fundaci\u00f3 Mas Alborn\u00e0. Aquest projecte es distingeix per la seva aposta per l\u2019elaboraci\u00f3 de productes de qualitat i per un model innovador que integra la Responsabilitat Social Corporativa (RSC) amb la inclusi\u00f3 social. La visita tamb\u00e9 ha servit per enfortir les sinergies entre l\u2019hospital i la Fundaci\u00f3 Mas Alborn\u00e0, fomentant el coneixement&hellip;<\/p>\n","category_list_v2":"<a href=\"https:\/\/fundaciohospitalariesmartorell.org\/entre-tots\/category\/actualitat\/\" rel=\"category tag\">ACTUALITAT<\/a>","author_info_v2":{"name":"Alba Felip","url":"https:\/\/fundaciohospitalariesmartorell.org\/entre-tots\/author\/afelipr\/"},"comments_num_v2":"0 comments","_links":{"self":[{"href":"https:\/\/fundaciohospitalariesmartorell.org\/entre-tots\/wp-json\/wp\/v2\/posts\/9689","targetHints":{"allow":["GET"]}}],"collection":[{"href":"https:\/\/fundaciohospitalariesmartorell.org\/entre-tots\/wp-json\/wp\/v2\/posts"}],"about":[{"href":"https:\/\/fundaciohospitalariesmartorell.org\/entre-tots\/wp-json\/wp\/v2\/types\/post"}],"author":[{"embeddable":true,"href":"https:\/\/fundaciohospitalariesmartorell.org\/entre-tots\/wp-json\/wp\/v2\/users\/5"}],"replies":[{"embeddable":true,"href":"https:\/\/fundaciohospitalariesmartorell.org\/entre-tots\/wp-json\/wp\/v2\/comments?post=9689"}],"version-history":[{"count":2,"href":"https:\/\/fundaciohospitalariesmartorell.org\/entre-tots\/wp-json\/wp\/v2\/posts\/9689\/revisions"}],"predecessor-version":[{"id":9712,"href":"https:\/\/fundaciohospitalariesmartorell.org\/entre-tots\/wp-json\/wp\/v2\/posts\/9689\/revisions\/9712"}],"wp:featuredmedia":[{"embeddable":true,"href":"https:\/\/fundaciohospitalariesmartorell.org\/entre-tots\/wp-json\/wp\/v2\/media\/9690"}],"wp:attachment":[{"href":"https:\/\/fundaciohospitalariesmartorell.org\/entre-tots\/wp-json\/wp\/v2\/media?parent=9689"}],"wp:term":[{"taxonomy":"category","embeddable":true,"href":"https:\/\/fundaciohospitalariesmartorell.org\/entre-tots\/wp-json\/wp\/v2\/categories?post=9689"},{"taxonomy":"post_tag","embeddable":true,"href":"https:\/\/fundaciohospitalariesmartorell.org\/entre-tots\/wp-json\/wp\/v2\/tags?post=9689"}],"curies":[{"name":"wp","href":"https:\/\/api.w.org\/{rel}","templated":true}]}}