{"id":9692,"date":"2024-09-04T10:49:27","date_gmt":"2024-09-04T09:49:27","guid":{"rendered":"https:\/\/hospitalsagratcormartorell.org\/entre-tots\/?p=9692"},"modified":"2024-09-30T09:44:51","modified_gmt":"2024-09-30T08:44:51","slug":"la-dra-carolina-georgina-gavotti-assumeix-la-coordinacio-dels-serveis-de-salut-mental-comunitaris-del-bergueda","status":"publish","type":"post","link":"https:\/\/fundaciohospitalariesmartorell.org\/entre-tots\/2024\/09\/la-dra-carolina-georgina-gavotti-assumeix-la-coordinacio-dels-serveis-de-salut-mental-comunitaris-del-bergueda\/","title":{"rendered":"La Dra. Georgina Carolina Gavotti nova coordinadora dels Serveis Comunitaris del Bergued\u00e0"},"content":{"rendered":"\n<figure class=\"wp-block-image size-large\"><img loading=\"lazy\" decoding=\"async\" width=\"1024\" height=\"686\" src=\"https:\/\/hospitalsagratcormartorell.org\/entre-tots\/wp-content\/uploads\/2024\/09\/IMG_6440-2-scaled-e1726652142126-1024x686.jpg\" alt=\"\" class=\"wp-image-9778\" srcset=\"https:\/\/fundaciohospitalariesmartorell.org\/entre-tots\/wp-content\/uploads\/2024\/09\/IMG_6440-2-scaled-e1726652142126-1024x686.jpg 1024w, https:\/\/fundaciohospitalariesmartorell.org\/entre-tots\/wp-content\/uploads\/2024\/09\/IMG_6440-2-scaled-e1726652142126-300x201.jpg 300w, https:\/\/fundaciohospitalariesmartorell.org\/entre-tots\/wp-content\/uploads\/2024\/09\/IMG_6440-2-scaled-e1726652142126-768x515.jpg 768w, https:\/\/fundaciohospitalariesmartorell.org\/entre-tots\/wp-content\/uploads\/2024\/09\/IMG_6440-2-scaled-e1726652142126-1536x1029.jpg 1536w, https:\/\/fundaciohospitalariesmartorell.org\/entre-tots\/wp-content\/uploads\/2024\/09\/IMG_6440-2-scaled-e1726652142126-2048x1372.jpg 2048w, https:\/\/fundaciohospitalariesmartorell.org\/entre-tots\/wp-content\/uploads\/2024\/09\/IMG_6440-2-scaled-e1726652142126-1320x884.jpg 1320w\" sizes=\"auto, (max-width: 1024px) 100vw, 1024px\" \/><\/figure>\n\n\n\n<p>La Dra. Georgina Carolina Gavotti ha estat nomenada com a nova coordinadora dels Serveis de Salut Mental Comunitaris del Bergued\u00e0, prenent el relleu de la<a href=\"https:\/\/hospitalsagratcormartorell.org\/entre-tots\/2024\/06\/la-dra-montserrat-guitart-nova-coordinadora-de-larea-datencio-comunitaria-en-salut-mental-de-lhospital-sagrat-cor\/\" data-type=\"post\" data-id=\"9500\"> Dra. Montserrat Guitart<\/a>, qui recentment ha estat designada coordinadora de l\u2019\u00c0rea d\u2019Atenci\u00f3 Comunit\u00e0ria en salut mental de l&#8217;Hospital Sagrat Cor.<\/p>\n\n\n\n<p>La Dra. Gavotti, que ha demostrat una destacada traject\u00f2ria professional dins la nostra Instituci\u00f3, \u00e9s coneguda per la seva gran professionalitat, comprom\u00eds i dedicaci\u00f3 en l\u2019atenci\u00f3 a les persones amb necessitats de salut mental. La seva experi\u00e8ncia i lideratge s\u00f3n garantia de continu\u00eftat i excel\u00b7l\u00e8ncia en els serveis que ofereixen els Serveis de Salut Mental Comunitaris del Bergued\u00e0.<\/p>\n","protected":false},"excerpt":{"rendered":"<p>La Dra. Georgina Carolina Gavotti ha estat nomenada com a nova coordinadora dels Serveis de Salut Mental Comunitaris del Bergued\u00e0, prenent el relleu de la Dra. Montserrat Guitart, qui recentment ha estat designada coordinadora de l\u2019\u00c0rea d\u2019Atenci\u00f3 Comunit\u00e0ria en salut mental de l&#8217;Hospital Sagrat Cor. La Dra. Gavotti, que ha demostrat una destacada traject\u00f2ria professional [&hellip;]<\/p>\n","protected":false},"author":5,"featured_media":9778,"comment_status":"closed","ping_status":"closed","sticky":false,"template":"","format":"standard","meta":{"footnotes":""},"categories":[27],"tags":[],"class_list":["post-9692","post","type-post","status-publish","format-standard","has-post-thumbnail","hentry","category-actualitat"],"blocksy_meta":[],"featured_image_urls_v2":{"full":["https:\/\/fundaciohospitalariesmartorell.org\/entre-tots\/wp-content\/uploads\/2024\/09\/IMG_6440-2-scaled-e1726652142126.jpg",2560,1715,false],"thumbnail":["https:\/\/fundaciohospitalariesmartorell.org\/entre-tots\/wp-content\/uploads\/2024\/09\/IMG_6440-2-scaled-e1726652142126-150x150.jpg",150,150,true],"medium":["https:\/\/fundaciohospitalariesmartorell.org\/entre-tots\/wp-content\/uploads\/2024\/09\/IMG_6440-2-scaled-e1726652142126-300x201.jpg",300,201,true],"medium_large":["https:\/\/fundaciohospitalariesmartorell.org\/entre-tots\/wp-content\/uploads\/2024\/09\/IMG_6440-2-scaled-e1726652142126-768x515.jpg",768,515,true],"large":["https:\/\/fundaciohospitalariesmartorell.org\/entre-tots\/wp-content\/uploads\/2024\/09\/IMG_6440-2-scaled-e1726652142126-1024x686.jpg",1024,686,true],"1536x1536":["https:\/\/fundaciohospitalariesmartorell.org\/entre-tots\/wp-content\/uploads\/2024\/09\/IMG_6440-2-scaled-e1726652142126-1536x1029.jpg",1536,1029,true],"2048x2048":["https:\/\/fundaciohospitalariesmartorell.org\/entre-tots\/wp-content\/uploads\/2024\/09\/IMG_6440-2-scaled-e1726652142126-2048x1372.jpg",2048,1372,true],"mailpoet_newsletter_max":["https:\/\/fundaciohospitalariesmartorell.org\/entre-tots\/wp-content\/uploads\/2024\/09\/IMG_6440-2-scaled-e1726652142126-1320x884.jpg",1320,884,true]},"post_excerpt_stackable_v2":"<p>La Dra. Georgina Carolina Gavotti ha estat nomenada com a nova coordinadora dels Serveis de Salut Mental Comunitaris del Bergued\u00e0, prenent el relleu de la Dra. Montserrat Guitart, qui recentment ha estat designada coordinadora de l\u2019\u00c0rea d\u2019Atenci\u00f3 Comunit\u00e0ria en salut mental de l&#8217;Hospital Sagrat Cor. La Dra. Gavotti, que ha demostrat una destacada traject\u00f2ria professional dins la nostra Instituci\u00f3, \u00e9s coneguda per la seva gran professionalitat, comprom\u00eds i dedicaci\u00f3 en l\u2019atenci\u00f3 a les persones amb necessitats de salut mental. La seva experi\u00e8ncia i lideratge s\u00f3n garantia de continu\u00eftat i excel\u00b7l\u00e8ncia en els serveis que ofereixen els Serveis de Salut Mental&hellip;<\/p>\n","category_list_v2":"<a href=\"https:\/\/fundaciohospitalariesmartorell.org\/entre-tots\/category\/actualitat\/\" rel=\"category tag\">ACTUALITAT<\/a>","author_info_v2":{"name":"Alba Felip","url":"https:\/\/fundaciohospitalariesmartorell.org\/entre-tots\/author\/afelipr\/"},"comments_num_v2":"0 comments","_links":{"self":[{"href":"https:\/\/fundaciohospitalariesmartorell.org\/entre-tots\/wp-json\/wp\/v2\/posts\/9692","targetHints":{"allow":["GET"]}}],"collection":[{"href":"https:\/\/fundaciohospitalariesmartorell.org\/entre-tots\/wp-json\/wp\/v2\/posts"}],"about":[{"href":"https:\/\/fundaciohospitalariesmartorell.org\/entre-tots\/wp-json\/wp\/v2\/types\/post"}],"author":[{"embeddable":true,"href":"https:\/\/fundaciohospitalariesmartorell.org\/entre-tots\/wp-json\/wp\/v2\/users\/5"}],"replies":[{"embeddable":true,"href":"https:\/\/fundaciohospitalariesmartorell.org\/entre-tots\/wp-json\/wp\/v2\/comments?post=9692"}],"version-history":[{"count":5,"href":"https:\/\/fundaciohospitalariesmartorell.org\/entre-tots\/wp-json\/wp\/v2\/posts\/9692\/revisions"}],"predecessor-version":[{"id":9874,"href":"https:\/\/fundaciohospitalariesmartorell.org\/entre-tots\/wp-json\/wp\/v2\/posts\/9692\/revisions\/9874"}],"wp:featuredmedia":[{"embeddable":true,"href":"https:\/\/fundaciohospitalariesmartorell.org\/entre-tots\/wp-json\/wp\/v2\/media\/9778"}],"wp:attachment":[{"href":"https:\/\/fundaciohospitalariesmartorell.org\/entre-tots\/wp-json\/wp\/v2\/media?parent=9692"}],"wp:term":[{"taxonomy":"category","embeddable":true,"href":"https:\/\/fundaciohospitalariesmartorell.org\/entre-tots\/wp-json\/wp\/v2\/categories?post=9692"},{"taxonomy":"post_tag","embeddable":true,"href":"https:\/\/fundaciohospitalariesmartorell.org\/entre-tots\/wp-json\/wp\/v2\/tags?post=9692"}],"curies":[{"name":"wp","href":"https:\/\/api.w.org\/{rel}","templated":true}]}}