{"id":9697,"date":"2024-09-04T13:13:37","date_gmt":"2024-09-04T12:13:37","guid":{"rendered":"https:\/\/hospitalsagratcormartorell.org\/entre-tots\/?p=9697"},"modified":"2024-09-04T13:13:38","modified_gmt":"2024-09-04T12:13:38","slug":"roger-ballesca-parla-a-rac1-sobre-salut-mental-dels-joves","status":"publish","type":"post","link":"https:\/\/fundaciohospitalariesmartorell.org\/entre-tots\/2024\/09\/roger-ballesca-parla-a-rac1-sobre-salut-mental-dels-joves\/","title":{"rendered":"Roger Ballesc\u00e0 parla a RAC1 sobre salut mental dels joves"},"content":{"rendered":"\n<p>L&#8217;ansietat, la depressi\u00f3, les conductes su\u00efcides o l&#8217;ab\u00fas de subst\u00e0ncies s\u00f3n alguns dels motius de consulta m\u00e9s freq\u00fcents entre els joves als centres de salut mental de Catalunya. Poder mantenir la continu\u00eftat i la freq\u00fc\u00e8ncia de les visites al psic\u00f2leg \u00e9s, segons el coordinador de l&#8217;\u00e0rea de salut mental infantojuvenil de l&#8217;Hospital Sagrat Cor, Roger Ballesc\u00e0, fonamental per garantir una millora efectiva en la salut mental dels pacients i per prevenir la cronicitat dels trastorns. Aix\u00ed ho ha explicat en aquesta intervenci\u00f3 a RAC1.<\/p>\n\n\n\n<figure class=\"wp-block-audio\"><audio controls src=\"https:\/\/hospitalsagratcormartorell.org\/entre-tots\/wp-content\/uploads\/2024\/09\/RAC1-Agost-24-Roger-Ballesca.mp3\"><\/audio><\/figure>\n\n\n\n<p>Llegir la noticia completa, <a href=\"https:\/\/www.rac1.cat\/salut\/20240812\/191253\/salut-mental-joves-llista-espera-dos-mesos-mig-primera-cita-psicoleg-public.html\">aqu\u00ed<\/a>.<\/p>\n","protected":false},"excerpt":{"rendered":"<p>L&#8217;ansietat, la depressi\u00f3, les conductes su\u00efcides o l&#8217;ab\u00fas de subst\u00e0ncies s\u00f3n alguns dels motius de consulta m\u00e9s freq\u00fcents entre els joves als centres de salut mental de Catalunya. Poder mantenir la continu\u00eftat i la freq\u00fc\u00e8ncia de les visites al psic\u00f2leg \u00e9s, segons el coordinador de l&#8217;\u00e0rea de salut mental infantojuvenil de l&#8217;Hospital Sagrat Cor, Roger [&hellip;]<\/p>\n","protected":false},"author":5,"featured_media":0,"comment_status":"closed","ping_status":"closed","sticky":false,"template":"","format":"standard","meta":{"footnotes":""},"categories":[44],"tags":[],"class_list":["post-9697","post","type-post","status-publish","format-standard","hentry","category-entre-noticies"],"blocksy_meta":[],"featured_image_urls_v2":{"full":"","thumbnail":"","medium":"","medium_large":"","large":"","1536x1536":"","2048x2048":"","mailpoet_newsletter_max":""},"post_excerpt_stackable_v2":"<p>L&#8217;ansietat, la depressi\u00f3, les conductes su\u00efcides o l&#8217;ab\u00fas de subst\u00e0ncies s\u00f3n alguns dels motius de consulta m\u00e9s freq\u00fcents entre els joves als centres de salut mental de Catalunya. Poder mantenir la continu\u00eftat i la freq\u00fc\u00e8ncia de les visites al psic\u00f2leg \u00e9s, segons el coordinador de l&#8217;\u00e0rea de salut mental infantojuvenil de l&#8217;Hospital Sagrat Cor, Roger Ballesc\u00e0, fonamental per garantir una millora efectiva en la salut mental dels pacients i per prevenir la cronicitat dels trastorns. Aix\u00ed ho ha explicat en aquesta intervenci\u00f3 a RAC1. Llegir la noticia completa, aqu\u00ed.<\/p>\n","category_list_v2":"<a href=\"https:\/\/fundaciohospitalariesmartorell.org\/entre-tots\/category\/entre-noticies\/\" rel=\"category tag\">ENTRE NOT\u00cdCIES<\/a>","author_info_v2":{"name":"Alba Felip","url":"https:\/\/fundaciohospitalariesmartorell.org\/entre-tots\/author\/afelipr\/"},"comments_num_v2":"0 comments","_links":{"self":[{"href":"https:\/\/fundaciohospitalariesmartorell.org\/entre-tots\/wp-json\/wp\/v2\/posts\/9697","targetHints":{"allow":["GET"]}}],"collection":[{"href":"https:\/\/fundaciohospitalariesmartorell.org\/entre-tots\/wp-json\/wp\/v2\/posts"}],"about":[{"href":"https:\/\/fundaciohospitalariesmartorell.org\/entre-tots\/wp-json\/wp\/v2\/types\/post"}],"author":[{"embeddable":true,"href":"https:\/\/fundaciohospitalariesmartorell.org\/entre-tots\/wp-json\/wp\/v2\/users\/5"}],"replies":[{"embeddable":true,"href":"https:\/\/fundaciohospitalariesmartorell.org\/entre-tots\/wp-json\/wp\/v2\/comments?post=9697"}],"version-history":[{"count":1,"href":"https:\/\/fundaciohospitalariesmartorell.org\/entre-tots\/wp-json\/wp\/v2\/posts\/9697\/revisions"}],"predecessor-version":[{"id":9698,"href":"https:\/\/fundaciohospitalariesmartorell.org\/entre-tots\/wp-json\/wp\/v2\/posts\/9697\/revisions\/9698"}],"wp:attachment":[{"href":"https:\/\/fundaciohospitalariesmartorell.org\/entre-tots\/wp-json\/wp\/v2\/media?parent=9697"}],"wp:term":[{"taxonomy":"category","embeddable":true,"href":"https:\/\/fundaciohospitalariesmartorell.org\/entre-tots\/wp-json\/wp\/v2\/categories?post=9697"},{"taxonomy":"post_tag","embeddable":true,"href":"https:\/\/fundaciohospitalariesmartorell.org\/entre-tots\/wp-json\/wp\/v2\/tags?post=9697"}],"curies":[{"name":"wp","href":"https:\/\/api.w.org\/{rel}","templated":true}]}}