{"id":9699,"date":"2024-09-06T08:25:42","date_gmt":"2024-09-06T07:25:42","guid":{"rendered":"https:\/\/hospitalsagratcormartorell.org\/entre-tots\/?p=9699"},"modified":"2024-09-06T10:03:52","modified_gmt":"2024-09-06T09:03:52","slug":"el-dia-mundial-de-la-fisioterapia-posa-el-focus-en-la-lumbalgia","status":"publish","type":"post","link":"https:\/\/fundaciohospitalariesmartorell.org\/entre-tots\/2024\/09\/el-dia-mundial-de-la-fisioterapia-posa-el-focus-en-la-lumbalgia\/","title":{"rendered":"El Dia Mundial de la Fisioter\u00e0pia posa el focus en la lumb\u00e0lgia"},"content":{"rendered":"<figure class=\"wp-block-post-featured-image\"><img loading=\"lazy\" decoding=\"async\" width=\"2000\" height=\"1376\" src=\"https:\/\/fundaciohospitalariesmartorell.org\/entre-tots\/wp-content\/uploads\/2024\/09\/WhatsApp-Image-2024-09-05-at-10.26.09-e1725607677962.jpeg\" class=\"attachment-post-thumbnail size-post-thumbnail wp-post-image\" alt=\"\" style=\"object-fit:cover;\" srcset=\"https:\/\/fundaciohospitalariesmartorell.org\/entre-tots\/wp-content\/uploads\/2024\/09\/WhatsApp-Image-2024-09-05-at-10.26.09-e1725607677962.jpeg 2000w, https:\/\/fundaciohospitalariesmartorell.org\/entre-tots\/wp-content\/uploads\/2024\/09\/WhatsApp-Image-2024-09-05-at-10.26.09-e1725607677962-300x206.jpeg 300w, https:\/\/fundaciohospitalariesmartorell.org\/entre-tots\/wp-content\/uploads\/2024\/09\/WhatsApp-Image-2024-09-05-at-10.26.09-e1725607677962-1024x705.jpeg 1024w, https:\/\/fundaciohospitalariesmartorell.org\/entre-tots\/wp-content\/uploads\/2024\/09\/WhatsApp-Image-2024-09-05-at-10.26.09-e1725607677962-768x528.jpeg 768w, https:\/\/fundaciohospitalariesmartorell.org\/entre-tots\/wp-content\/uploads\/2024\/09\/WhatsApp-Image-2024-09-05-at-10.26.09-e1725607677962-1536x1057.jpeg 1536w, https:\/\/fundaciohospitalariesmartorell.org\/entre-tots\/wp-content\/uploads\/2024\/09\/WhatsApp-Image-2024-09-05-at-10.26.09-e1725607677962-1320x908.jpeg 1320w\" sizes=\"auto, (max-width: 2000px) 100vw, 2000px\" \/><\/figure>\n\n\n<p>La lumb\u00e0lgia \u00e9s la principal causa de discapacitat a tot el m\u00f3n i pot afectar persones de qualsevol edat. Gaireb\u00e9 tots i totes l&#8217;experimentarem en algun moment de la nostra vida, tot i que pocs casos s\u2019acaben cronificant. El 90% dels dolors lumbars s\u00f3n inespec\u00edfics i sovint es deuen a una combinaci\u00f3 de diversos factors.<\/p>\n\n\n\n<p>Enguany, el Dia Mundial de la Fisioter\u00e0pia posa el focus en aquesta afecci\u00f3. Per aix\u00f2, volem destacar la tasca de l\u2019equip de fisioterapeutes de l&#8217;Hospital Sagrat Cor. Professionals que no nom\u00e9s tracten el dolor, sin\u00f3 que tamb\u00e9 se centren en l&#8217;educaci\u00f3 per aprendre a gestionar-lo, supervisen exercicis per millorar la for\u00e7a i ofereixen consells sobre estils de vida saludables, entre moltes altres coses.<\/p>\n\n\n\n<p>A m\u00e9s, des del Servei de Rehabilitaci\u00f3 F\u00edsica, i dirigit espec\u00edficament a la prevenci\u00f3 de lumb\u00e0lgies, tamb\u00e9 s\u2019organitza el Taller d&#8217;Escola d&#8217;Esquena per al personal col\u00b7laborador de l\u2019hospital, enfocat a la prevenci\u00f3 de lesions i dolors d\u2019esquena. Enguany, han incorporat la <a href=\"https:\/\/hospitalsagratcormartorell.org\/entre-tots\/2024\/05\/la-marxa-nordica-una-potent-eina-terapeutica-integral-de-promocio-de-la-salut\/\" data-type=\"post\" data-id=\"9228\">marxa n\u00f2rdica<\/a> com a part de la seva cartera de serveis, indicada tamb\u00e9 per a pacients amb lumb\u00e0lgies.<\/p>\n\n\n\n<p>Us fem a mans una infografia amb alguns exercicis per prevenir i millorar el dolor de la lumb\u00e0lgia, elaborada per <a href=\"https:\/\/world.physio\/es\/wptday\">World Physiotherapy<\/a> (Confederaci\u00f3 Mundial de Ter\u00e0pia F\u00edsica).<\/p>\n\n\n\n<div data-wp-interactive=\"core\/file\" class=\"wp-block-file\"><object data-wp-bind--hidden=\"!state.hasPdfPreview\" hidden class=\"wp-block-file__embed\" data=\"https:\/\/hospitalsagratcormartorell.org\/entre-tots\/wp-content\/uploads\/2024\/09\/Exercicis-lumbalgia.pdf\" type=\"application\/pdf\" style=\"width:100%;height:600px\" aria-label=\"Incrustaci\u00f3 del fitxer Exercicis per a la lumb\u00e0lgia.\"><\/object><a id=\"wp-block-file--media-6a37681a-3244-4f17-b942-553092206728\" href=\"https:\/\/hospitalsagratcormartorell.org\/entre-tots\/wp-content\/uploads\/2024\/09\/Exercicis-lumbalgia.pdf\">Exercicis per a la lumb\u00e0lgia<\/a><a href=\"https:\/\/hospitalsagratcormartorell.org\/entre-tots\/wp-content\/uploads\/2024\/09\/Exercicis-lumbalgia.pdf\" class=\"wp-block-file__button wp-element-button\" download aria-describedby=\"wp-block-file--media-6a37681a-3244-4f17-b942-553092206728\">Baixa<\/a><\/div>\n\n\n\n<p>Gr\u00e0cies als i les nostres fisioterapeutes per la seva dedicaci\u00f3 i comprom\u00eds amb el benestar de les persones que atenem!&nbsp;<\/p>\n","protected":false},"excerpt":{"rendered":"<p>La lumb\u00e0lgia \u00e9s la principal causa de discapacitat a tot el m\u00f3n i pot afectar persones de qualsevol edat. Gaireb\u00e9 tots i totes l&#8217;experimentarem en algun moment de la nostra vida, tot i que pocs casos s\u2019acaben cronificant. El 90% dels dolors lumbars s\u00f3n inespec\u00edfics i sovint es deuen a una combinaci\u00f3 de diversos factors. [&hellip;]<\/p>\n","protected":false},"author":5,"featured_media":9700,"comment_status":"closed","ping_status":"closed","sticky":false,"template":"","format":"standard","meta":{"footnotes":""},"categories":[27],"tags":[],"class_list":["post-9699","post","type-post","status-publish","format-standard","has-post-thumbnail","hentry","category-actualitat"],"blocksy_meta":[],"featured_image_urls_v2":{"full":["https:\/\/fundaciohospitalariesmartorell.org\/entre-tots\/wp-content\/uploads\/2024\/09\/WhatsApp-Image-2024-09-05-at-10.26.09-e1725607677962.jpeg",2000,1376,false],"thumbnail":["https:\/\/fundaciohospitalariesmartorell.org\/entre-tots\/wp-content\/uploads\/2024\/09\/WhatsApp-Image-2024-09-05-at-10.26.09-e1725607677962-150x150.jpeg",150,150,true],"medium":["https:\/\/fundaciohospitalariesmartorell.org\/entre-tots\/wp-content\/uploads\/2024\/09\/WhatsApp-Image-2024-09-05-at-10.26.09-e1725607677962-300x206.jpeg",300,206,true],"medium_large":["https:\/\/fundaciohospitalariesmartorell.org\/entre-tots\/wp-content\/uploads\/2024\/09\/WhatsApp-Image-2024-09-05-at-10.26.09-e1725607677962-768x528.jpeg",768,528,true],"large":["https:\/\/fundaciohospitalariesmartorell.org\/entre-tots\/wp-content\/uploads\/2024\/09\/WhatsApp-Image-2024-09-05-at-10.26.09-e1725607677962-1024x705.jpeg",1024,705,true],"1536x1536":["https:\/\/fundaciohospitalariesmartorell.org\/entre-tots\/wp-content\/uploads\/2024\/09\/WhatsApp-Image-2024-09-05-at-10.26.09-e1725607677962-1536x1057.jpeg",1536,1057,true],"2048x2048":["https:\/\/fundaciohospitalariesmartorell.org\/entre-tots\/wp-content\/uploads\/2024\/09\/WhatsApp-Image-2024-09-05-at-10.26.09-e1725607677962.jpeg",2000,1376,false],"mailpoet_newsletter_max":["https:\/\/fundaciohospitalariesmartorell.org\/entre-tots\/wp-content\/uploads\/2024\/09\/WhatsApp-Image-2024-09-05-at-10.26.09-e1725607677962-1320x908.jpeg",1320,908,true]},"post_excerpt_stackable_v2":"<p>La lumb\u00e0lgia \u00e9s la principal causa de discapacitat a tot el m\u00f3n i pot afectar persones de qualsevol edat. Gaireb\u00e9 tots i totes l&#8217;experimentarem en algun moment de la nostra vida, tot i que pocs casos s\u2019acaben cronificant. El 90% dels dolors lumbars s\u00f3n inespec\u00edfics i sovint es deuen a una combinaci\u00f3 de diversos factors. Enguany, el Dia Mundial de la Fisioter\u00e0pia posa el focus en aquesta afecci\u00f3. Per aix\u00f2, volem destacar la tasca de l\u2019equip de fisioterapeutes de l&#8217;Hospital Sagrat Cor. Professionals que no nom\u00e9s tracten el dolor, sin\u00f3 que tamb\u00e9 se centren en l&#8217;educaci\u00f3 per aprendre a gestionar-lo,&hellip;<\/p>\n","category_list_v2":"<a href=\"https:\/\/fundaciohospitalariesmartorell.org\/entre-tots\/category\/actualitat\/\" rel=\"category tag\">ACTUALITAT<\/a>","author_info_v2":{"name":"Alba Felip","url":"https:\/\/fundaciohospitalariesmartorell.org\/entre-tots\/author\/afelipr\/"},"comments_num_v2":"0 comments","_links":{"self":[{"href":"https:\/\/fundaciohospitalariesmartorell.org\/entre-tots\/wp-json\/wp\/v2\/posts\/9699","targetHints":{"allow":["GET"]}}],"collection":[{"href":"https:\/\/fundaciohospitalariesmartorell.org\/entre-tots\/wp-json\/wp\/v2\/posts"}],"about":[{"href":"https:\/\/fundaciohospitalariesmartorell.org\/entre-tots\/wp-json\/wp\/v2\/types\/post"}],"author":[{"embeddable":true,"href":"https:\/\/fundaciohospitalariesmartorell.org\/entre-tots\/wp-json\/wp\/v2\/users\/5"}],"replies":[{"embeddable":true,"href":"https:\/\/fundaciohospitalariesmartorell.org\/entre-tots\/wp-json\/wp\/v2\/comments?post=9699"}],"version-history":[{"count":8,"href":"https:\/\/fundaciohospitalariesmartorell.org\/entre-tots\/wp-json\/wp\/v2\/posts\/9699\/revisions"}],"predecessor-version":[{"id":9711,"href":"https:\/\/fundaciohospitalariesmartorell.org\/entre-tots\/wp-json\/wp\/v2\/posts\/9699\/revisions\/9711"}],"wp:featuredmedia":[{"embeddable":true,"href":"https:\/\/fundaciohospitalariesmartorell.org\/entre-tots\/wp-json\/wp\/v2\/media\/9700"}],"wp:attachment":[{"href":"https:\/\/fundaciohospitalariesmartorell.org\/entre-tots\/wp-json\/wp\/v2\/media?parent=9699"}],"wp:term":[{"taxonomy":"category","embeddable":true,"href":"https:\/\/fundaciohospitalariesmartorell.org\/entre-tots\/wp-json\/wp\/v2\/categories?post=9699"},{"taxonomy":"post_tag","embeddable":true,"href":"https:\/\/fundaciohospitalariesmartorell.org\/entre-tots\/wp-json\/wp\/v2\/tags?post=9699"}],"curies":[{"name":"wp","href":"https:\/\/api.w.org\/{rel}","templated":true}]}}