{"id":9714,"date":"2024-09-09T12:45:57","date_gmt":"2024-09-09T11:45:57","guid":{"rendered":"https:\/\/hospitalsagratcormartorell.org\/entre-tots\/?p=9714"},"modified":"2024-09-30T09:44:00","modified_gmt":"2024-09-30T08:44:00","slug":"lhospital-sagrat-cor-destaca-la-importancia-de-la-postvencio-en-el-dia-mundial-per-a-la-prevencio-del-suicidi","status":"publish","type":"post","link":"https:\/\/fundaciohospitalariesmartorell.org\/entre-tots\/2024\/09\/lhospital-sagrat-cor-destaca-la-importancia-de-la-postvencio-en-el-dia-mundial-per-a-la-prevencio-del-suicidi\/","title":{"rendered":"Destaquem la import\u00e0ncia de la postvenci\u00f3 en el Dia Mundial per a la prevenci\u00f3 del Su\u00efcidi"},"content":{"rendered":"\n<div class=\"wp-block-stackable-subtitle stk-block-subtitle stk-block stk-4b2569a\" data-block-id=\"4b2569a\"><style>.stk-4b2569a .stk-block-subtitle__text{font-size:22px !important}@media screen and (max-width:999px){.stk-4b2569a .stk-block-subtitle__text{font-size:22px !important}}<\/style><p class=\"stk-block-subtitle__text stk-subtitle\"><strong><em>La formaci\u00f3 dels i les professionals de la salut mental en postvenci\u00f3 \u00e9s crucial per oferir un acompanyament adequat als supervivents d\u2019un su\u00efcidi.<\/em><\/strong><\/p><\/div>\n\n\n\n<figure class=\"wp-block-image size-large\"><img loading=\"lazy\" decoding=\"async\" width=\"1024\" height=\"683\" src=\"https:\/\/hospitalsagratcormartorell.org\/entre-tots\/wp-content\/uploads\/2024\/09\/Copia-de-2024-Setmana-Sense-Fum-1024x683.png\" alt=\"\" class=\"wp-image-9718\" srcset=\"https:\/\/fundaciohospitalariesmartorell.org\/entre-tots\/wp-content\/uploads\/2024\/09\/Copia-de-2024-Setmana-Sense-Fum-1024x683.png 1024w, https:\/\/fundaciohospitalariesmartorell.org\/entre-tots\/wp-content\/uploads\/2024\/09\/Copia-de-2024-Setmana-Sense-Fum-300x200.png 300w, https:\/\/fundaciohospitalariesmartorell.org\/entre-tots\/wp-content\/uploads\/2024\/09\/Copia-de-2024-Setmana-Sense-Fum-768x512.png 768w, https:\/\/fundaciohospitalariesmartorell.org\/entre-tots\/wp-content\/uploads\/2024\/09\/Copia-de-2024-Setmana-Sense-Fum-1536x1024.png 1536w, https:\/\/fundaciohospitalariesmartorell.org\/entre-tots\/wp-content\/uploads\/2024\/09\/Copia-de-2024-Setmana-Sense-Fum-1320x880.png 1320w, https:\/\/fundaciohospitalariesmartorell.org\/entre-tots\/wp-content\/uploads\/2024\/09\/Copia-de-2024-Setmana-Sense-Fum.png 1920w\" sizes=\"auto, (max-width: 1024px) 100vw, 1024px\" \/><\/figure>\n\n\n\n<p>L\u2019any 2023 es van registrar 626 defuncions per su\u00efcidi i autolesi\u00f3 a Catalunya, un 2% menys que l\u2019any anterior. El grup demogr\u00e0fic amb la taxa m\u00e9s gran de mortalitat per su\u00efcidi \u00e9s el d\u2019homes majors de 65 anys, amb 18,2 morts per cada 100.000 habitants. En canvi, el descens m\u00e9s acusat es va observar en dones de 15 a 29 anys, amb una reducci\u00f3 del 20% respecte a l\u2019any anterior.&nbsp;<\/p>\n\n\n\n<p>Aquestes s\u00f3n algunes de les dades presentades durant la jornada intersectorial \u201c<a rel=\"noreferrer noopener\" target=\"_blank\" href=\"https:\/\/govern.cat\/salapremsa\/notes-premsa\/636342\/taxa-mortalitat-suicidis-catalunya-baixa-dos-cent-lultim-any\">La prevenci\u00f3 del su\u00efcidi: un comprom\u00eds de tots<\/a>\u201d, que va tenir lloc el passat divendres 6 de setembre a la sala d\u2019actes del Departament de Salut. L\u2019acte va comptar amb l\u2019assist\u00e8ncia del director m\u00e8dic del nostre hospital, Dr. Carles Franquelo, el subdirector m\u00e8dic, Dr. Santi Bernades, i el coordinador de Rehabilitaci\u00f3 en Salut Mental, David Juanes.<\/p>\n\n\n\n<figure class=\"wp-block-image size-large\"><img loading=\"lazy\" decoding=\"async\" width=\"1024\" height=\"768\" src=\"https:\/\/hospitalsagratcormartorell.org\/entre-tots\/wp-content\/uploads\/2024\/09\/Jornada-prevencio-suicidi-2024-1024x768.jpeg\" alt=\"\" class=\"wp-image-9717\" srcset=\"https:\/\/fundaciohospitalariesmartorell.org\/entre-tots\/wp-content\/uploads\/2024\/09\/Jornada-prevencio-suicidi-2024-1024x768.jpeg 1024w, https:\/\/fundaciohospitalariesmartorell.org\/entre-tots\/wp-content\/uploads\/2024\/09\/Jornada-prevencio-suicidi-2024-300x225.jpeg 300w, https:\/\/fundaciohospitalariesmartorell.org\/entre-tots\/wp-content\/uploads\/2024\/09\/Jornada-prevencio-suicidi-2024-768x576.jpeg 768w, https:\/\/fundaciohospitalariesmartorell.org\/entre-tots\/wp-content\/uploads\/2024\/09\/Jornada-prevencio-suicidi-2024-1536x1152.jpeg 1536w, https:\/\/fundaciohospitalariesmartorell.org\/entre-tots\/wp-content\/uploads\/2024\/09\/Jornada-prevencio-suicidi-2024-1320x990.jpeg 1320w, https:\/\/fundaciohospitalariesmartorell.org\/entre-tots\/wp-content\/uploads\/2024\/09\/Jornada-prevencio-suicidi-2024.jpeg 1600w\" sizes=\"auto, (max-width: 1024px) 100vw, 1024px\" \/><\/figure>\n\n\n\n<p>Des de l\u2019Hospital Sagrat Cor, creiem que \u00e9s important posar el focus tant en la prevenci\u00f3 com en la postvenci\u00f3, \u00e9s a dir, aquelles accions encaminades a treballar sobre el que ha passat, acompanyar en el proc\u00e9s de dol i abordar sentiments i creences que podrien dificultar una elaboraci\u00f3 adaptativa i saludable de la p\u00e8rdua entre les persones afectades; siguin aquests familiars\/amics, o professionals que han tingut contacte amb la persona morta. I \u00e9s que segons l&#8217;OMS cada su\u00efcidi deixa una tra\u00e7a de 6 a 10 persones afectades.&nbsp;<\/p>\n\n\n\n<p>&#8220;\u00c9s essencial formar els professionals de la xarxa de Salut Mental i Addiccions en els coneixements i compet\u00e8ncies b\u00e0siques per oferir atenci\u00f3 en un proc\u00e9s de dol per su\u00efcidi i normalitzar la possibilitat de veure\u2019ns afectats davant la p\u00e8rdua d\u2019un pacient&#8221;, explica la Dra. Montse Guitart, coordinadora de l\u2019\u00c0rea Comunit\u00e0ria de Salut Mental.<\/p>\n\n\n\n<p>Per aquest motiu, s\u2019ha organitzat un seminari telem\u00e0tic titulat \u201cAbordatge del dol per su\u00efcidi per a professionals de la salut mental\u201d, que tindr\u00e0 lloc el pr\u00f2xim dia 7 de novembre de 9h a 14h. El seminari ser\u00e0 impartit per Esther Gonz\u00e1lez Jim\u00e9nez, psic\u00f2loga cl\u00ednica i llicenciada en filosofia, experta en el tema.<\/p>\n","protected":false},"excerpt":{"rendered":"<p>La formaci\u00f3 dels i les professionals de la salut mental en postvenci\u00f3 \u00e9s crucial per oferir un acompanyament adequat als supervivents d\u2019un su\u00efcidi. L\u2019any 2023 es van registrar 626 defuncions per su\u00efcidi i autolesi\u00f3 a Catalunya, un 2% menys que l\u2019any anterior. El grup demogr\u00e0fic amb la taxa m\u00e9s gran de mortalitat per su\u00efcidi \u00e9s [&hellip;]<\/p>\n","protected":false},"author":5,"featured_media":9717,"comment_status":"closed","ping_status":"closed","sticky":false,"template":"","format":"standard","meta":{"footnotes":""},"categories":[27],"tags":[],"class_list":["post-9714","post","type-post","status-publish","format-standard","has-post-thumbnail","hentry","category-actualitat"],"blocksy_meta":[],"featured_image_urls_v2":{"full":["https:\/\/fundaciohospitalariesmartorell.org\/entre-tots\/wp-content\/uploads\/2024\/09\/Jornada-prevencio-suicidi-2024.jpeg",1600,1200,false],"thumbnail":["https:\/\/fundaciohospitalariesmartorell.org\/entre-tots\/wp-content\/uploads\/2024\/09\/Jornada-prevencio-suicidi-2024-150x150.jpeg",150,150,true],"medium":["https:\/\/fundaciohospitalariesmartorell.org\/entre-tots\/wp-content\/uploads\/2024\/09\/Jornada-prevencio-suicidi-2024-300x225.jpeg",300,225,true],"medium_large":["https:\/\/fundaciohospitalariesmartorell.org\/entre-tots\/wp-content\/uploads\/2024\/09\/Jornada-prevencio-suicidi-2024-768x576.jpeg",768,576,true],"large":["https:\/\/fundaciohospitalariesmartorell.org\/entre-tots\/wp-content\/uploads\/2024\/09\/Jornada-prevencio-suicidi-2024-1024x768.jpeg",1024,768,true],"1536x1536":["https:\/\/fundaciohospitalariesmartorell.org\/entre-tots\/wp-content\/uploads\/2024\/09\/Jornada-prevencio-suicidi-2024-1536x1152.jpeg",1536,1152,true],"2048x2048":["https:\/\/fundaciohospitalariesmartorell.org\/entre-tots\/wp-content\/uploads\/2024\/09\/Jornada-prevencio-suicidi-2024.jpeg",1600,1200,false],"mailpoet_newsletter_max":["https:\/\/fundaciohospitalariesmartorell.org\/entre-tots\/wp-content\/uploads\/2024\/09\/Jornada-prevencio-suicidi-2024-1320x990.jpeg",1320,990,true]},"post_excerpt_stackable_v2":"<p>La formaci\u00f3 dels i les professionals de la salut mental en postvenci\u00f3 \u00e9s crucial per oferir un acompanyament adequat als supervivents d\u2019un su\u00efcidi. L\u2019any 2023 es van registrar 626 defuncions per su\u00efcidi i autolesi\u00f3 a Catalunya, un 2% menys que l\u2019any anterior. El grup demogr\u00e0fic amb la taxa m\u00e9s gran de mortalitat per su\u00efcidi \u00e9s el d\u2019homes majors de 65 anys, amb 18,2 morts per cada 100.000 habitants. En canvi, el descens m\u00e9s acusat es va observar en dones de 15 a 29 anys, amb una reducci\u00f3 del 20% respecte a l\u2019any anterior.&nbsp; Aquestes s\u00f3n algunes de les dades presentades&hellip;<\/p>\n","category_list_v2":"<a href=\"https:\/\/fundaciohospitalariesmartorell.org\/entre-tots\/category\/actualitat\/\" rel=\"category tag\">ACTUALITAT<\/a>","author_info_v2":{"name":"Alba Felip","url":"https:\/\/fundaciohospitalariesmartorell.org\/entre-tots\/author\/afelipr\/"},"comments_num_v2":"0 comments","_links":{"self":[{"href":"https:\/\/fundaciohospitalariesmartorell.org\/entre-tots\/wp-json\/wp\/v2\/posts\/9714","targetHints":{"allow":["GET"]}}],"collection":[{"href":"https:\/\/fundaciohospitalariesmartorell.org\/entre-tots\/wp-json\/wp\/v2\/posts"}],"about":[{"href":"https:\/\/fundaciohospitalariesmartorell.org\/entre-tots\/wp-json\/wp\/v2\/types\/post"}],"author":[{"embeddable":true,"href":"https:\/\/fundaciohospitalariesmartorell.org\/entre-tots\/wp-json\/wp\/v2\/users\/5"}],"replies":[{"embeddable":true,"href":"https:\/\/fundaciohospitalariesmartorell.org\/entre-tots\/wp-json\/wp\/v2\/comments?post=9714"}],"version-history":[{"count":4,"href":"https:\/\/fundaciohospitalariesmartorell.org\/entre-tots\/wp-json\/wp\/v2\/posts\/9714\/revisions"}],"predecessor-version":[{"id":9873,"href":"https:\/\/fundaciohospitalariesmartorell.org\/entre-tots\/wp-json\/wp\/v2\/posts\/9714\/revisions\/9873"}],"wp:featuredmedia":[{"embeddable":true,"href":"https:\/\/fundaciohospitalariesmartorell.org\/entre-tots\/wp-json\/wp\/v2\/media\/9717"}],"wp:attachment":[{"href":"https:\/\/fundaciohospitalariesmartorell.org\/entre-tots\/wp-json\/wp\/v2\/media?parent=9714"}],"wp:term":[{"taxonomy":"category","embeddable":true,"href":"https:\/\/fundaciohospitalariesmartorell.org\/entre-tots\/wp-json\/wp\/v2\/categories?post=9714"},{"taxonomy":"post_tag","embeddable":true,"href":"https:\/\/fundaciohospitalariesmartorell.org\/entre-tots\/wp-json\/wp\/v2\/tags?post=9714"}],"curies":[{"name":"wp","href":"https:\/\/api.w.org\/{rel}","templated":true}]}}