{"id":9732,"date":"2024-09-17T09:06:21","date_gmt":"2024-09-17T08:06:21","guid":{"rendered":"https:\/\/hospitalsagratcormartorell.org\/entre-tots\/?p=9732"},"modified":"2024-09-17T09:13:59","modified_gmt":"2024-09-17T08:13:59","slug":"lestimulacio-multisensorial-en-el-tractament-dels-problemes-de-conducta-en-les-demencies-lexperiencia-a-lhospital-sagrat-cor","status":"publish","type":"post","link":"https:\/\/fundaciohospitalariesmartorell.org\/entre-tots\/2024\/09\/lestimulacio-multisensorial-en-el-tractament-dels-problemes-de-conducta-en-les-demencies-lexperiencia-a-lhospital-sagrat-cor\/","title":{"rendered":"L\u2019estimulaci\u00f3 multisensorial en el tractament dels problemes de conducta en les dem\u00e8ncies, l\u2019experi\u00e8ncia a l&#8217;Hospital Sagrat Cor"},"content":{"rendered":"\n<p>Autor: <em>Dr. Manel S\u00e1nchez, coordinador de la Unitat de Psiquiatria Geri\u00e0trica<\/em><\/p>\n\n\n\n<figure class=\"wp-block-image size-large\"><img loading=\"lazy\" decoding=\"async\" width=\"1024\" height=\"635\" src=\"https:\/\/hospitalsagratcormartorell.org\/entre-tots\/wp-content\/uploads\/2024\/09\/multisensorial2-1024x635.png\" alt=\"\" class=\"wp-image-9739\" srcset=\"https:\/\/fundaciohospitalariesmartorell.org\/entre-tots\/wp-content\/uploads\/2024\/09\/multisensorial2-1024x635.png 1024w, https:\/\/fundaciohospitalariesmartorell.org\/entre-tots\/wp-content\/uploads\/2024\/09\/multisensorial2-300x186.png 300w, https:\/\/fundaciohospitalariesmartorell.org\/entre-tots\/wp-content\/uploads\/2024\/09\/multisensorial2-768x476.png 768w, https:\/\/fundaciohospitalariesmartorell.org\/entre-tots\/wp-content\/uploads\/2024\/09\/multisensorial2.png 1220w\" sizes=\"auto, (max-width: 1024px) 100vw, 1024px\" \/><\/figure>\n\n\n\n<p>Els trastorns de la conducta afecten la major part de les persones malaltes amb deteriorament cognitiu en algun moment de la seva evoluci\u00f3. Els f\u00e0rmacs pel seu tractament no sempre tenen una efic\u00e0cia contrastada i acostumen a presentar efectes secundaris, a vegades amb conseq\u00fc\u00e8ncies importants. Per aix\u00f2, les ter\u00e0pies no farmacol\u00f2giques, especialment en dem\u00e8ncies avan\u00e7ades, estan experimentant un r\u00e0pid increment en la seva utilitzaci\u00f3 per aquesta mateixa indicaci\u00f3. Aquestes ter\u00e0pies inclouen la musicoter\u00e0pia, la reminisc\u00e8ncia, la ter\u00e0pia assistida amb animals, la ter\u00e0pia de validaci\u00f3 i moltes altres.<\/p>\n\n\n\n<p>Una altra alternativa de tractament no farmacol\u00f2gic pels pacients amb malaltia d&#8217;Alzheimer i altres dem\u00e8ncies consisteix en l&#8217;estimulaci\u00f3 multisensorial, una experi\u00e8ncia que va n\u00e9ixer per a l&#8217;assist\u00e8ncia a persones amb discapacitat intel\u00b7lectual, b\u00e0sicament nens i nenes i persones joves, i que, a partir de mitjan d\u00e8cada dels 1990, s&#8217;utilitza en persones amb deteriorament cognitiu. <\/p>\n\n\n\n<blockquote class=\"wp-block-quote is-layout-flow wp-block-quote-is-layout-flow\">\n<p>L&#8217;estimulaci\u00f3 multisensorial afavoreix la comunicaci\u00f3 i la sociabilitat, no a trav\u00e9s de la paraula, sin\u00f3 mitjan\u00e7ant est\u00edmuls sensorials. Aix\u00f2 permet que els pacients amb limitacions cognitives puguin mantenir durant m\u00e9s temps la seva capacitat de relacionar-se amb l&#8217;entorn.<\/p>\n<\/blockquote>\n\n\n\n<p>L&#8217;estimulaci\u00f3 multisensorial va comen\u00e7ar a desenvolupar-se a Holanda a la d\u00e8cada de 1970 a trav\u00e9s d&#8217;un m\u00e8tode anomenat &#8220;snoezelen&#8221;, un marc din\u00e0mic basat en una relaci\u00f3 sensorial entre el pacient, l&#8217;acompanyant i un ambient controlat on s&#8217;ofereix una multitud de possibilitats estimulaci\u00f3 sensorial: lum\u00ednica, visual, auditiva, t\u00e0ctil, olfact\u00f2ria i, incl\u00fas, gustativa.<\/p>\n\n\n\n<figure class=\"wp-block-image size-large\"><img loading=\"lazy\" decoding=\"async\" width=\"1024\" height=\"568\" src=\"https:\/\/hospitalsagratcormartorell.org\/entre-tots\/wp-content\/uploads\/2024\/09\/multisensorial3-1024x568.png\" alt=\"\" class=\"wp-image-9740\" srcset=\"https:\/\/fundaciohospitalariesmartorell.org\/entre-tots\/wp-content\/uploads\/2024\/09\/multisensorial3-1024x568.png 1024w, https:\/\/fundaciohospitalariesmartorell.org\/entre-tots\/wp-content\/uploads\/2024\/09\/multisensorial3-300x167.png 300w, https:\/\/fundaciohospitalariesmartorell.org\/entre-tots\/wp-content\/uploads\/2024\/09\/multisensorial3-768x426.png 768w, https:\/\/fundaciohospitalariesmartorell.org\/entre-tots\/wp-content\/uploads\/2024\/09\/multisensorial3-1320x733.png 1320w, https:\/\/fundaciohospitalariesmartorell.org\/entre-tots\/wp-content\/uploads\/2024\/09\/multisensorial3.png 1445w\" sizes=\"auto, (max-width: 1024px) 100vw, 1024px\" \/><\/figure>\n\n\n\n<p>Al nostre hospital, centre pioner a l&#8217;estat espanyol per aquesta utilitzaci\u00f3 terap\u00e8utica, es va iniciar el seu \u00fas l&#8217;any 2014 i es va promoure un&nbsp;estudi pilot&nbsp;que va servir per validar un instrument espec\u00edfic per valorar els canvis abans, durant i despr\u00e9s de passar per una sessi\u00f3 a la sala d&#8217;estimulaci\u00f3 i per comprovar com l&#8217;agitaci\u00f3 \u00e9s una de les principals alteracions conductuals que milloren amb aquesta intervenci\u00f3.<\/p>\n\n\n\n<p>Actualment, es continua aplicant, tamb\u00e9 en pacients amb afectacions neurol\u00f2giques severes, no dem\u00e8ncia i, m\u00e9s recentment, s&#8217;est\u00e0 provant en pacients amb trastorns de la conducta aliment\u00e0ria.<\/p>\n","protected":false},"excerpt":{"rendered":"<p>Autor: Dr. Manel S\u00e1nchez, coordinador de la Unitat de Psiquiatria Geri\u00e0trica Els trastorns de la conducta afecten la major part de les persones malaltes amb deteriorament cognitiu en algun moment de la seva evoluci\u00f3. Els f\u00e0rmacs pel seu tractament no sempre tenen una efic\u00e0cia contrastada i acostumen a presentar efectes secundaris, a vegades amb conseq\u00fc\u00e8ncies [&hellip;]<\/p>\n","protected":false},"author":5,"featured_media":9739,"comment_status":"closed","ping_status":"closed","sticky":false,"template":"","format":"standard","meta":{"footnotes":""},"categories":[27],"tags":[],"class_list":["post-9732","post","type-post","status-publish","format-standard","has-post-thumbnail","hentry","category-actualitat"],"blocksy_meta":[],"featured_image_urls_v2":{"full":["https:\/\/fundaciohospitalariesmartorell.org\/entre-tots\/wp-content\/uploads\/2024\/09\/multisensorial2.png",1220,756,false],"thumbnail":["https:\/\/fundaciohospitalariesmartorell.org\/entre-tots\/wp-content\/uploads\/2024\/09\/multisensorial2-150x150.png",150,150,true],"medium":["https:\/\/fundaciohospitalariesmartorell.org\/entre-tots\/wp-content\/uploads\/2024\/09\/multisensorial2-300x186.png",300,186,true],"medium_large":["https:\/\/fundaciohospitalariesmartorell.org\/entre-tots\/wp-content\/uploads\/2024\/09\/multisensorial2-768x476.png",768,476,true],"large":["https:\/\/fundaciohospitalariesmartorell.org\/entre-tots\/wp-content\/uploads\/2024\/09\/multisensorial2-1024x635.png",1024,635,true],"1536x1536":["https:\/\/fundaciohospitalariesmartorell.org\/entre-tots\/wp-content\/uploads\/2024\/09\/multisensorial2.png",1220,756,false],"2048x2048":["https:\/\/fundaciohospitalariesmartorell.org\/entre-tots\/wp-content\/uploads\/2024\/09\/multisensorial2.png",1220,756,false],"mailpoet_newsletter_max":["https:\/\/fundaciohospitalariesmartorell.org\/entre-tots\/wp-content\/uploads\/2024\/09\/multisensorial2.png",1220,756,false]},"post_excerpt_stackable_v2":"<p>Autor: Dr. Manel S\u00e1nchez, coordinador de la Unitat de Psiquiatria Geri\u00e0trica Els trastorns de la conducta afecten la major part de les persones malaltes amb deteriorament cognitiu en algun moment de la seva evoluci\u00f3. Els f\u00e0rmacs pel seu tractament no sempre tenen una efic\u00e0cia contrastada i acostumen a presentar efectes secundaris, a vegades amb conseq\u00fc\u00e8ncies importants. Per aix\u00f2, les ter\u00e0pies no farmacol\u00f2giques, especialment en dem\u00e8ncies avan\u00e7ades, estan experimentant un r\u00e0pid increment en la seva utilitzaci\u00f3 per aquesta mateixa indicaci\u00f3. Aquestes ter\u00e0pies inclouen la musicoter\u00e0pia, la reminisc\u00e8ncia, la ter\u00e0pia assistida amb animals, la ter\u00e0pia de validaci\u00f3 i moltes altres. Una altra&hellip;<\/p>\n","category_list_v2":"<a href=\"https:\/\/fundaciohospitalariesmartorell.org\/entre-tots\/category\/actualitat\/\" rel=\"category tag\">ACTUALITAT<\/a>","author_info_v2":{"name":"Alba Felip","url":"https:\/\/fundaciohospitalariesmartorell.org\/entre-tots\/author\/afelipr\/"},"comments_num_v2":"0 comments","_links":{"self":[{"href":"https:\/\/fundaciohospitalariesmartorell.org\/entre-tots\/wp-json\/wp\/v2\/posts\/9732","targetHints":{"allow":["GET"]}}],"collection":[{"href":"https:\/\/fundaciohospitalariesmartorell.org\/entre-tots\/wp-json\/wp\/v2\/posts"}],"about":[{"href":"https:\/\/fundaciohospitalariesmartorell.org\/entre-tots\/wp-json\/wp\/v2\/types\/post"}],"author":[{"embeddable":true,"href":"https:\/\/fundaciohospitalariesmartorell.org\/entre-tots\/wp-json\/wp\/v2\/users\/5"}],"replies":[{"embeddable":true,"href":"https:\/\/fundaciohospitalariesmartorell.org\/entre-tots\/wp-json\/wp\/v2\/comments?post=9732"}],"version-history":[{"count":6,"href":"https:\/\/fundaciohospitalariesmartorell.org\/entre-tots\/wp-json\/wp\/v2\/posts\/9732\/revisions"}],"predecessor-version":[{"id":9750,"href":"https:\/\/fundaciohospitalariesmartorell.org\/entre-tots\/wp-json\/wp\/v2\/posts\/9732\/revisions\/9750"}],"wp:featuredmedia":[{"embeddable":true,"href":"https:\/\/fundaciohospitalariesmartorell.org\/entre-tots\/wp-json\/wp\/v2\/media\/9739"}],"wp:attachment":[{"href":"https:\/\/fundaciohospitalariesmartorell.org\/entre-tots\/wp-json\/wp\/v2\/media?parent=9732"}],"wp:term":[{"taxonomy":"category","embeddable":true,"href":"https:\/\/fundaciohospitalariesmartorell.org\/entre-tots\/wp-json\/wp\/v2\/categories?post=9732"},{"taxonomy":"post_tag","embeddable":true,"href":"https:\/\/fundaciohospitalariesmartorell.org\/entre-tots\/wp-json\/wp\/v2\/tags?post=9732"}],"curies":[{"name":"wp","href":"https:\/\/api.w.org\/{rel}","templated":true}]}}