{"id":9734,"date":"2024-09-17T09:10:44","date_gmt":"2024-09-17T08:10:44","guid":{"rendered":"https:\/\/hospitalsagratcormartorell.org\/entre-tots\/?p=9734"},"modified":"2024-09-18T09:46:22","modified_gmt":"2024-09-18T08:46:22","slug":"dia-internacional-de-lalzheimer-donar-vida-als-anys-i-no-nomes-anys-a-la-vida","status":"publish","type":"post","link":"https:\/\/fundaciohospitalariesmartorell.org\/entre-tots\/2024\/09\/dia-internacional-de-lalzheimer-donar-vida-als-anys-i-no-nomes-anys-a-la-vida\/","title":{"rendered":"Dia Internacional de l&#8217;Alzheimer: donar vida als anys i no nom\u00e9s anys a la vida"},"content":{"rendered":"\n<p>Autor: <em>V\u00edctor Manuel Ruiz Quiles. DUI Geriatria.<\/em><\/p>\n\n\n\n<figure class=\"wp-block-image size-large\"><img loading=\"lazy\" decoding=\"async\" width=\"1024\" height=\"576\" src=\"https:\/\/hospitalsagratcormartorell.org\/entre-tots\/wp-content\/uploads\/2024\/09\/MG_2717a2-1024x576.jpg\" alt=\"\" class=\"wp-image-9746\" srcset=\"https:\/\/fundaciohospitalariesmartorell.org\/entre-tots\/wp-content\/uploads\/2024\/09\/MG_2717a2-1024x576.jpg 1024w, https:\/\/fundaciohospitalariesmartorell.org\/entre-tots\/wp-content\/uploads\/2024\/09\/MG_2717a2-300x169.jpg 300w, https:\/\/fundaciohospitalariesmartorell.org\/entre-tots\/wp-content\/uploads\/2024\/09\/MG_2717a2-768x432.jpg 768w, https:\/\/fundaciohospitalariesmartorell.org\/entre-tots\/wp-content\/uploads\/2024\/09\/MG_2717a2-1536x864.jpg 1536w, https:\/\/fundaciohospitalariesmartorell.org\/entre-tots\/wp-content\/uploads\/2024\/09\/MG_2717a2-2048x1152.jpg 2048w, https:\/\/fundaciohospitalariesmartorell.org\/entre-tots\/wp-content\/uploads\/2024\/09\/MG_2717a2-1320x743.jpg 1320w\" sizes=\"auto, (max-width: 1024px) 100vw, 1024px\" \/><\/figure>\n\n\n\n<p>La malaltia d&#8217;Alzheimer est\u00e0 definida per l&#8217;OMS (Organitzaci\u00f3 Mundial de la Salut) com una malaltia neurodegenerativa amb una etiologia desconeguda. Aquesta malaltia representa entre el 50-80% de tots els casos de dem\u00e8ncia.<\/p>\n\n\n\n<p>El 21 de setembre celebrem el Dia Internacional de l&#8217;Alzheimer, una data que hauria de ser present cada dia. El nostre prop\u00f2sit en l&#8217;atenci\u00f3 als pacients \u00e9s unir esfor\u00e7os per garantir que tant les persones malaltes com les seves fam\u00edlies no perdin qualitat de vida a causa d&#8217;una malaltia que no han triat, prioritzant sempre afegir vida als anys, i no nom\u00e9s anys a la vida.<\/p>\n\n\n\n<p>Concretament, ens centrarem en la comunicaci\u00f3 i dins aquesta a la No verbal<strong> <\/strong>(all\u00f2 que s&#8217;expressa sense paraules). Ja que la malaltia d&#8217;Alzheimer i la resta de dem\u00e8ncies provoquen un deteriorament progressiu del llenguatge, el pacient corre el risc de sentir-se i quedar-se incomunicat, cosa que agreuja el seu estat an\u00edmic i amb molta freq\u00fc\u00e8ncia el dels convivents.<\/p>\n\n\n\n<p>Considerant el llenguatge \u00edntegrament, nom\u00e9s el 20% \u00e9s llenguatge verbal. El 80% restant inclou la comunicaci\u00f3 no verbal mitjan\u00e7ant els gestos, l&#8217;expressi\u00f3 de la mirada i del rostre, les postures i les actituds corporals, el tacte, l&#8217;olfacte, el context f\u00edsic de l&#8217;entorn, els silencis, els objectes que s&#8217;utilitzen, el vestit, etc.<\/p>\n\n\n\n<p>La comunicaci\u00f3 no verbal \u00e9s m\u00e9s aut\u00e8ntica, sincera i vera\u00e7 que la verbal, ja que sovint confirma o contradiu les paraules i est\u00e0 menys sotmesa a la censura conscient de la ra\u00f3. Aquest tipus de llenguatge ens acompanya des del naixement fins a la mort, i en el cas dels pacients amb Alzheimer, es mant\u00e9 fins i tot quan la comprensi\u00f3 o la interpretaci\u00f3 del llenguatge verbal es deteriora. Aix\u00ed, els gestos amables, les car\u00edcies i el contacte f\u00edsic esdevenen una de les formes m\u00e9s efectives de transmetre sentiments afectuosos i fer que el pacient se senti acceptat, acompanyat i estimat.<\/p>\n\n\n\n<p>Desitjo que arribi un dia en qu\u00e8 no sigui necessari commemorar aquesta jornada; un moment en qu\u00e8 els interessos econ\u00f2mics no prevalguin sobre les persones, i s&#8217;inverteixi m\u00e9s en la recerca per trobar una cura a aquestes malalties. Tinc l&#8217;esperan\u00e7a que la nostra generaci\u00f3 sigui testimoni d&#8217;aquests aven\u00e7os, i que els fills i nets no hagin de patir l&#8217;Alzheimer.<\/p>\n\n\n\n<p>Si em veus i t\u2019adones que no hi veig, Mira\u2019m<br>Si em veus i t\u2019adones que no hi sento, Parla\u2019m<br>Si em veus i t\u2019adones que quequejo, Escolta\u2019m<br>Si em veus i t\u2019adones que no et puc tocar, Toca\u2019m<br>Si em veus i t\u2019adones que em costa moure\u2019m, Mou-me<br>Si em veus i t\u2019adones que he caigut, Aixeca\u2019m<br>Si em veus i t\u2019adones que tremolo, Abra\u00e7a\u2019m<br>Si em veus i t\u2019adones que ploro, Deixa\u2019m plorar<br>Per\u00f2 no deixis mai de mirar-me, de parlar-me, d\u2019escoltar-me, de tocar-me, de moure\u2019m, d\u2019aixecar-me, d\u2019abra\u00e7ar-me.<br>I per damunt de tot, No deixis mai d\u2019estimar-me.<\/p>\n\n\n\n<p><em>Poesia de Salvador Riera<\/em><\/p>\n\n\n\n<p>\u201c<strong>In memoriam<\/strong> de tots els pacients i familiars amb els quals interactuem en el desenvolupament de les nostres funcions\u201d<\/p>\n","protected":false},"excerpt":{"rendered":"<p>Autor: V\u00edctor Manuel Ruiz Quiles. DUI Geriatria. La malaltia d&#8217;Alzheimer est\u00e0 definida per l&#8217;OMS (Organitzaci\u00f3 Mundial de la Salut) com una malaltia neurodegenerativa amb una etiologia desconeguda. Aquesta malaltia representa entre el 50-80% de tots els casos de dem\u00e8ncia. El 21 de setembre celebrem el Dia Internacional de l&#8217;Alzheimer, una data que hauria de ser [&hellip;]<\/p>\n","protected":false},"author":5,"featured_media":9746,"comment_status":"closed","ping_status":"closed","sticky":false,"template":"","format":"standard","meta":{"footnotes":""},"categories":[27],"tags":[],"class_list":["post-9734","post","type-post","status-publish","format-standard","has-post-thumbnail","hentry","category-actualitat"],"blocksy_meta":[],"featured_image_urls_v2":{"full":["https:\/\/fundaciohospitalariesmartorell.org\/entre-tots\/wp-content\/uploads\/2024\/09\/MG_2717a2-scaled.jpg",2560,1440,false],"thumbnail":["https:\/\/fundaciohospitalariesmartorell.org\/entre-tots\/wp-content\/uploads\/2024\/09\/MG_2717a2-150x150.jpg",150,150,true],"medium":["https:\/\/fundaciohospitalariesmartorell.org\/entre-tots\/wp-content\/uploads\/2024\/09\/MG_2717a2-300x169.jpg",300,169,true],"medium_large":["https:\/\/fundaciohospitalariesmartorell.org\/entre-tots\/wp-content\/uploads\/2024\/09\/MG_2717a2-768x432.jpg",768,432,true],"large":["https:\/\/fundaciohospitalariesmartorell.org\/entre-tots\/wp-content\/uploads\/2024\/09\/MG_2717a2-1024x576.jpg",1024,576,true],"1536x1536":["https:\/\/fundaciohospitalariesmartorell.org\/entre-tots\/wp-content\/uploads\/2024\/09\/MG_2717a2-1536x864.jpg",1536,864,true],"2048x2048":["https:\/\/fundaciohospitalariesmartorell.org\/entre-tots\/wp-content\/uploads\/2024\/09\/MG_2717a2-2048x1152.jpg",2048,1152,true],"mailpoet_newsletter_max":["https:\/\/fundaciohospitalariesmartorell.org\/entre-tots\/wp-content\/uploads\/2024\/09\/MG_2717a2-1320x743.jpg",1320,743,true]},"post_excerpt_stackable_v2":"<p>Autor: V\u00edctor Manuel Ruiz Quiles. DUI Geriatria. La malaltia d&#8217;Alzheimer est\u00e0 definida per l&#8217;OMS (Organitzaci\u00f3 Mundial de la Salut) com una malaltia neurodegenerativa amb una etiologia desconeguda. Aquesta malaltia representa entre el 50-80% de tots els casos de dem\u00e8ncia. El 21 de setembre celebrem el Dia Internacional de l&#8217;Alzheimer, una data que hauria de ser present cada dia. El nostre prop\u00f2sit en l&#8217;atenci\u00f3 als pacients \u00e9s unir esfor\u00e7os per garantir que tant les persones malaltes com les seves fam\u00edlies no perdin qualitat de vida a causa d&#8217;una malaltia que no han triat, prioritzant sempre afegir vida als anys, i no&hellip;<\/p>\n","category_list_v2":"<a href=\"https:\/\/fundaciohospitalariesmartorell.org\/entre-tots\/category\/actualitat\/\" rel=\"category tag\">ACTUALITAT<\/a>","author_info_v2":{"name":"Alba Felip","url":"https:\/\/fundaciohospitalariesmartorell.org\/entre-tots\/author\/afelipr\/"},"comments_num_v2":"0 comments","_links":{"self":[{"href":"https:\/\/fundaciohospitalariesmartorell.org\/entre-tots\/wp-json\/wp\/v2\/posts\/9734","targetHints":{"allow":["GET"]}}],"collection":[{"href":"https:\/\/fundaciohospitalariesmartorell.org\/entre-tots\/wp-json\/wp\/v2\/posts"}],"about":[{"href":"https:\/\/fundaciohospitalariesmartorell.org\/entre-tots\/wp-json\/wp\/v2\/types\/post"}],"author":[{"embeddable":true,"href":"https:\/\/fundaciohospitalariesmartorell.org\/entre-tots\/wp-json\/wp\/v2\/users\/5"}],"replies":[{"embeddable":true,"href":"https:\/\/fundaciohospitalariesmartorell.org\/entre-tots\/wp-json\/wp\/v2\/comments?post=9734"}],"version-history":[{"count":5,"href":"https:\/\/fundaciohospitalariesmartorell.org\/entre-tots\/wp-json\/wp\/v2\/posts\/9734\/revisions"}],"predecessor-version":[{"id":9770,"href":"https:\/\/fundaciohospitalariesmartorell.org\/entre-tots\/wp-json\/wp\/v2\/posts\/9734\/revisions\/9770"}],"wp:featuredmedia":[{"embeddable":true,"href":"https:\/\/fundaciohospitalariesmartorell.org\/entre-tots\/wp-json\/wp\/v2\/media\/9746"}],"wp:attachment":[{"href":"https:\/\/fundaciohospitalariesmartorell.org\/entre-tots\/wp-json\/wp\/v2\/media?parent=9734"}],"wp:term":[{"taxonomy":"category","embeddable":true,"href":"https:\/\/fundaciohospitalariesmartorell.org\/entre-tots\/wp-json\/wp\/v2\/categories?post=9734"},{"taxonomy":"post_tag","embeddable":true,"href":"https:\/\/fundaciohospitalariesmartorell.org\/entre-tots\/wp-json\/wp\/v2\/tags?post=9734"}],"curies":[{"name":"wp","href":"https:\/\/api.w.org\/{rel}","templated":true}]}}