{"id":9736,"date":"2024-09-17T09:26:20","date_gmt":"2024-09-17T08:26:20","guid":{"rendered":"https:\/\/hospitalsagratcormartorell.org\/entre-tots\/?p=9736"},"modified":"2024-09-18T10:09:00","modified_gmt":"2024-09-18T09:09:00","slug":"lhospital-sagrat-cor-aposta-per-les-terapies-no-farmacologiques-per-alentir-els-simptomes-de-lalzheimer","status":"publish","type":"post","link":"https:\/\/fundaciohospitalariesmartorell.org\/entre-tots\/2024\/09\/lhospital-sagrat-cor-aposta-per-les-terapies-no-farmacologiques-per-alentir-els-simptomes-de-lalzheimer\/","title":{"rendered":"L\u2019Hospital Sagrat Cor aposta per les ter\u00e0pies no farmacol\u00f2giques per alentir els s\u00edmptomes de l&#8217;Alzheimer"},"content":{"rendered":"\n<h4 class=\"wp-block-heading has-palette-color-1-color has-text-color has-link-color wp-elements-bc89c6426027e50c2d018d48184be1c4\"><em>Les ter\u00e0pies multisensorials i la intel\u00b7lig\u00e8ncia artificial s\u00f3n clau per mantenir la funcionalitat i la qualitat de vida dels pacients.<\/em><\/h4>\n\n\n\n<p>L&#8217;Hospital Sagrat Cor ha integrat plenament les ter\u00e0pies no farmacol\u00f2giques com a part del tractament de l&#8217;Alzheimer i altres formes de deteriorament cognitiu. A trav\u00e9s de m\u00e8todes innovadors com l&#8217;estimulaci\u00f3 multisensorial o l&#8217;\u00fas de robots terap\u00e8utics, es treballa per millorar la qualitat de vida dels pacients i alentir la progressi\u00f3 de la malaltia. Un treball que es du a terme en un equip multidisciplinari altament especialitzat on terapeutes ocupacionals, infermeres i infermers, TCAIs, fisioterapeutes i logopedes donen el millor de si mateixos per garantir una atenci\u00f3 integral i personalitzada, promovent el benestar f\u00edsic, emocional i cognitiu dels pacients amb Alzheimer.<\/p>\n\n\n\n<p><strong>Un enfocament humanista i tecnol\u00f2gic: la Nuka i la resposta emocional<\/strong><\/p>\n\n\n\n<figure class=\"wp-block-image size-large\"><img loading=\"lazy\" decoding=\"async\" width=\"1024\" height=\"768\" src=\"https:\/\/hospitalsagratcormartorell.org\/entre-tots\/wp-content\/uploads\/2024\/09\/20240731_094108-1024x768.jpg\" alt=\"\" class=\"wp-image-9737\" srcset=\"https:\/\/fundaciohospitalariesmartorell.org\/entre-tots\/wp-content\/uploads\/2024\/09\/20240731_094108-1024x768.jpg 1024w, https:\/\/fundaciohospitalariesmartorell.org\/entre-tots\/wp-content\/uploads\/2024\/09\/20240731_094108-300x225.jpg 300w, https:\/\/fundaciohospitalariesmartorell.org\/entre-tots\/wp-content\/uploads\/2024\/09\/20240731_094108-768x576.jpg 768w, https:\/\/fundaciohospitalariesmartorell.org\/entre-tots\/wp-content\/uploads\/2024\/09\/20240731_094108-1536x1152.jpg 1536w, https:\/\/fundaciohospitalariesmartorell.org\/entre-tots\/wp-content\/uploads\/2024\/09\/20240731_094108-2048x1536.jpg 2048w, https:\/\/fundaciohospitalariesmartorell.org\/entre-tots\/wp-content\/uploads\/2024\/09\/20240731_094108-1320x990.jpg 1320w\" sizes=\"auto, (max-width: 1024px) 100vw, 1024px\" \/><\/figure>\n\n\n\n<p>La Maria acaricia la Nuka, un robot amb forma de foca que utilitza intel\u00b7lig\u00e8ncia artificial per respondre al contacte i a les paraules de la pacient. El tacte suau i les reaccions afectuoses de la foca produeixen una resposta emotiva en la Maria, creant un moment de calma i cordialitat que li provoca un mig somriure. &#8220;Objectiu aconseguit!&#8221; afirma Esther Romaguera, terapeuta ocupacional de l\u2019hospital.<\/p>\n\n\n\n<p>&#8220;Les ter\u00e0pies no farmacol\u00f2giques que utilitzem a l\u2019hospital per a pacients amb Alzheimer i altres deterioraments cognitius, com la sala d\u2019estimulaci\u00f3 multisensorial o la mateixa Nuka, generen respostes innates de confort i benestar en els pacients. Aix\u00f2 ens facilita treballar aspectes emocionals i cognitius, afavorint la seva il\u00b7lusi\u00f3 i gratitud davant situacions que sovint ja no poden controlar&#8221;, explica l\u2019Esther.<\/p>\n\n\n\n<p><strong>Ter\u00e0pies multisensorials: una aposta pionera a l\u2019Estat espanyol<\/strong><\/p>\n\n\n\n<p>L&#8217;estimulaci\u00f3 multisensorial \u00e9s una t\u00e8cnica que promou la comunicaci\u00f3 i la sociabilitat a trav\u00e9s d\u2019est\u00edmuls visuals, t\u00e0ctils i sonors, fent possible que pacients amb Alzheimer mantinguin la capacitat de relacionar-se amb el seu entorn durant m\u00e9s temps. El Dr. Manel S\u00e1nchez, coordinador de la Unitat de Psiquiatria Geri\u00e0trica de l\u2019hospital, subratlla la import\u00e0ncia del m\u00e8tode Snoezelen, que ha convertit l&#8217;Hospital Sagrat Cor en un pioner en l\u2019\u00e0mbit estatal en l\u2019\u00fas d\u2019aquesta t\u00e8cnica (<a href=\"https:\/\/hospitalsagratcormartorell.org\/entre-tots\/2024\/09\/lestimulacio-multisensorial-en-el-tractament-dels-problemes-de-conducta-en-les-demencies-lexperiencia-a-lhospital-sagrat-cor\/\">podeu ampliar la informaci\u00f3 en aquest article del Dr. S\u00e1nchez<\/a>).<\/p>\n\n\n\n<figure class=\"wp-block-image size-large\"><img loading=\"lazy\" decoding=\"async\" width=\"1024\" height=\"576\" src=\"https:\/\/hospitalsagratcormartorell.org\/entre-tots\/wp-content\/uploads\/2024\/09\/multisensorial-1024x576.png\" alt=\"\" class=\"wp-image-9738\" srcset=\"https:\/\/fundaciohospitalariesmartorell.org\/entre-tots\/wp-content\/uploads\/2024\/09\/multisensorial-1024x576.png 1024w, https:\/\/fundaciohospitalariesmartorell.org\/entre-tots\/wp-content\/uploads\/2024\/09\/multisensorial-300x169.png 300w, https:\/\/fundaciohospitalariesmartorell.org\/entre-tots\/wp-content\/uploads\/2024\/09\/multisensorial-768x432.png 768w, https:\/\/fundaciohospitalariesmartorell.org\/entre-tots\/wp-content\/uploads\/2024\/09\/multisensorial-1320x742.png 1320w, https:\/\/fundaciohospitalariesmartorell.org\/entre-tots\/wp-content\/uploads\/2024\/09\/multisensorial.png 1428w\" sizes=\"auto, (max-width: 1024px) 100vw, 1024px\" \/><\/figure>\n\n\n\n<p>Millorar la qualitat de vida de les persones amb Alzheimer, aix\u00ed com la dels seus cuidadors, \u00e9s fonamental per alentir la progressi\u00f3 dels s\u00edmptomes i mantenir la funcionalitat di\u00e0ria. Aquest \u00e9s l\u2019objectiu principal dels i les professionals del nostre hospital&nbsp; que enfoquen el tractament de la malaltia des d&#8217;una perspectiva no farmacol\u00f2gica. Parlem de terapeutes ocupacionals, infermers i infermeres, TCAIs, logopedes i altres especialistes que treballen les capacitats cognitives, f\u00edsiques i emocionals de les persones diagnosticades amb aquesta malaltia, que t\u00e9 una esperan\u00e7a de vida d\u2019entre 7 i 15 anys.<\/p>\n\n\n\n<p><strong>Diagn\u00f2stic preco\u00e7 i plans personalitzats<\/strong><\/p>\n\n\n\n<p>L\u2019Hospital Sagrat Cor compta amb una unitat especialitzada en deteriorament cognitiu, on s&#8217;avalua de manera precisa cada pacient. Un diagn\u00f2stic preco\u00e7 \u00e9s essencial per desenvolupar un pla de tractament personalitzat que ajudi a alentir la progressi\u00f3 de la malaltia. Aquesta avaluaci\u00f3 no nom\u00e9s permet a les fam\u00edlies comprendre millor els reptes que afrontaran, sin\u00f3 que tamb\u00e9 facilita una planificaci\u00f3 adequada per mantenir la qualitat de vida del pacient el m\u00e0xim temps possible.<\/p>\n\n\n\n<figure class=\"wp-block-image size-large\"><img loading=\"lazy\" decoding=\"async\" width=\"1024\" height=\"768\" src=\"https:\/\/hospitalsagratcormartorell.org\/entre-tots\/wp-content\/uploads\/2024\/09\/20240731_094853-1024x768.jpg\" alt=\"\" class=\"wp-image-9745\" srcset=\"https:\/\/fundaciohospitalariesmartorell.org\/entre-tots\/wp-content\/uploads\/2024\/09\/20240731_094853-1024x768.jpg 1024w, https:\/\/fundaciohospitalariesmartorell.org\/entre-tots\/wp-content\/uploads\/2024\/09\/20240731_094853-300x225.jpg 300w, https:\/\/fundaciohospitalariesmartorell.org\/entre-tots\/wp-content\/uploads\/2024\/09\/20240731_094853-768x576.jpg 768w, https:\/\/fundaciohospitalariesmartorell.org\/entre-tots\/wp-content\/uploads\/2024\/09\/20240731_094853-1536x1152.jpg 1536w, https:\/\/fundaciohospitalariesmartorell.org\/entre-tots\/wp-content\/uploads\/2024\/09\/20240731_094853-2048x1536.jpg 2048w, https:\/\/fundaciohospitalariesmartorell.org\/entre-tots\/wp-content\/uploads\/2024\/09\/20240731_094853-1320x990.jpg 1320w\" sizes=\"auto, (max-width: 1024px) 100vw, 1024px\" \/><\/figure>\n\n\n\n<p><strong>Atenci\u00f3 individualitzada i seguiment constant<\/strong><\/p>\n\n\n\n<p>Un dels reptes en l\u2019atenci\u00f3 a pacients amb Alzheimer \u00e9s la necessitat d\u2019una atenci\u00f3 personalitzada. Als hospitals de dia de Martorell i Sant Feliu, els pacients poden assistir-hi de dilluns a divendres amb horaris flexibles que s&#8217;ajusten a les necessitats de la fam\u00edlia i amb la possibilitat d&#8217;incloure l&#8217;\u00e0pat del dinar.<\/p>\n\n\n\n<p>\u00c9s essencial abordar cada etapa de la malaltia, i des de l&#8217;Hospital Sagrat Cor oferim una gamma diversa d&#8217;opcions per donar suport tant al pacient com a la seva fam\u00edlia durant aquest proc\u00e9s. \u201cEn les etapes inicials de la dem\u00e8ncia, \u00e9s fonamental implementar l\u2019estimulaci\u00f3 cognitiva, ja que el pacient encara t\u00e9 una capacitat significativa de resposta. Aquest treball actua com una barrera que ajuda a frenar l\u2019avan\u00e7ament de la malaltia,\u201d explica l\u2019Esther. La ter\u00e0pia s\u2019adapta al moment del pacient, per\u00f2 tamb\u00e9 la seva traject\u00f2ria acad\u00e8mica, professional i vital.<\/p>\n\n\n\n<figure class=\"wp-block-image size-full\"><img loading=\"lazy\" decoding=\"async\" width=\"989\" height=\"563\" src=\"https:\/\/hospitalsagratcormartorell.org\/entre-tots\/wp-content\/uploads\/2024\/07\/up4i801j.png\" alt=\"\" class=\"wp-image-9589\" srcset=\"https:\/\/fundaciohospitalariesmartorell.org\/entre-tots\/wp-content\/uploads\/2024\/07\/up4i801j.png 989w, https:\/\/fundaciohospitalariesmartorell.org\/entre-tots\/wp-content\/uploads\/2024\/07\/up4i801j-300x171.png 300w, https:\/\/fundaciohospitalariesmartorell.org\/entre-tots\/wp-content\/uploads\/2024\/07\/up4i801j-768x437.png 768w\" sizes=\"auto, (max-width: 989px) 100vw, 989px\" \/><\/figure>\n\n\n\n<p>En aquest entorn tamb\u00e9 s\u2019ofereixen serveis de fisioter\u00e0pia, que tenen com a objectius mantenir el m\u00e0xim nivell d&#8217;autonomia en les activitats b\u00e0siques de la vida di\u00e0ria, conservar la flexibilitat, la coordinaci\u00f3, l\u2019equilibri i la capacitat de despla\u00e7ament. Tamb\u00e9 s\u2019ofereix fisioter\u00e0pia cardiorespirat\u00f2ria i exercicis de relaxaci\u00f3.<\/p>\n\n\n\n<p>En les fases m\u00e9s avan\u00e7ades, Juan Antonio Guzm\u00e1n, responsable del Servei de Rehabilitaci\u00f3 F\u00edsica, ens explica que s\u2019hi afegeixen altres objectius, com els de prevenir alteracions cardiocirculat\u00f2ries i caigudes, complicacions respirat\u00f2ries (broncopneum\u00f2nies, s\u00edndromes obstructives) i evitar el dolor (per rigidesa articular, contractures musculars, etc.)<\/p>\n\n\n\n<p><strong>L\u2019abordatge infermer \u00e9s clau a la planta d\u2019hospitalitzaci\u00f3<\/strong><\/p>\n\n\n\n<p>Els pacients que assisteixen a l&#8217;hospital de dia reben un seguiment continuat per part d&#8217;un equip multidisciplinari. Aquest seguiment \u00e9s important perqu\u00e8 a vegades la malaltia avan\u00e7a de manera r\u00e0pida, o un contratemps de salut, com una caiguda, pot accelerar el deteriorament. En els casos en qu\u00e8 la situaci\u00f3 empitjora, disposem d&#8217;una unitat espec\u00edfica per atendre aquests pacients dins l&#8217;hospital. \u201cEl nostre prop\u00f2sit \u00e9s unir esfor\u00e7os per garantir que tant les persones malaltes com les seves fam\u00edlies no perdin qualitat de vida a causa d&#8217;una malaltia que no han triat, posant l&#8217;accent en afegir vida als anys i no nom\u00e9s anys a la vida\u201d, explica V\u00edctor Manuel Ruiz, DUI Convalesc\u00e8ncia Planta 1 (<a href=\"https:\/\/hospitalsagratcormartorell.org\/entre-tots\/2024\/09\/dia-internacional-de-lalzheimer-donar-vida-als-anys-i-no-nomes-anys-a-la-vida\/\">ampliar informaci\u00f3, aqu\u00ed.<\/a>)<\/p>\n\n\n\n<p>A mesura que la malaltia avan\u00e7a, molts pacients perden la capacitat de fer activitats b\u00e0siques com menjar o anar al lavabo. Aquest deteriorament sol estar associat amb una p\u00e8rdua de la capacitat de comprensi\u00f3 i, per tant, els pacients es tornen cada vegada m\u00e9s dependents. Aix\u00f2 fa necessari un equip d&#8217;infermeria que s&#8217;encarregui de preservar la integritat cut\u00e0nia, ja que la mobilitat redu\u00efda pot provocar nafres. Tamb\u00e9 es requereix una bona nutrici\u00f3 i hidrataci\u00f3, aix\u00ed com l&#8217;\u00fas de matalassos i proteccions espec\u00edfiques per evitar lesions cut\u00e0nies, especialment en aquells pacients que ja no poden moure&#8217;s.<\/p>\n\n\n\n<p><strong>La logop\u00e8dia i la comunicaci\u00f3: mantenir les capacitats<\/strong><\/p>\n\n\n\n<p>Des de l\u2019inici de la malaltia, la comunicaci\u00f3 de les persones amb Alzheimer comen\u00e7a a alterar-se presentant caracter\u00edstiques diverses segons la persona, estat inicial i progressi\u00f3. \u201cEn termes generals, el llenguatge espontani mostra un alentiment en la recerca de paraules, amb una demora en l&#8217;acc\u00e9s al l\u00e8xic i, en alguns casos, una incapacitat per trobar-les (anomies). A mesura que avan\u00e7a la malaltia, els d\u00e8ficits comunicatius s\u2019incrementen presentant dificultats per a poder construir una frase, parla amb certa telegrafia o un discurs amb jarg\u00f3 i buit de significats. Poden apareixen ecol\u00e0lies (repeticions involunt\u00e0ries) i la comprensi\u00f3 tamb\u00e9 s\u2019altera. De manera m\u00e9s severa, algunes de les persones poden acabar amb un estat de mutisme\u201d, explica Irene Cobo, logopeda.<\/p>\n\n\n\n<figure class=\"wp-block-image size-large\"><img loading=\"lazy\" decoding=\"async\" width=\"1024\" height=\"598\" src=\"https:\/\/hospitalsagratcormartorell.org\/entre-tots\/wp-content\/uploads\/2024\/09\/activitat-hospital-de-dia-1024x598.png\" alt=\"\" class=\"wp-image-9751\" srcset=\"https:\/\/fundaciohospitalariesmartorell.org\/entre-tots\/wp-content\/uploads\/2024\/09\/activitat-hospital-de-dia-1024x598.png 1024w, https:\/\/fundaciohospitalariesmartorell.org\/entre-tots\/wp-content\/uploads\/2024\/09\/activitat-hospital-de-dia-300x175.png 300w, https:\/\/fundaciohospitalariesmartorell.org\/entre-tots\/wp-content\/uploads\/2024\/09\/activitat-hospital-de-dia-768x449.png 768w, https:\/\/fundaciohospitalariesmartorell.org\/entre-tots\/wp-content\/uploads\/2024\/09\/activitat-hospital-de-dia.png 1220w\" sizes=\"auto, (max-width: 1024px) 100vw, 1024px\" \/><\/figure>\n\n\n\n<p><strong>Disf\u00e0gia orofar\u00edngia: un repte per a la nutrici\u00f3 segura<\/strong> <strong>i efica\u00e7<\/strong><\/p>\n\n\n\n<p>Un altre s\u00edmptoma com\u00fa de l\u2019Alzheimer \u00e9s la disf\u00e0gia orofar\u00edngia, que pot comportar greus complicacions com desnutrici\u00f3, deshidrataci\u00f3 o infeccions respirat\u00f2ries. Irene Cobo recomana una s\u00e8rie de pautes per facilitar una alimentaci\u00f3 segura, com espessir els l\u00edquids en cas de tos, oferir aliments tous i evitar textures dobles. A m\u00e9s, es fomenta que el pacient mantingui una postura correcta durant els \u00e0pats i tingui temps suficient per menjar.<\/p>\n\n\n\n<p><strong>Reptes de futur<\/strong><\/p>\n\n\n\n<p>Gr\u00e0cies a aven\u00e7os com el diagn\u00f2stic preco\u00e7 i noves t\u00e8cniques terap\u00e8utiques, la qualitat de vida dels pacients amb Alzheimer ha millorat en les darreres d\u00e8cades. Tot i que encara no existeix una cura, els professionals de l\u2019Hospital Sagrat Cor continuen treballant per proporcionar el millor suport possible als pacients i les seves fam\u00edlies.<\/p>\n\n\n\n<p>L&#8217;objectiu final \u00e9s garantir una vida digna per als pacients, alleugerint alhora la c\u00e0rrega emocional dels seus cuidadors, i oferint orientaci\u00f3 constant i eines tecnol\u00f2giques que ajudin en la lluita di\u00e0ria contra aquesta devastadora malaltia. \u201c\u00c9s important que els pacients mantinguin una vida activa, amb est\u00edmuls cognitius com llegir o participar en activitats que els mantinguin vinculats socialment. Aix\u00f2 ajuda a retardar la deterioraci\u00f3, tot i que la malaltia continua avan\u00e7ant\u201d, explica Romaguera.<\/p>\n\n\n\n<p>Ampliar informaci\u00f3<\/p>\n\n\n\n<ul class=\"wp-block-list\">\n<li><a href=\"https:\/\/hospitalsagratcormartorell.org\/entre-tots\/2024\/09\/dia-internacional-de-lalzheimer-donar-vida-als-anys-i-no-nomes-anys-a-la-vida\/\">Dia Internacional de l\u2019Alzheimer: donar vida als anys i no nom\u00e9s anys a la vida<\/a>. V\u00edctor Manuel Ruiz Quiles. DUI Geriatria.<\/li>\n\n\n\n<li><a href=\"https:\/\/hospitalsagratcormartorell.org\/entre-tots\/2024\/09\/lestimulacio-multisensorial-en-el-tractament-dels-problemes-de-conducta-en-les-demencies-lexperiencia-a-lhospital-sagrat-cor\/\">L\u2019estimulaci\u00f3 multisensorial en el tractament dels problemes de conducta en les dem\u00e8ncies, l\u2019experi\u00e8ncia a l\u2019Hospital Sagrat Cor<\/a>. Dr. Manel S\u00e1nchez, coordinador de  la Unitat de Psiquiatria Geri\u00e0trica.<\/li>\n\n\n\n<li><a href=\"https:\/\/hospitalsagratcormartorell.org\/entre-tots\/2024\/07\/com-abordar-el-diagnostic-dun-familiar-amb-demencia\/\">Com abordar el diagn\u00f2stic d\u2019un familiar amb dem\u00e8ncia?<\/a><\/li>\n<\/ul>\n\n\n\n<p><\/p>\n","protected":false},"excerpt":{"rendered":"<p>Les ter\u00e0pies multisensorials i la intel\u00b7lig\u00e8ncia artificial s\u00f3n clau per mantenir la funcionalitat i la qualitat de vida dels pacients. L&#8217;Hospital Sagrat Cor ha integrat plenament les ter\u00e0pies no farmacol\u00f2giques com a part del tractament de l&#8217;Alzheimer i altres formes de deteriorament cognitiu. A trav\u00e9s de m\u00e8todes innovadors com l&#8217;estimulaci\u00f3 multisensorial o l&#8217;\u00fas de robots [&hellip;]<\/p>\n","protected":false},"author":5,"featured_media":9737,"comment_status":"closed","ping_status":"closed","sticky":false,"template":"","format":"standard","meta":{"footnotes":""},"categories":[28],"tags":[],"class_list":["post-9736","post","type-post","status-publish","format-standard","has-post-thumbnail","hentry","category-tot-aixo-es-nostre"],"blocksy_meta":[],"featured_image_urls_v2":{"full":["https:\/\/fundaciohospitalariesmartorell.org\/entre-tots\/wp-content\/uploads\/2024\/09\/20240731_094108-scaled.jpg",2560,1920,false],"thumbnail":["https:\/\/fundaciohospitalariesmartorell.org\/entre-tots\/wp-content\/uploads\/2024\/09\/20240731_094108-150x150.jpg",150,150,true],"medium":["https:\/\/fundaciohospitalariesmartorell.org\/entre-tots\/wp-content\/uploads\/2024\/09\/20240731_094108-300x225.jpg",300,225,true],"medium_large":["https:\/\/fundaciohospitalariesmartorell.org\/entre-tots\/wp-content\/uploads\/2024\/09\/20240731_094108-768x576.jpg",768,576,true],"large":["https:\/\/fundaciohospitalariesmartorell.org\/entre-tots\/wp-content\/uploads\/2024\/09\/20240731_094108-1024x768.jpg",1024,768,true],"1536x1536":["https:\/\/fundaciohospitalariesmartorell.org\/entre-tots\/wp-content\/uploads\/2024\/09\/20240731_094108-1536x1152.jpg",1536,1152,true],"2048x2048":["https:\/\/fundaciohospitalariesmartorell.org\/entre-tots\/wp-content\/uploads\/2024\/09\/20240731_094108-2048x1536.jpg",2048,1536,true],"mailpoet_newsletter_max":["https:\/\/fundaciohospitalariesmartorell.org\/entre-tots\/wp-content\/uploads\/2024\/09\/20240731_094108-1320x990.jpg",1320,990,true]},"post_excerpt_stackable_v2":"<p>Les ter\u00e0pies multisensorials i la intel\u00b7lig\u00e8ncia artificial s\u00f3n clau per mantenir la funcionalitat i la qualitat de vida dels pacients. L&#8217;Hospital Sagrat Cor ha integrat plenament les ter\u00e0pies no farmacol\u00f2giques com a part del tractament de l&#8217;Alzheimer i altres formes de deteriorament cognitiu. A trav\u00e9s de m\u00e8todes innovadors com l&#8217;estimulaci\u00f3 multisensorial o l&#8217;\u00fas de robots terap\u00e8utics, es treballa per millorar la qualitat de vida dels pacients i alentir la progressi\u00f3 de la malaltia. Un treball que es du a terme en un equip multidisciplinari altament especialitzat on terapeutes ocupacionals, infermeres i infermers, TCAIs, fisioterapeutes i logopedes donen el millor de&hellip;<\/p>\n","category_list_v2":"<a href=\"https:\/\/fundaciohospitalariesmartorell.org\/entre-tots\/category\/tot-aixo-es-nostre\/\" rel=\"category tag\">TOT AIX\u00d2 \u00c9S NOSTRE<\/a>","author_info_v2":{"name":"Alba Felip","url":"https:\/\/fundaciohospitalariesmartorell.org\/entre-tots\/author\/afelipr\/"},"comments_num_v2":"0 comments","_links":{"self":[{"href":"https:\/\/fundaciohospitalariesmartorell.org\/entre-tots\/wp-json\/wp\/v2\/posts\/9736","targetHints":{"allow":["GET"]}}],"collection":[{"href":"https:\/\/fundaciohospitalariesmartorell.org\/entre-tots\/wp-json\/wp\/v2\/posts"}],"about":[{"href":"https:\/\/fundaciohospitalariesmartorell.org\/entre-tots\/wp-json\/wp\/v2\/types\/post"}],"author":[{"embeddable":true,"href":"https:\/\/fundaciohospitalariesmartorell.org\/entre-tots\/wp-json\/wp\/v2\/users\/5"}],"replies":[{"embeddable":true,"href":"https:\/\/fundaciohospitalariesmartorell.org\/entre-tots\/wp-json\/wp\/v2\/comments?post=9736"}],"version-history":[{"count":10,"href":"https:\/\/fundaciohospitalariesmartorell.org\/entre-tots\/wp-json\/wp\/v2\/posts\/9736\/revisions"}],"predecessor-version":[{"id":9773,"href":"https:\/\/fundaciohospitalariesmartorell.org\/entre-tots\/wp-json\/wp\/v2\/posts\/9736\/revisions\/9773"}],"wp:featuredmedia":[{"embeddable":true,"href":"https:\/\/fundaciohospitalariesmartorell.org\/entre-tots\/wp-json\/wp\/v2\/media\/9737"}],"wp:attachment":[{"href":"https:\/\/fundaciohospitalariesmartorell.org\/entre-tots\/wp-json\/wp\/v2\/media?parent=9736"}],"wp:term":[{"taxonomy":"category","embeddable":true,"href":"https:\/\/fundaciohospitalariesmartorell.org\/entre-tots\/wp-json\/wp\/v2\/categories?post=9736"},{"taxonomy":"post_tag","embeddable":true,"href":"https:\/\/fundaciohospitalariesmartorell.org\/entre-tots\/wp-json\/wp\/v2\/tags?post=9736"}],"curies":[{"name":"wp","href":"https:\/\/api.w.org\/{rel}","templated":true}]}}