{"id":9784,"date":"2024-09-23T09:14:19","date_gmt":"2024-09-23T08:14:19","guid":{"rendered":"https:\/\/hospitalsagratcormartorell.org\/entre-tots\/?p=9784"},"modified":"2024-09-30T09:43:05","modified_gmt":"2024-09-30T08:43:05","slug":"lhospital-sagrat-cor-rep-lacreditacio-amed-com-a-centre-sanitari-que-promou-la-dieta-mediterrania-saludable-i-sostenible","status":"publish","type":"post","link":"https:\/\/fundaciohospitalariesmartorell.org\/entre-tots\/2024\/09\/lhospital-sagrat-cor-rep-lacreditacio-amed-com-a-centre-sanitari-que-promou-la-dieta-mediterrania-saludable-i-sostenible\/","title":{"rendered":"L\u2019Hospital Sagrat Cor rep l\u2019Acreditaci\u00f3 AMED per promoure la dieta mediterr\u00e0nia saludable i sostenible"},"content":{"rendered":"<figure class=\"wp-block-post-featured-image\"><img loading=\"lazy\" decoding=\"async\" width=\"2560\" height=\"1920\" src=\"https:\/\/fundaciohospitalariesmartorell.org\/entre-tots\/wp-content\/uploads\/2024\/09\/20240718_115553-scaled.jpg\" class=\"attachment-post-thumbnail size-post-thumbnail wp-post-image\" alt=\"\" style=\"object-fit:cover;\" srcset=\"https:\/\/fundaciohospitalariesmartorell.org\/entre-tots\/wp-content\/uploads\/2024\/09\/20240718_115553-scaled.jpg 2560w, https:\/\/fundaciohospitalariesmartorell.org\/entre-tots\/wp-content\/uploads\/2024\/09\/20240718_115553-300x225.jpg 300w, https:\/\/fundaciohospitalariesmartorell.org\/entre-tots\/wp-content\/uploads\/2024\/09\/20240718_115553-1024x768.jpg 1024w, https:\/\/fundaciohospitalariesmartorell.org\/entre-tots\/wp-content\/uploads\/2024\/09\/20240718_115553-768x576.jpg 768w, https:\/\/fundaciohospitalariesmartorell.org\/entre-tots\/wp-content\/uploads\/2024\/09\/20240718_115553-1536x1152.jpg 1536w, https:\/\/fundaciohospitalariesmartorell.org\/entre-tots\/wp-content\/uploads\/2024\/09\/20240718_115553-2048x1536.jpg 2048w, https:\/\/fundaciohospitalariesmartorell.org\/entre-tots\/wp-content\/uploads\/2024\/09\/20240718_115553-1320x990.jpg 1320w\" sizes=\"auto, (max-width: 2560px) 100vw, 2560px\" \/><\/figure>\n\n\n<p>El Servei de Salut P\u00fablica del Baix Llobregat i l\u2019Hospitalet ha lliurat l\u2019acreditaci\u00f3 AMED 2024 a l\u2019Hospital Sagrat Cor, una acreditaci\u00f3 que certifica que l\u2019establiment hospitalari est\u00e0 comprom\u00e8s amb la promoci\u00f3 de l\u2019alimentaci\u00f3 mediterr\u00e0nia entre el seu personal col\u00b7laborador, persones usu\u00e0ries i totes les que fan \u00fas de la cafeteria del centre.<\/p>\n\n\n\n<p>L\u2019empresa Comertel, que gestiona les cuines d\u2019aquest centre, promou i garanteix&nbsp; l\u2019acc\u00e9s a men\u00fas mediterranis saludables per als comensals, tant a la zona del menjador laboral com a la cafeteria per a persones usu\u00e0ries externes.<\/p>\n\n\n\n<p>L\u2019acreditaci\u00f3 AMED 2024 va ser lliurada al recinte hospitalari de Martorell amb la pres\u00e8ncia de la Cap Operacional de Comertel i de responsables de diferents \u00e0rees assistencials i de gesti\u00f3 de l\u2019Hospital Sagrat Cor. Per aconseguir aquesta certificaci\u00f3 AMED a l\u2019Hospital Sagrat Cor, la gestora Comertel, ha garantit l\u2019acompliment dels criteris\u00a0 alimentaris definits pel programa AMED (<a href=\"http:\/\/www.amed.cat\/requisits.php\">Criteris AMED<\/a>). <\/p>\n\n\n\n<p>D\u2019altra banda, a<strong> <\/strong>l\u2019hora d\u2019atorgar l\u2019acreditaci\u00f3 AMED s\u2019han valorat\u00a0 tamb\u00e9 altres aspectes associats al programa com la difusi\u00f3 d\u2019activitats de lleure actiu i la pr\u00e0ctica de l\u2019activitat f\u00edsica adre\u00e7ades al personal col\u00b7laborador que estan incloses en el seu programa\u00a0 de promoci\u00f3 de la salut \u201cCuida\u2019t x cuidar\u201d. Aquest programa inclou diferents activitats de promoci\u00f3 d\u2019h\u00e0bits saludables com ara: la publicaci\u00f3 de <a href=\"https:\/\/hospitalsagratcormartorell.org\/publicada-la-2a-edicio-del-llibre-de-receptes-saludables-de-nadal-elaborat-amb-propostes-saludables-i-creatives-del-personal-collaborador\/\">\u00a0llibres de receptes saludables de Nadal<\/a>, xerrades i tallers per a la promoci\u00f3 de la salut (carmanyola saludable, higiene de la son, <em>mindfulness<\/em>, etc.) i\u00a0 diferents activitats esportives (participaci\u00f3 en els <em>BCN Salut Games<\/em>, la marxa n\u00f2rdica, etc.).<\/p>\n","protected":false},"excerpt":{"rendered":"<p>El Servei de Salut P\u00fablica del Baix Llobregat i l\u2019Hospitalet ha lliurat l\u2019acreditaci\u00f3 AMED 2024 a l\u2019Hospital Sagrat Cor, una acreditaci\u00f3 que certifica que l\u2019establiment hospitalari est\u00e0 comprom\u00e8s amb la promoci\u00f3 de l\u2019alimentaci\u00f3 mediterr\u00e0nia entre el seu personal col\u00b7laborador, persones usu\u00e0ries i totes les que fan \u00fas de la cafeteria del centre. L\u2019empresa Comertel, que [&hellip;]<\/p>\n","protected":false},"author":5,"featured_media":9785,"comment_status":"closed","ping_status":"closed","sticky":false,"template":"","format":"standard","meta":{"footnotes":""},"categories":[27],"tags":[53,54,52],"class_list":["post-9784","post","type-post","status-publish","format-standard","has-post-thumbnail","hentry","category-actualitat","tag-acreditacio","tag-alimentacio-saludable","tag-amed"],"blocksy_meta":[],"featured_image_urls_v2":{"full":["https:\/\/fundaciohospitalariesmartorell.org\/entre-tots\/wp-content\/uploads\/2024\/09\/20240718_115553-scaled.jpg",2560,1920,false],"thumbnail":["https:\/\/fundaciohospitalariesmartorell.org\/entre-tots\/wp-content\/uploads\/2024\/09\/20240718_115553-150x150.jpg",150,150,true],"medium":["https:\/\/fundaciohospitalariesmartorell.org\/entre-tots\/wp-content\/uploads\/2024\/09\/20240718_115553-300x225.jpg",300,225,true],"medium_large":["https:\/\/fundaciohospitalariesmartorell.org\/entre-tots\/wp-content\/uploads\/2024\/09\/20240718_115553-768x576.jpg",768,576,true],"large":["https:\/\/fundaciohospitalariesmartorell.org\/entre-tots\/wp-content\/uploads\/2024\/09\/20240718_115553-1024x768.jpg",1024,768,true],"1536x1536":["https:\/\/fundaciohospitalariesmartorell.org\/entre-tots\/wp-content\/uploads\/2024\/09\/20240718_115553-1536x1152.jpg",1536,1152,true],"2048x2048":["https:\/\/fundaciohospitalariesmartorell.org\/entre-tots\/wp-content\/uploads\/2024\/09\/20240718_115553-2048x1536.jpg",2048,1536,true],"mailpoet_newsletter_max":["https:\/\/fundaciohospitalariesmartorell.org\/entre-tots\/wp-content\/uploads\/2024\/09\/20240718_115553-1320x990.jpg",1320,990,true]},"post_excerpt_stackable_v2":"<p>El Servei de Salut P\u00fablica del Baix Llobregat i l\u2019Hospitalet ha lliurat l\u2019acreditaci\u00f3 AMED 2024 a l\u2019Hospital Sagrat Cor, una acreditaci\u00f3 que certifica que l\u2019establiment hospitalari est\u00e0 comprom\u00e8s amb la promoci\u00f3 de l\u2019alimentaci\u00f3 mediterr\u00e0nia entre el seu personal col\u00b7laborador, persones usu\u00e0ries i totes les que fan \u00fas de la cafeteria del centre. L\u2019empresa Comertel, que gestiona les cuines d\u2019aquest centre, promou i garanteix&nbsp; l\u2019acc\u00e9s a men\u00fas mediterranis saludables per als comensals, tant a la zona del menjador laboral com a la cafeteria per a persones usu\u00e0ries externes. L\u2019acreditaci\u00f3 AMED 2024 va ser lliurada al recinte hospitalari de Martorell amb la&hellip;<\/p>\n","category_list_v2":"<a href=\"https:\/\/fundaciohospitalariesmartorell.org\/entre-tots\/category\/actualitat\/\" rel=\"category tag\">ACTUALITAT<\/a>","author_info_v2":{"name":"Alba Felip","url":"https:\/\/fundaciohospitalariesmartorell.org\/entre-tots\/author\/afelipr\/"},"comments_num_v2":"0 comments","_links":{"self":[{"href":"https:\/\/fundaciohospitalariesmartorell.org\/entre-tots\/wp-json\/wp\/v2\/posts\/9784","targetHints":{"allow":["GET"]}}],"collection":[{"href":"https:\/\/fundaciohospitalariesmartorell.org\/entre-tots\/wp-json\/wp\/v2\/posts"}],"about":[{"href":"https:\/\/fundaciohospitalariesmartorell.org\/entre-tots\/wp-json\/wp\/v2\/types\/post"}],"author":[{"embeddable":true,"href":"https:\/\/fundaciohospitalariesmartorell.org\/entre-tots\/wp-json\/wp\/v2\/users\/5"}],"replies":[{"embeddable":true,"href":"https:\/\/fundaciohospitalariesmartorell.org\/entre-tots\/wp-json\/wp\/v2\/comments?post=9784"}],"version-history":[{"count":2,"href":"https:\/\/fundaciohospitalariesmartorell.org\/entre-tots\/wp-json\/wp\/v2\/posts\/9784\/revisions"}],"predecessor-version":[{"id":9872,"href":"https:\/\/fundaciohospitalariesmartorell.org\/entre-tots\/wp-json\/wp\/v2\/posts\/9784\/revisions\/9872"}],"wp:featuredmedia":[{"embeddable":true,"href":"https:\/\/fundaciohospitalariesmartorell.org\/entre-tots\/wp-json\/wp\/v2\/media\/9785"}],"wp:attachment":[{"href":"https:\/\/fundaciohospitalariesmartorell.org\/entre-tots\/wp-json\/wp\/v2\/media?parent=9784"}],"wp:term":[{"taxonomy":"category","embeddable":true,"href":"https:\/\/fundaciohospitalariesmartorell.org\/entre-tots\/wp-json\/wp\/v2\/categories?post=9784"},{"taxonomy":"post_tag","embeddable":true,"href":"https:\/\/fundaciohospitalariesmartorell.org\/entre-tots\/wp-json\/wp\/v2\/tags?post=9784"}],"curies":[{"name":"wp","href":"https:\/\/api.w.org\/{rel}","templated":true}]}}