{"id":9799,"date":"2024-09-23T09:39:42","date_gmt":"2024-09-23T08:39:42","guid":{"rendered":"https:\/\/hospitalsagratcormartorell.org\/entre-tots\/?p=9799"},"modified":"2024-09-23T09:52:41","modified_gmt":"2024-09-23T08:52:41","slug":"sor-ma-soledad-una-vida-dedicada-a-la-hospitalidad-y-al-servicio","status":"publish","type":"post","link":"https:\/\/fundaciohospitalariesmartorell.org\/entre-tots\/2024\/09\/sor-ma-soledad-una-vida-dedicada-a-la-hospitalidad-y-al-servicio\/","title":{"rendered":"Sor M\u00aa Soledad, una vida dedicada a la hospitalidad y al servicio"},"content":{"rendered":"\n<div class=\"wp-block-columns is-layout-flex wp-container-core-columns-is-layout-28f84493 wp-block-columns-is-layout-flex\">\n<div class=\"wp-block-column is-layout-flow wp-block-column-is-layout-flow\" style=\"flex-basis:50%\">\n<p>El pasado 25 de agosto, la comunidad del Hospital Sagrat Cor de Martorell despidi\u00f3 a Sor M\u00aa Soledad Paternain Plaza, quien dedic\u00f3 m\u00e1s de 40 a\u00f1os de su vida al cuidado de los pacientes y a la hospitalidad. Durante los d\u00edas que prosiguieron a su fallecimiento, fueron muchos los gestos de cercan\u00eda, amistad y condolencia recibidos, reflejo del esp\u00edritu de hospitalidad que ella misma vivi\u00f3 y promovi\u00f3.<\/p>\n<\/div>\n\n\n\n<div class=\"wp-block-column is-layout-flow wp-block-column-is-layout-flow\" style=\"flex-basis:50%\">\n<figure class=\"wp-block-image size-full\"><img loading=\"lazy\" decoding=\"async\" width=\"358\" height=\"231\" src=\"https:\/\/hospitalsagratcormartorell.org\/entre-tots\/wp-content\/uploads\/2024\/09\/sor-soledad.png\" alt=\"\" class=\"wp-image-9802\" srcset=\"https:\/\/fundaciohospitalariesmartorell.org\/entre-tots\/wp-content\/uploads\/2024\/09\/sor-soledad.png 358w, https:\/\/fundaciohospitalariesmartorell.org\/entre-tots\/wp-content\/uploads\/2024\/09\/sor-soledad-300x194.png 300w\" sizes=\"auto, (max-width: 358px) 100vw, 358px\" \/><\/figure>\n<\/div>\n<\/div>\n\n\n\n<p>Sor M\u00aa Soledad, con su caracter\u00edstica humildad y generosidad, expres\u00f3 en su d\u00eda palabras que hoy resuenan con mayor fuerza. Durante el acto de reconocimiento en la fiesta del Sagrado Coraz\u00f3n, el pasado 7 de junio de 2024, habl\u00f3 con emoci\u00f3n sobre su vida entregada al servicio de los dem\u00e1s, destacando que &#8220;los pacientes eran mi vida&#8221; y que encontraba una &#8220;incalculable satisfacci\u00f3n&#8221; en el trabajo hospitalario. Su alegr\u00eda y gratitud por la vida y el servicio que desempe\u00f1\u00f3 fueron evidentes en cada palabra. &#8220;Yo he sido muy feliz en la vida hospitalaria, y en esta casa donde he pasado 41 a\u00f1os&#8221;, recordaba emocionada.<\/p>\n\n\n\n<figure class=\"wp-block-embed is-type-video is-provider-youtube wp-block-embed-youtube wp-embed-aspect-16-9 wp-has-aspect-ratio\"><div class=\"wp-block-embed__wrapper\">\n<iframe loading=\"lazy\" title=\"Acte d&#039;agra\u00efment a les germanes Sor M\u00aa Soledad Paternain i Sor Antonia del Ojo\" width=\"1290\" height=\"726\" src=\"https:\/\/www.youtube.com\/embed\/hQvizIQmRT8?feature=oembed\" frameborder=\"0\" allow=\"accelerometer; autoplay; clipboard-write; encrypted-media; gyroscope; picture-in-picture; web-share\" referrerpolicy=\"strict-origin-when-cross-origin\" allowfullscreen><\/iframe>\n<\/div><\/figure>\n\n\n\n<p>Sor M\u00aa Soledad tambi\u00e9n agradec\u00eda a Dios por el don de la vida y la salud que hab\u00eda disfrutado a lo largo de los a\u00f1os, a pesar de las dificultades que afrontaba en sus \u00faltimos d\u00edas. Con el mismo esp\u00edritu de entrega, aseguraba que &#8220;seguir\u00eda rezando&#8221; por todos aquellos que trabajaban en el hospital, pidiendo por la salud y bienestar de ellos y sus familias.<\/p>\n\n\n\n<p>La comunidad religiosa del Hospital Sagrat Cor, junto con familiares y amigos, lamenta profundamente la p\u00e9rdida de Sor M\u00aa Soledad, pero celebran su vida dedicada a los dem\u00e1s. Su ejemplo de servicio, su amor por los pacientes y su fe inquebrantable seguir\u00e1n siendo una fuente de inspiraci\u00f3n para todos.<\/p>\n\n\n\n<p>Descanse en paz, Sor M\u00aa Soledad Paternain Plaza.<\/p>\n","protected":false},"excerpt":{"rendered":"<p>El pasado 25 de agosto, la comunidad del Hospital Sagrat Cor de Martorell despidi\u00f3 a Sor M\u00aa Soledad Paternain Plaza, quien dedic\u00f3 m\u00e1s de 40 a\u00f1os de su vida al cuidado de los pacientes y a la hospitalidad. Durante los d\u00edas que prosiguieron a su fallecimiento, fueron muchos los gestos de cercan\u00eda, amistad y condolencia [&hellip;]<\/p>\n","protected":false},"author":5,"featured_media":9802,"comment_status":"closed","ping_status":"closed","sticky":false,"template":"","format":"standard","meta":{"footnotes":""},"categories":[27],"tags":[],"class_list":["post-9799","post","type-post","status-publish","format-standard","has-post-thumbnail","hentry","category-actualitat"],"blocksy_meta":[],"featured_image_urls_v2":{"full":["https:\/\/fundaciohospitalariesmartorell.org\/entre-tots\/wp-content\/uploads\/2024\/09\/sor-soledad.png",358,231,false],"thumbnail":["https:\/\/fundaciohospitalariesmartorell.org\/entre-tots\/wp-content\/uploads\/2024\/09\/sor-soledad-150x150.png",150,150,true],"medium":["https:\/\/fundaciohospitalariesmartorell.org\/entre-tots\/wp-content\/uploads\/2024\/09\/sor-soledad-300x194.png",300,194,true],"medium_large":["https:\/\/fundaciohospitalariesmartorell.org\/entre-tots\/wp-content\/uploads\/2024\/09\/sor-soledad.png",358,231,false],"large":["https:\/\/fundaciohospitalariesmartorell.org\/entre-tots\/wp-content\/uploads\/2024\/09\/sor-soledad.png",358,231,false],"1536x1536":["https:\/\/fundaciohospitalariesmartorell.org\/entre-tots\/wp-content\/uploads\/2024\/09\/sor-soledad.png",358,231,false],"2048x2048":["https:\/\/fundaciohospitalariesmartorell.org\/entre-tots\/wp-content\/uploads\/2024\/09\/sor-soledad.png",358,231,false],"mailpoet_newsletter_max":["https:\/\/fundaciohospitalariesmartorell.org\/entre-tots\/wp-content\/uploads\/2024\/09\/sor-soledad.png",358,231,false]},"post_excerpt_stackable_v2":"<p>El pasado 25 de agosto, la comunidad del Hospital Sagrat Cor de Martorell despidi\u00f3 a Sor M\u00aa Soledad Paternain Plaza, quien dedic\u00f3 m\u00e1s de 40 a\u00f1os de su vida al cuidado de los pacientes y a la hospitalidad. Durante los d\u00edas que prosiguieron a su fallecimiento, fueron muchos los gestos de cercan\u00eda, amistad y condolencia recibidos, reflejo del esp\u00edritu de hospitalidad que ella misma vivi\u00f3 y promovi\u00f3. Sor M\u00aa Soledad, con su caracter\u00edstica humildad y generosidad, expres\u00f3 en su d\u00eda palabras que hoy resuenan con mayor fuerza. Durante el acto de reconocimiento en la fiesta del Sagrado Coraz\u00f3n, el pasado&hellip;<\/p>\n","category_list_v2":"<a href=\"https:\/\/fundaciohospitalariesmartorell.org\/entre-tots\/category\/actualitat\/\" rel=\"category tag\">ACTUALITAT<\/a>","author_info_v2":{"name":"Alba Felip","url":"https:\/\/fundaciohospitalariesmartorell.org\/entre-tots\/author\/afelipr\/"},"comments_num_v2":"0 comments","_links":{"self":[{"href":"https:\/\/fundaciohospitalariesmartorell.org\/entre-tots\/wp-json\/wp\/v2\/posts\/9799","targetHints":{"allow":["GET"]}}],"collection":[{"href":"https:\/\/fundaciohospitalariesmartorell.org\/entre-tots\/wp-json\/wp\/v2\/posts"}],"about":[{"href":"https:\/\/fundaciohospitalariesmartorell.org\/entre-tots\/wp-json\/wp\/v2\/types\/post"}],"author":[{"embeddable":true,"href":"https:\/\/fundaciohospitalariesmartorell.org\/entre-tots\/wp-json\/wp\/v2\/users\/5"}],"replies":[{"embeddable":true,"href":"https:\/\/fundaciohospitalariesmartorell.org\/entre-tots\/wp-json\/wp\/v2\/comments?post=9799"}],"version-history":[{"count":3,"href":"https:\/\/fundaciohospitalariesmartorell.org\/entre-tots\/wp-json\/wp\/v2\/posts\/9799\/revisions"}],"predecessor-version":[{"id":9804,"href":"https:\/\/fundaciohospitalariesmartorell.org\/entre-tots\/wp-json\/wp\/v2\/posts\/9799\/revisions\/9804"}],"wp:featuredmedia":[{"embeddable":true,"href":"https:\/\/fundaciohospitalariesmartorell.org\/entre-tots\/wp-json\/wp\/v2\/media\/9802"}],"wp:attachment":[{"href":"https:\/\/fundaciohospitalariesmartorell.org\/entre-tots\/wp-json\/wp\/v2\/media?parent=9799"}],"wp:term":[{"taxonomy":"category","embeddable":true,"href":"https:\/\/fundaciohospitalariesmartorell.org\/entre-tots\/wp-json\/wp\/v2\/categories?post=9799"},{"taxonomy":"post_tag","embeddable":true,"href":"https:\/\/fundaciohospitalariesmartorell.org\/entre-tots\/wp-json\/wp\/v2\/tags?post=9799"}],"curies":[{"name":"wp","href":"https:\/\/api.w.org\/{rel}","templated":true}]}}