{"id":9805,"date":"2024-09-25T07:10:57","date_gmt":"2024-09-25T06:10:57","guid":{"rendered":"https:\/\/hospitalsagratcormartorell.org\/entre-tots\/?p=9805"},"modified":"2024-10-12T20:08:08","modified_gmt":"2024-10-12T19:08:08","slug":"la-dra-nuria-jaurrieta-parla-de-labordatge-psicologic-per-a-adults-amb-trastorn-obsessivocompulsiu-en-un-webinar-organitzat-per-som-salut-mental-360","status":"publish","type":"post","link":"https:\/\/fundaciohospitalariesmartorell.org\/entre-tots\/2024\/09\/la-dra-nuria-jaurrieta-parla-de-labordatge-psicologic-per-a-adults-amb-trastorn-obsessivocompulsiu-en-un-webinar-organitzat-per-som-salut-mental-360\/","title":{"rendered":"La Dra. N\u00faria Jaurrieta parla de l&#8217;abordatge psicol\u00f2gic per a adults amb trastorn obsessivocompulsiu en un webinar organitzat per SOM Salut Mental 360"},"content":{"rendered":"\n<figure class=\"wp-block-embed is-type-video is-provider-youtube wp-block-embed-youtube wp-embed-aspect-16-9 wp-has-aspect-ratio\"><div class=\"wp-block-embed__wrapper\">\n<iframe loading=\"lazy\" title=\"Tratamiento psicol\u00f3gico en adultos con TOC\" width=\"1290\" height=\"726\" src=\"https:\/\/www.youtube.com\/embed\/8jNxLubDYok?feature=oembed\" frameborder=\"0\" allow=\"accelerometer; autoplay; clipboard-write; encrypted-media; gyroscope; picture-in-picture; web-share\" referrerpolicy=\"strict-origin-when-cross-origin\" allowfullscreen><\/iframe>\n<\/div><\/figure>\n\n\n\n<p>La Dra. N\u00faria&nbsp;Jaurrieta&nbsp;Guarner, psic\u00f2loga i coordinadora de la Unitat Integral de Recuperaci\u00f3 dels Trastorns de la Conducta Aliment\u00e0ria (Hospital Sagrat Cor &#8211; Hospital Universitari de Bellvitge), ha participat en el&nbsp;webinar&nbsp;&#8220;Viure amb un trastorn&nbsp;obsessivocompulsiu&#8221;, organitzat per <a href=\"https:\/\/www.som360.org\/ca\/webinar\/viure-trastorn-obsessivocompulsiu\">SOM Salut Mental 360<\/a>, on ha aprofundit en el tractament psicol\u00f2gic per a persones adultes TOC.<\/p>\n\n\n\n<p>Durant la seva intervenci\u00f3, la Dra.&nbsp;Jaurrieta&nbsp;va destacar la t\u00e8cnica d&#8217;Exposici\u00f3 amb Prevenci\u00f3 de Resposta (EPR), considerat un dels tractaments m\u00e9s efica\u00e7os per al trastorn&nbsp;obsessivocompulsiu&nbsp;(TOC), ja que entre el 70% i el 75% dels pacients experimenten una millora significativa. Aquesta metodologia consisteix,&nbsp;priorit\u00e0riament, a exposar el pacient in vivo a les situacions o pensaments que li generen malestar, impedint-li realitzar els rituals o compulsions habituals. La pr\u00e0ctica freq\u00fcent de la t\u00e8cnica porta a la reducci\u00f3 dels&nbsp;s\u00edmptomes&nbsp;i del malestar emocional a llarg&nbsp;termini.<\/p>\n\n\n\n<p>A m\u00e9s, la Dra.&nbsp;Jaurrieta&nbsp;va introduir algunes de les idees b\u00e0siques del mindfulness, una pr\u00e0ctica cada vegada m\u00e9s utilitzada en la gesti\u00f3 del TOC, que ajuda les persones a reduir l&#8217;estr\u00e8s, estar presents i gestionar millor la reacci\u00f3 emocional inc\u00f2moda els seus pensaments obsessius i a conviure amb ells.<\/p>\n\n\n\n<p>Finalment, la Dra.&nbsp;Jaurrieta&nbsp;va compartir consells \u00fatils tant per als afectats pel trastorn com per als seus familiars, destacant la import\u00e0ncia del suport emocional, la paci\u00e8ncia i la comprensi\u00f3, per\u00f2 tamb\u00e9 de trobar espais de cura durant el proc\u00e9s.<\/p>\n\n\n\n<p>El&nbsp;webinar&nbsp;&#8220;<a href=\"https:\/\/www.som360.org\/ca\/webinar\/viure-trastorn-obsessivocompulsiu\">Viure amb un trastorn&nbsp;obsessivocompulsiu<\/a>&#8221; forma part d&#8217;una s\u00e8rie d&#8217;iniciatives promogudes per SOM Salut Mental 360, amb l&#8217;objectiu de sensibilitzar i oferir eines pr\u00e0ctiques per a la millora de la salut mental.<\/p>\n\n\n\n<p><\/p>\n","protected":false},"excerpt":{"rendered":"<p>La Dra. N\u00faria&nbsp;Jaurrieta&nbsp;Guarner, psic\u00f2loga i coordinadora de la Unitat Integral de Recuperaci\u00f3 dels Trastorns de la Conducta Aliment\u00e0ria (Hospital Sagrat Cor &#8211; Hospital Universitari de Bellvitge), ha participat en el&nbsp;webinar&nbsp;&#8220;Viure amb un trastorn&nbsp;obsessivocompulsiu&#8221;, organitzat per SOM Salut Mental 360, on ha aprofundit en el tractament psicol\u00f2gic per a persones adultes TOC. Durant la seva intervenci\u00f3, [&hellip;]<\/p>\n","protected":false},"author":5,"featured_media":9806,"comment_status":"closed","ping_status":"closed","sticky":false,"template":"","format":"standard","meta":{"footnotes":""},"categories":[27],"tags":[],"class_list":["post-9805","post","type-post","status-publish","format-standard","has-post-thumbnail","hentry","category-actualitat"],"blocksy_meta":[],"featured_image_urls_v2":{"full":["https:\/\/fundaciohospitalariesmartorell.org\/entre-tots\/wp-content\/uploads\/2024\/09\/Tratamiento-psicologico-en-adultos-con-TOC.png",1197,619,false],"thumbnail":["https:\/\/fundaciohospitalariesmartorell.org\/entre-tots\/wp-content\/uploads\/2024\/09\/Tratamiento-psicologico-en-adultos-con-TOC-150x150.png",150,150,true],"medium":["https:\/\/fundaciohospitalariesmartorell.org\/entre-tots\/wp-content\/uploads\/2024\/09\/Tratamiento-psicologico-en-adultos-con-TOC-300x155.png",300,155,true],"medium_large":["https:\/\/fundaciohospitalariesmartorell.org\/entre-tots\/wp-content\/uploads\/2024\/09\/Tratamiento-psicologico-en-adultos-con-TOC-768x397.png",768,397,true],"large":["https:\/\/fundaciohospitalariesmartorell.org\/entre-tots\/wp-content\/uploads\/2024\/09\/Tratamiento-psicologico-en-adultos-con-TOC-1024x530.png",1024,530,true],"1536x1536":["https:\/\/fundaciohospitalariesmartorell.org\/entre-tots\/wp-content\/uploads\/2024\/09\/Tratamiento-psicologico-en-adultos-con-TOC.png",1197,619,false],"2048x2048":["https:\/\/fundaciohospitalariesmartorell.org\/entre-tots\/wp-content\/uploads\/2024\/09\/Tratamiento-psicologico-en-adultos-con-TOC.png",1197,619,false],"mailpoet_newsletter_max":["https:\/\/fundaciohospitalariesmartorell.org\/entre-tots\/wp-content\/uploads\/2024\/09\/Tratamiento-psicologico-en-adultos-con-TOC.png",1197,619,false]},"post_excerpt_stackable_v2":"<p>La Dra. N\u00faria&nbsp;Jaurrieta&nbsp;Guarner, psic\u00f2loga i coordinadora de la Unitat Integral de Recuperaci\u00f3 dels Trastorns de la Conducta Aliment\u00e0ria (Hospital Sagrat Cor &#8211; Hospital Universitari de Bellvitge), ha participat en el&nbsp;webinar&nbsp;&#8220;Viure amb un trastorn&nbsp;obsessivocompulsiu&#8221;, organitzat per SOM Salut Mental 360, on ha aprofundit en el tractament psicol\u00f2gic per a persones adultes TOC. Durant la seva intervenci\u00f3, la Dra.&nbsp;Jaurrieta&nbsp;va destacar la t\u00e8cnica d&#8217;Exposici\u00f3 amb Prevenci\u00f3 de Resposta (EPR), considerat un dels tractaments m\u00e9s efica\u00e7os per al trastorn&nbsp;obsessivocompulsiu&nbsp;(TOC), ja que entre el 70% i el 75% dels pacients experimenten una millora significativa. Aquesta metodologia consisteix,&nbsp;priorit\u00e0riament, a exposar el pacient in vivo a les&hellip;<\/p>\n","category_list_v2":"<a href=\"https:\/\/fundaciohospitalariesmartorell.org\/entre-tots\/category\/actualitat\/\" rel=\"category tag\">ACTUALITAT<\/a>","author_info_v2":{"name":"Alba Felip","url":"https:\/\/fundaciohospitalariesmartorell.org\/entre-tots\/author\/afelipr\/"},"comments_num_v2":"0 comments","_links":{"self":[{"href":"https:\/\/fundaciohospitalariesmartorell.org\/entre-tots\/wp-json\/wp\/v2\/posts\/9805","targetHints":{"allow":["GET"]}}],"collection":[{"href":"https:\/\/fundaciohospitalariesmartorell.org\/entre-tots\/wp-json\/wp\/v2\/posts"}],"about":[{"href":"https:\/\/fundaciohospitalariesmartorell.org\/entre-tots\/wp-json\/wp\/v2\/types\/post"}],"author":[{"embeddable":true,"href":"https:\/\/fundaciohospitalariesmartorell.org\/entre-tots\/wp-json\/wp\/v2\/users\/5"}],"replies":[{"embeddable":true,"href":"https:\/\/fundaciohospitalariesmartorell.org\/entre-tots\/wp-json\/wp\/v2\/comments?post=9805"}],"version-history":[{"count":5,"href":"https:\/\/fundaciohospitalariesmartorell.org\/entre-tots\/wp-json\/wp\/v2\/posts\/9805\/revisions"}],"predecessor-version":[{"id":9931,"href":"https:\/\/fundaciohospitalariesmartorell.org\/entre-tots\/wp-json\/wp\/v2\/posts\/9805\/revisions\/9931"}],"wp:featuredmedia":[{"embeddable":true,"href":"https:\/\/fundaciohospitalariesmartorell.org\/entre-tots\/wp-json\/wp\/v2\/media\/9806"}],"wp:attachment":[{"href":"https:\/\/fundaciohospitalariesmartorell.org\/entre-tots\/wp-json\/wp\/v2\/media?parent=9805"}],"wp:term":[{"taxonomy":"category","embeddable":true,"href":"https:\/\/fundaciohospitalariesmartorell.org\/entre-tots\/wp-json\/wp\/v2\/categories?post=9805"},{"taxonomy":"post_tag","embeddable":true,"href":"https:\/\/fundaciohospitalariesmartorell.org\/entre-tots\/wp-json\/wp\/v2\/tags?post=9805"}],"curies":[{"name":"wp","href":"https:\/\/api.w.org\/{rel}","templated":true}]}}