{"id":9823,"date":"2024-09-26T14:23:52","date_gmt":"2024-09-26T13:23:52","guid":{"rendered":"https:\/\/hospitalsagratcormartorell.org\/entre-tots\/?p=9823"},"modified":"2024-09-26T14:23:53","modified_gmt":"2024-09-26T13:23:53","slug":"el-diario-de-huesca-el-desig-de-morir-es-un-pensament-racional-o-emocional","status":"publish","type":"post","link":"https:\/\/fundaciohospitalariesmartorell.org\/entre-tots\/2024\/09\/el-diario-de-huesca-el-desig-de-morir-es-un-pensament-racional-o-emocional\/","title":{"rendered":"\u2018El Diario de Huesca\u2019: El desig de morir \u00e9s un pensament racional o emocional?"},"content":{"rendered":"\n<p>El 12 de setembre, el Dr. Manel S\u00e1nchez, subdirector m\u00e8dic de l\u2019Hospital Sagrat Cor, va impartir una confer\u00e8ncia sobre el su\u00efcidi, acompanyat del Dr. Javier Olivera, cap de la Secci\u00f3 de Rehabilitaci\u00f3 de Salut Mental del CRP Santo Cristo de los Milagros. El mitj\u00e0 <em>El Diario de Huesca<\/em> va entrevistar-lo, i podeu llegir l\u2019article en aquest enlla\u00e7: <a href=\"https:\/\/www.eldiariodehuesca.com\/sociedad\/es-deseo-morir-pensamiento-racional-emocional-manel-sanchez-javier-olivera-reflexionan-sobre-suicidio_24455_102.html\">https:\/\/www.eldiariodehuesca.com\/sociedad\/es-deseo-morir-pensamiento-racional-emocional-manel-sanchez-javier-olivera-reflexionan-sobre-suicidio_24455_102.html<\/a><\/p>\n","protected":false},"excerpt":{"rendered":"<p>El 12 de setembre, el Dr. Manel S\u00e1nchez, subdirector m\u00e8dic de l\u2019Hospital Sagrat Cor, va impartir una confer\u00e8ncia sobre el su\u00efcidi, acompanyat del Dr. Javier Olivera, cap de la Secci\u00f3 de Rehabilitaci\u00f3 de Salut Mental del CRP Santo Cristo de los Milagros. El mitj\u00e0 El Diario de Huesca va entrevistar-lo, i podeu llegir l\u2019article en [&hellip;]<\/p>\n","protected":false},"author":5,"featured_media":0,"comment_status":"closed","ping_status":"closed","sticky":false,"template":"","format":"standard","meta":{"footnotes":""},"categories":[44],"tags":[],"class_list":["post-9823","post","type-post","status-publish","format-standard","hentry","category-entre-noticies"],"blocksy_meta":[],"featured_image_urls_v2":{"full":"","thumbnail":"","medium":"","medium_large":"","large":"","1536x1536":"","2048x2048":"","mailpoet_newsletter_max":""},"post_excerpt_stackable_v2":"<p>El 12 de setembre, el Dr. Manel S\u00e1nchez, subdirector m\u00e8dic de l\u2019Hospital Sagrat Cor, va impartir una confer\u00e8ncia sobre el su\u00efcidi, acompanyat del Dr. Javier Olivera, cap de la Secci\u00f3 de Rehabilitaci\u00f3 de Salut Mental del CRP Santo Cristo de los Milagros. El mitj\u00e0 El Diario de Huesca va entrevistar-lo, i podeu llegir l\u2019article en aquest enlla\u00e7: https:\/\/www.eldiariodehuesca.com\/sociedad\/es-deseo-morir-pensamiento-racional-emocional-manel-sanchez-javier-olivera-reflexionan-sobre-suicidio_24455_102.html<\/p>\n","category_list_v2":"<a href=\"https:\/\/fundaciohospitalariesmartorell.org\/entre-tots\/category\/entre-noticies\/\" rel=\"category tag\">ENTRE NOT\u00cdCIES<\/a>","author_info_v2":{"name":"Alba Felip","url":"https:\/\/fundaciohospitalariesmartorell.org\/entre-tots\/author\/afelipr\/"},"comments_num_v2":"0 comments","_links":{"self":[{"href":"https:\/\/fundaciohospitalariesmartorell.org\/entre-tots\/wp-json\/wp\/v2\/posts\/9823","targetHints":{"allow":["GET"]}}],"collection":[{"href":"https:\/\/fundaciohospitalariesmartorell.org\/entre-tots\/wp-json\/wp\/v2\/posts"}],"about":[{"href":"https:\/\/fundaciohospitalariesmartorell.org\/entre-tots\/wp-json\/wp\/v2\/types\/post"}],"author":[{"embeddable":true,"href":"https:\/\/fundaciohospitalariesmartorell.org\/entre-tots\/wp-json\/wp\/v2\/users\/5"}],"replies":[{"embeddable":true,"href":"https:\/\/fundaciohospitalariesmartorell.org\/entre-tots\/wp-json\/wp\/v2\/comments?post=9823"}],"version-history":[{"count":1,"href":"https:\/\/fundaciohospitalariesmartorell.org\/entre-tots\/wp-json\/wp\/v2\/posts\/9823\/revisions"}],"predecessor-version":[{"id":9824,"href":"https:\/\/fundaciohospitalariesmartorell.org\/entre-tots\/wp-json\/wp\/v2\/posts\/9823\/revisions\/9824"}],"wp:attachment":[{"href":"https:\/\/fundaciohospitalariesmartorell.org\/entre-tots\/wp-json\/wp\/v2\/media?parent=9823"}],"wp:term":[{"taxonomy":"category","embeddable":true,"href":"https:\/\/fundaciohospitalariesmartorell.org\/entre-tots\/wp-json\/wp\/v2\/categories?post=9823"},{"taxonomy":"post_tag","embeddable":true,"href":"https:\/\/fundaciohospitalariesmartorell.org\/entre-tots\/wp-json\/wp\/v2\/tags?post=9823"}],"curies":[{"name":"wp","href":"https:\/\/api.w.org\/{rel}","templated":true}]}}