{"id":9856,"date":"2024-09-27T11:58:41","date_gmt":"2024-09-27T10:58:41","guid":{"rendered":"https:\/\/hospitalsagratcormartorell.org\/entre-tots\/?p=9856"},"modified":"2024-09-27T11:58:42","modified_gmt":"2024-09-27T10:58:42","slug":"exit-de-participacio-internacional-a-la-jornada-de-trastorns-de-la-conducta-alimentaria-al-paranimf-de-la-ub","status":"publish","type":"post","link":"https:\/\/fundaciohospitalariesmartorell.org\/entre-tots\/2024\/09\/exit-de-participacio-internacional-a-la-jornada-de-trastorns-de-la-conducta-alimentaria-al-paranimf-de-la-ub\/","title":{"rendered":"\u00c8xit de participaci\u00f3 internacional a la Jornada de Trastorns de la Conducta Aliment\u00e0ria al Paranimf de la UB"},"content":{"rendered":"<figure class=\"wp-block-post-featured-image\"><img loading=\"lazy\" decoding=\"async\" width=\"1200\" height=\"1600\" src=\"https:\/\/fundaciohospitalariesmartorell.org\/entre-tots\/wp-content\/uploads\/2024\/09\/683d312a-a223-4202-8cc8-dcaf39acdc91.jpeg\" class=\"attachment-post-thumbnail size-post-thumbnail wp-post-image\" alt=\"\" style=\"object-fit:cover;\" srcset=\"https:\/\/fundaciohospitalariesmartorell.org\/entre-tots\/wp-content\/uploads\/2024\/09\/683d312a-a223-4202-8cc8-dcaf39acdc91.jpeg 1200w, https:\/\/fundaciohospitalariesmartorell.org\/entre-tots\/wp-content\/uploads\/2024\/09\/683d312a-a223-4202-8cc8-dcaf39acdc91-225x300.jpeg 225w, https:\/\/fundaciohospitalariesmartorell.org\/entre-tots\/wp-content\/uploads\/2024\/09\/683d312a-a223-4202-8cc8-dcaf39acdc91-768x1024.jpeg 768w, https:\/\/fundaciohospitalariesmartorell.org\/entre-tots\/wp-content\/uploads\/2024\/09\/683d312a-a223-4202-8cc8-dcaf39acdc91-1152x1536.jpeg 1152w\" sizes=\"auto, (max-width: 1200px) 100vw, 1200px\" \/><\/figure>\n\n\n<p>M\u00e9s de 260 experts en l&#8217;\u00e0mbit de la salut mental, es van reunir el passat 25 de setembre al Paranimf de la Universitat de Barcelona (UB) en la Jornada sobre Trastorns de la Conducta Aliment\u00e0ria (TCA), organitzada per l&#8217;Hospital Universitari de Bellvitge en col\u00b7laboraci\u00f3 amb l&#8217;Hospital Sagrat Cor, IDIBELL, CIBERobn, i altres institucions internacionals. La jornada va comptar amb la participaci\u00f3 de 15 ponents internacionals experts en TCA, que van abordar q\u00fcestions com la complexitat dels TCA, la seva comorbiditat amb altres trastorns mentals i les noves estrat\u00e8gies terap\u00e8utiques que s&#8217;estan explorant, com l&#8217;estimulaci\u00f3 cerebral o l&#8217;\u00fas de noves tecnologies en el tractament.<\/p>\n\n\n\n<figure class=\"wp-block-image size-full\"><img loading=\"lazy\" decoding=\"async\" width=\"840\" height=\"1002\" src=\"https:\/\/hospitalsagratcormartorell.org\/entre-tots\/wp-content\/uploads\/2024\/09\/a6fe0cf7-8602-4371-b984-9056bdd4ce31.jpeg\" alt=\"\" class=\"wp-image-9859\" srcset=\"https:\/\/fundaciohospitalariesmartorell.org\/entre-tots\/wp-content\/uploads\/2024\/09\/a6fe0cf7-8602-4371-b984-9056bdd4ce31.jpeg 840w, https:\/\/fundaciohospitalariesmartorell.org\/entre-tots\/wp-content\/uploads\/2024\/09\/a6fe0cf7-8602-4371-b984-9056bdd4ce31-251x300.jpeg 251w, https:\/\/fundaciohospitalariesmartorell.org\/entre-tots\/wp-content\/uploads\/2024\/09\/a6fe0cf7-8602-4371-b984-9056bdd4ce31-768x916.jpeg 768w\" sizes=\"auto, (max-width: 840px) 100vw, 840px\" \/><\/figure>\n\n\n\n<p>Durant la sessi\u00f3 es van dur a terme dos simposis centrats en els aspectes m\u00e9s rellevants del tractament i la recerca en els TCA. Al primer simposi es van exposar novetats clau sobre els factors de risc i les caracter\u00edstiques cl\u00edniques dels TCA, mentre que al segon es van tractar els predictors i el maneig terap\u00e8utic d&#8217;aquests trastorns. La sessi\u00f3 va concloure amb una taula rodona amb experts mundials que van debatre sobre la cronicitat i la llarga durada dels TCA, un dels temes que genera m\u00e9s preocupaci\u00f3 entre els professionals del sector.<\/p>\n\n\n\n<p>El Dr. Fernando Fern\u00e1ndez Aranda, en representaci\u00f3 de la Unitat Integral de Recuperaci\u00f3 dels TCA, va presentar els primers resultats d&#8217;aquest dispositiu, obert recentment gr\u00e0cies a la col\u00b7laboraci\u00f3 entre l&#8217;Hospital Universitari de Bellvitge i el Sagrat Cor-Germanes Hospital\u00e0ries. <a href=\"https:\/\/hospitalsagratcormartorell.org\/entre-tots\/2024\/07\/balcells-catalunya-ofereix-un-model-datencio-innovador-i-referent-a-europa-davant-els-casos-de-tca-dalta-complexitat\/\" target=\"_blank\" rel=\"noreferrer noopener\">Aquesta unitat es dedica espec\u00edficament al tractament de pacients amb TCA de llarga durada<\/a>, resistents a tractaments anteriors, i representa una esperan\u00e7a terap\u00e8utica per a casos que, fins ara, no havien respost als tractaments habituals.<\/p>\n\n\n\n<figure class=\"wp-block-image size-large\"><img loading=\"lazy\" decoding=\"async\" width=\"1024\" height=\"768\" src=\"https:\/\/hospitalsagratcormartorell.org\/entre-tots\/wp-content\/uploads\/2024\/09\/a64607ee-584a-4ef3-8164-a64ab2c73a6d-1024x768.jpeg\" alt=\"\" class=\"wp-image-9860\" srcset=\"https:\/\/fundaciohospitalariesmartorell.org\/entre-tots\/wp-content\/uploads\/2024\/09\/a64607ee-584a-4ef3-8164-a64ab2c73a6d-1024x768.jpeg 1024w, https:\/\/fundaciohospitalariesmartorell.org\/entre-tots\/wp-content\/uploads\/2024\/09\/a64607ee-584a-4ef3-8164-a64ab2c73a6d-300x225.jpeg 300w, https:\/\/fundaciohospitalariesmartorell.org\/entre-tots\/wp-content\/uploads\/2024\/09\/a64607ee-584a-4ef3-8164-a64ab2c73a6d-768x576.jpeg 768w, https:\/\/fundaciohospitalariesmartorell.org\/entre-tots\/wp-content\/uploads\/2024\/09\/a64607ee-584a-4ef3-8164-a64ab2c73a6d-1536x1152.jpeg 1536w, https:\/\/fundaciohospitalariesmartorell.org\/entre-tots\/wp-content\/uploads\/2024\/09\/a64607ee-584a-4ef3-8164-a64ab2c73a6d-1320x990.jpeg 1320w, https:\/\/fundaciohospitalariesmartorell.org\/entre-tots\/wp-content\/uploads\/2024\/09\/a64607ee-584a-4ef3-8164-a64ab2c73a6d.jpeg 1600w\" sizes=\"auto, (max-width: 1024px) 100vw, 1024px\" \/><\/figure>\n\n\n\n<p>En aquest congr\u00e9s, que forma part dels seminaris internacionals d&#8217;actualitzaci\u00f3 en Psicologia Cl\u00ednica, tamb\u00e9 es va subratllar la import\u00e0ncia de la col\u00b7laboraci\u00f3 entre les diferents unitats de TCA de Catalunya, amb l&#8217;objectiu de garantir la continu\u00eftat assistencial i oferir noves opcions terap\u00e8utiques als pacients m\u00e9s complexos.<\/p>\n\n\n\n<p>Aquest esdeveniment ha estat possible gr\u00e0cies al suport de la Societat Mundial de Psiquiatria i ha reafirmat el comprom\u00eds de la comunitat m\u00e8dica en la recerca i tractament dels trastorns de la conducta aliment\u00e0ria, posant de manifest la necessitat de continuar avan\u00e7ant en aquesta \u00e0rea complexa i de gran impacte social.<\/p>\n\n\n\n<figure class=\"wp-block-image size-large\"><img loading=\"lazy\" decoding=\"async\" width=\"1024\" height=\"768\" src=\"https:\/\/hospitalsagratcormartorell.org\/entre-tots\/wp-content\/uploads\/2024\/09\/80d8b0aa-701e-41ce-b450-14f23b9c2bb6-1-1024x768.jpeg\" alt=\"\" class=\"wp-image-9861\" srcset=\"https:\/\/fundaciohospitalariesmartorell.org\/entre-tots\/wp-content\/uploads\/2024\/09\/80d8b0aa-701e-41ce-b450-14f23b9c2bb6-1-1024x768.jpeg 1024w, https:\/\/fundaciohospitalariesmartorell.org\/entre-tots\/wp-content\/uploads\/2024\/09\/80d8b0aa-701e-41ce-b450-14f23b9c2bb6-1-300x225.jpeg 300w, https:\/\/fundaciohospitalariesmartorell.org\/entre-tots\/wp-content\/uploads\/2024\/09\/80d8b0aa-701e-41ce-b450-14f23b9c2bb6-1-768x576.jpeg 768w, https:\/\/fundaciohospitalariesmartorell.org\/entre-tots\/wp-content\/uploads\/2024\/09\/80d8b0aa-701e-41ce-b450-14f23b9c2bb6-1-1536x1152.jpeg 1536w, https:\/\/fundaciohospitalariesmartorell.org\/entre-tots\/wp-content\/uploads\/2024\/09\/80d8b0aa-701e-41ce-b450-14f23b9c2bb6-1-1320x990.jpeg 1320w, https:\/\/fundaciohospitalariesmartorell.org\/entre-tots\/wp-content\/uploads\/2024\/09\/80d8b0aa-701e-41ce-b450-14f23b9c2bb6-1.jpeg 1600w\" sizes=\"auto, (max-width: 1024px) 100vw, 1024px\" \/><\/figure>\n","protected":false},"excerpt":{"rendered":"<p>M\u00e9s de 260 experts en l&#8217;\u00e0mbit de la salut mental, es van reunir el passat 25 de setembre al Paranimf de la Universitat de Barcelona (UB) en la Jornada sobre Trastorns de la Conducta Aliment\u00e0ria (TCA), organitzada per l&#8217;Hospital Universitari de Bellvitge en col\u00b7laboraci\u00f3 amb l&#8217;Hospital Sagrat Cor, IDIBELL, CIBERobn, i altres institucions internacionals. La [&hellip;]<\/p>\n","protected":false},"author":5,"featured_media":9858,"comment_status":"closed","ping_status":"closed","sticky":false,"template":"","format":"standard","meta":{"footnotes":""},"categories":[27],"tags":[],"class_list":["post-9856","post","type-post","status-publish","format-standard","has-post-thumbnail","hentry","category-actualitat"],"blocksy_meta":[],"featured_image_urls_v2":{"full":["https:\/\/fundaciohospitalariesmartorell.org\/entre-tots\/wp-content\/uploads\/2024\/09\/683d312a-a223-4202-8cc8-dcaf39acdc91.jpeg",1200,1600,false],"thumbnail":["https:\/\/fundaciohospitalariesmartorell.org\/entre-tots\/wp-content\/uploads\/2024\/09\/683d312a-a223-4202-8cc8-dcaf39acdc91-150x150.jpeg",150,150,true],"medium":["https:\/\/fundaciohospitalariesmartorell.org\/entre-tots\/wp-content\/uploads\/2024\/09\/683d312a-a223-4202-8cc8-dcaf39acdc91-225x300.jpeg",225,300,true],"medium_large":["https:\/\/fundaciohospitalariesmartorell.org\/entre-tots\/wp-content\/uploads\/2024\/09\/683d312a-a223-4202-8cc8-dcaf39acdc91-768x1024.jpeg",768,1024,true],"large":["https:\/\/fundaciohospitalariesmartorell.org\/entre-tots\/wp-content\/uploads\/2024\/09\/683d312a-a223-4202-8cc8-dcaf39acdc91-768x1024.jpeg",768,1024,true],"1536x1536":["https:\/\/fundaciohospitalariesmartorell.org\/entre-tots\/wp-content\/uploads\/2024\/09\/683d312a-a223-4202-8cc8-dcaf39acdc91-1152x1536.jpeg",1152,1536,true],"2048x2048":["https:\/\/fundaciohospitalariesmartorell.org\/entre-tots\/wp-content\/uploads\/2024\/09\/683d312a-a223-4202-8cc8-dcaf39acdc91.jpeg",1200,1600,false],"mailpoet_newsletter_max":["https:\/\/fundaciohospitalariesmartorell.org\/entre-tots\/wp-content\/uploads\/2024\/09\/683d312a-a223-4202-8cc8-dcaf39acdc91.jpeg",1200,1600,false]},"post_excerpt_stackable_v2":"<p>M\u00e9s de 260 experts en l&#8217;\u00e0mbit de la salut mental, es van reunir el passat 25 de setembre al Paranimf de la Universitat de Barcelona (UB) en la Jornada sobre Trastorns de la Conducta Aliment\u00e0ria (TCA), organitzada per l&#8217;Hospital Universitari de Bellvitge en col\u00b7laboraci\u00f3 amb l&#8217;Hospital Sagrat Cor, IDIBELL, CIBERobn, i altres institucions internacionals. La jornada va comptar amb la participaci\u00f3 de 15 ponents internacionals experts en TCA, que van abordar q\u00fcestions com la complexitat dels TCA, la seva comorbiditat amb altres trastorns mentals i les noves estrat\u00e8gies terap\u00e8utiques que s&#8217;estan explorant, com l&#8217;estimulaci\u00f3 cerebral o l&#8217;\u00fas de noves tecnologies&hellip;<\/p>\n","category_list_v2":"<a href=\"https:\/\/fundaciohospitalariesmartorell.org\/entre-tots\/category\/actualitat\/\" rel=\"category tag\">ACTUALITAT<\/a>","author_info_v2":{"name":"Alba Felip","url":"https:\/\/fundaciohospitalariesmartorell.org\/entre-tots\/author\/afelipr\/"},"comments_num_v2":"0 comments","_links":{"self":[{"href":"https:\/\/fundaciohospitalariesmartorell.org\/entre-tots\/wp-json\/wp\/v2\/posts\/9856","targetHints":{"allow":["GET"]}}],"collection":[{"href":"https:\/\/fundaciohospitalariesmartorell.org\/entre-tots\/wp-json\/wp\/v2\/posts"}],"about":[{"href":"https:\/\/fundaciohospitalariesmartorell.org\/entre-tots\/wp-json\/wp\/v2\/types\/post"}],"author":[{"embeddable":true,"href":"https:\/\/fundaciohospitalariesmartorell.org\/entre-tots\/wp-json\/wp\/v2\/users\/5"}],"replies":[{"embeddable":true,"href":"https:\/\/fundaciohospitalariesmartorell.org\/entre-tots\/wp-json\/wp\/v2\/comments?post=9856"}],"version-history":[{"count":1,"href":"https:\/\/fundaciohospitalariesmartorell.org\/entre-tots\/wp-json\/wp\/v2\/posts\/9856\/revisions"}],"predecessor-version":[{"id":9862,"href":"https:\/\/fundaciohospitalariesmartorell.org\/entre-tots\/wp-json\/wp\/v2\/posts\/9856\/revisions\/9862"}],"wp:featuredmedia":[{"embeddable":true,"href":"https:\/\/fundaciohospitalariesmartorell.org\/entre-tots\/wp-json\/wp\/v2\/media\/9858"}],"wp:attachment":[{"href":"https:\/\/fundaciohospitalariesmartorell.org\/entre-tots\/wp-json\/wp\/v2\/media?parent=9856"}],"wp:term":[{"taxonomy":"category","embeddable":true,"href":"https:\/\/fundaciohospitalariesmartorell.org\/entre-tots\/wp-json\/wp\/v2\/categories?post=9856"},{"taxonomy":"post_tag","embeddable":true,"href":"https:\/\/fundaciohospitalariesmartorell.org\/entre-tots\/wp-json\/wp\/v2\/tags?post=9856"}],"curies":[{"name":"wp","href":"https:\/\/api.w.org\/{rel}","templated":true}]}}