{"id":9878,"date":"2024-09-30T14:50:55","date_gmt":"2024-09-30T13:50:55","guid":{"rendered":"https:\/\/hospitalsagratcormartorell.org\/entre-tots\/?p=9878"},"modified":"2024-10-31T08:36:14","modified_gmt":"2024-10-31T07:36:14","slug":"taula-salut-mental-berga","status":"publish","type":"post","link":"https:\/\/fundaciohospitalariesmartorell.org\/entre-tots\/2024\/09\/taula-salut-mental-berga\/","title":{"rendered":"L&#8217;Hospital Sagrat Cor t\u00e9 un paper destacat en la presentaci\u00f3 de la Taula de Salut Mental del Bergued\u00e0, formant part activa del grup motor que impulsa aquesta iniciativa"},"content":{"rendered":"\n<figure class=\"wp-block-image size-large\"><img loading=\"lazy\" decoding=\"async\" width=\"1024\" height=\"450\" src=\"https:\/\/hospitalsagratcormartorell.org\/entre-tots\/wp-content\/uploads\/2024\/09\/thumbnail_IMG_20240927_141819-1024x450.jpg\" alt=\"\" class=\"wp-image-9879\" srcset=\"https:\/\/fundaciohospitalariesmartorell.org\/entre-tots\/wp-content\/uploads\/2024\/09\/thumbnail_IMG_20240927_141819-1024x450.jpg 1024w, https:\/\/fundaciohospitalariesmartorell.org\/entre-tots\/wp-content\/uploads\/2024\/09\/thumbnail_IMG_20240927_141819-300x132.jpg 300w, https:\/\/fundaciohospitalariesmartorell.org\/entre-tots\/wp-content\/uploads\/2024\/09\/thumbnail_IMG_20240927_141819-768x337.jpg 768w, https:\/\/fundaciohospitalariesmartorell.org\/entre-tots\/wp-content\/uploads\/2024\/09\/thumbnail_IMG_20240927_141819-1536x674.jpg 1536w, https:\/\/fundaciohospitalariesmartorell.org\/entre-tots\/wp-content\/uploads\/2024\/09\/thumbnail_IMG_20240927_141819-1320x580.jpg 1320w, https:\/\/fundaciohospitalariesmartorell.org\/entre-tots\/wp-content\/uploads\/2024\/09\/thumbnail_IMG_20240927_141819.jpg 1920w\" sizes=\"auto, (max-width: 1024px) 100vw, 1024px\" \/><\/figure>\n\n\n\n<p><strong><em>Despr\u00e9s de 8 anys de treball conjunt, la nova Taula de Salut Mental del Bergued\u00e0 s\u2019uneix a les 46 existents a Catalunya.<\/em><\/strong><\/p>\n\n\n\n<p>El passat divendres 27 de setembre es va presentar&nbsp;al Pavell\u00f3 de Su\u00e8cia de Berga la Taula de Salut Mental del Bergued\u00e0, un projecte que es consolida com a espai de trobada i coordinaci\u00f3 entre les persones i entitats que treballen per la salut mental al territori. Aquesta iniciativa, que va comen\u00e7ar l&#8217;any 2016 amb la creaci\u00f3 de la Comissi\u00f3 de Salut Mental del Bergued\u00e0, ha anat evolucionant fins a fer un pas endavant amb la seva formalitzaci\u00f3 i integraci\u00f3 a la xarxa de Taules de la<a href=\"https:\/\/www.salutmental.org\/\"> Federaci\u00f3 Salut Mental Catalunya<\/a>. El nostre hospital, a trav\u00e9s dels Serveis de Salut Mental Comunitaris del Bergued\u00e0 ha estat una de les entitats impulsores, formant del grup motor.<\/p>\n\n\n\n<p>L&#8217;acte va comptar&nbsp;amb la pres\u00e8ncia de m\u00e9s de 50 participants provinents de diferents entitats i serveis de la comarca, aix\u00ed com representants institucionals i persones expertes del sector. La benvinguda va estar&nbsp;a c\u00e0rrec del Consell Comarcal del Bergued\u00e0, destacant la rellev\u00e0ncia de les <a href=\"https:\/\/www.salutmental.org\/el-bergueda-formalitza-la-seva-taula-de-salut-mental-per-reforcar-la-coordinacio-i-latencio-a-la-comarca\/\">Taules de Salut Mental a Catalunya<\/a>. Seguidament, Elisenda Ferrer, directora d&#8217;Incid\u00e8ncia, Comunicaci\u00f3 i Aliances de la Federaci\u00f3 Salut Mental Catalunya, va posar&nbsp;de manifest la import\u00e0ncia de la creaci\u00f3 d&#8217;aquests espais en l&#8217;\u00e0mbit territorial.<\/p>\n\n\n\n<p>Josep Tristany, director del Pla Director de Salut Mental i Addiccions de la Generalitat de Catalunya, va fer&nbsp;un rep\u00e0s a l&#8217;evoluci\u00f3 de la xarxa de salut mental al Bergued\u00e0, destacant els aven\u00e7os aconseguits gr\u00e0cies a la feina col\u00b7laborativa i el comprom\u00eds de les entitats locals.<\/p>\n\n\n\n<p>Un dels moments m\u00e9s destacats va ser la intervenci\u00f3 del grup motor de la Taula, format per Rosa Genov\u00e8s (Consell Comarcal del Bergued\u00e0), Anna Mosoll (<a href=\"https:\/\/horitzobergueda.org\/\">Fundaci\u00f3 Horitz\u00f3<\/a>), Rosa Circuns (<a href=\"https:\/\/www.asfamberga.org\/\">ASFAM<\/a>) i la Dra. Carolina Gavotti (Hospital Sagrat Cor). Aquest equip ha compartit la traject\u00f2ria de la Comissi\u00f3 de Salut Mental del Bergued\u00e0 i ha exposat els objectius futurs de la Taula, centrats en la creaci\u00f3 d&#8217;una xarxa de suport i coneixement entre els agents comarcals, la sensibilitzaci\u00f3 de la poblaci\u00f3, i la promoci\u00f3 de pol\u00edtiques p\u00fabliques que responguin a les necessitats en l&#8217;\u00e0mbit de la salut mental.<\/p>\n\n\n\n<p>La cloenda ha estat a c\u00e0rrec de l\u2019alcalde de Berga, Ivan S\u00e1nchez, que ha subratllat la import\u00e0ncia de la cooperaci\u00f3 entre administracions, entitats i professionals per donar resposta als reptes creixents en salut mental. Per concloure l&#8217;acte, persones vinculades a la Fundaci\u00f3 Horitz\u00f3 han ofert una lectura de poesies, un moment emotiu que ha commogut els assistents.<\/p>\n\n\n\n<p>Amb la creaci\u00f3 d\u2019aquesta Taula, el Bergued\u00e0 referma el seu comprom\u00eds amb la salut mental, establint aliances i promovent accions concretes que responen a les necessitats del territori i contribueixen a la millora del benestar de la poblaci\u00f3.<\/p>\n","protected":false},"excerpt":{"rendered":"<p>Despr\u00e9s de 8 anys de treball conjunt, la nova Taula de Salut Mental del Bergued\u00e0 s\u2019uneix a les 46 existents a Catalunya. El passat divendres 27 de setembre es va presentar&nbsp;al Pavell\u00f3 de Su\u00e8cia de Berga la Taula de Salut Mental del Bergued\u00e0, un projecte que es consolida com a espai de trobada i coordinaci\u00f3 [&hellip;]<\/p>\n","protected":false},"author":5,"featured_media":9880,"comment_status":"closed","ping_status":"closed","sticky":false,"template":"","format":"standard","meta":{"footnotes":""},"categories":[27,58,59],"tags":[],"class_list":["post-9878","post","type-post","status-publish","format-standard","has-post-thumbnail","hentry","category-actualitat","category-collaboradors-es","category-proveidors-es"],"blocksy_meta":[],"featured_image_urls_v2":{"full":["https:\/\/fundaciohospitalariesmartorell.org\/entre-tots\/wp-content\/uploads\/2024\/09\/taula-berga.png",850,509,false],"thumbnail":["https:\/\/fundaciohospitalariesmartorell.org\/entre-tots\/wp-content\/uploads\/2024\/09\/taula-berga-150x150.png",150,150,true],"medium":["https:\/\/fundaciohospitalariesmartorell.org\/entre-tots\/wp-content\/uploads\/2024\/09\/taula-berga-300x180.png",300,180,true],"medium_large":["https:\/\/fundaciohospitalariesmartorell.org\/entre-tots\/wp-content\/uploads\/2024\/09\/taula-berga-768x460.png",768,460,true],"large":["https:\/\/fundaciohospitalariesmartorell.org\/entre-tots\/wp-content\/uploads\/2024\/09\/taula-berga.png",850,509,false],"1536x1536":["https:\/\/fundaciohospitalariesmartorell.org\/entre-tots\/wp-content\/uploads\/2024\/09\/taula-berga.png",850,509,false],"2048x2048":["https:\/\/fundaciohospitalariesmartorell.org\/entre-tots\/wp-content\/uploads\/2024\/09\/taula-berga.png",850,509,false],"mailpoet_newsletter_max":["https:\/\/fundaciohospitalariesmartorell.org\/entre-tots\/wp-content\/uploads\/2024\/09\/taula-berga.png",850,509,false]},"post_excerpt_stackable_v2":"<p>Despr\u00e9s de 8 anys de treball conjunt, la nova Taula de Salut Mental del Bergued\u00e0 s\u2019uneix a les 46 existents a Catalunya. El passat divendres 27 de setembre es va presentar&nbsp;al Pavell\u00f3 de Su\u00e8cia de Berga la Taula de Salut Mental del Bergued\u00e0, un projecte que es consolida com a espai de trobada i coordinaci\u00f3 entre les persones i entitats que treballen per la salut mental al territori. Aquesta iniciativa, que va comen\u00e7ar l&#8217;any 2016 amb la creaci\u00f3 de la Comissi\u00f3 de Salut Mental del Bergued\u00e0, ha anat evolucionant fins a fer un pas endavant amb la seva formalitzaci\u00f3 i&hellip;<\/p>\n","category_list_v2":"<a href=\"https:\/\/fundaciohospitalariesmartorell.org\/entre-tots\/category\/actualitat\/\" rel=\"category tag\">ACTUALITAT<\/a>, <a href=\"https:\/\/fundaciohospitalariesmartorell.org\/entre-tots\/category\/actualitat\/col%c2%b7laboradors-es\/\" rel=\"category tag\">COL\u00b7LABORADORS\/ES<\/a>, <a href=\"https:\/\/fundaciohospitalariesmartorell.org\/entre-tots\/category\/actualitat\/proveidors-es\/\" rel=\"category tag\">PROVE\u00cfDORS\/ES<\/a>","author_info_v2":{"name":"Alba Felip","url":"https:\/\/fundaciohospitalariesmartorell.org\/entre-tots\/author\/afelipr\/"},"comments_num_v2":"0 comments","_links":{"self":[{"href":"https:\/\/fundaciohospitalariesmartorell.org\/entre-tots\/wp-json\/wp\/v2\/posts\/9878","targetHints":{"allow":["GET"]}}],"collection":[{"href":"https:\/\/fundaciohospitalariesmartorell.org\/entre-tots\/wp-json\/wp\/v2\/posts"}],"about":[{"href":"https:\/\/fundaciohospitalariesmartorell.org\/entre-tots\/wp-json\/wp\/v2\/types\/post"}],"author":[{"embeddable":true,"href":"https:\/\/fundaciohospitalariesmartorell.org\/entre-tots\/wp-json\/wp\/v2\/users\/5"}],"replies":[{"embeddable":true,"href":"https:\/\/fundaciohospitalariesmartorell.org\/entre-tots\/wp-json\/wp\/v2\/comments?post=9878"}],"version-history":[{"count":2,"href":"https:\/\/fundaciohospitalariesmartorell.org\/entre-tots\/wp-json\/wp\/v2\/posts\/9878\/revisions"}],"predecessor-version":[{"id":9882,"href":"https:\/\/fundaciohospitalariesmartorell.org\/entre-tots\/wp-json\/wp\/v2\/posts\/9878\/revisions\/9882"}],"wp:featuredmedia":[{"embeddable":true,"href":"https:\/\/fundaciohospitalariesmartorell.org\/entre-tots\/wp-json\/wp\/v2\/media\/9880"}],"wp:attachment":[{"href":"https:\/\/fundaciohospitalariesmartorell.org\/entre-tots\/wp-json\/wp\/v2\/media?parent=9878"}],"wp:term":[{"taxonomy":"category","embeddable":true,"href":"https:\/\/fundaciohospitalariesmartorell.org\/entre-tots\/wp-json\/wp\/v2\/categories?post=9878"},{"taxonomy":"post_tag","embeddable":true,"href":"https:\/\/fundaciohospitalariesmartorell.org\/entre-tots\/wp-json\/wp\/v2\/tags?post=9878"}],"curies":[{"name":"wp","href":"https:\/\/api.w.org\/{rel}","templated":true}]}}