{"id":9885,"date":"2024-10-10T08:08:12","date_gmt":"2024-10-10T07:08:12","guid":{"rendered":"https:\/\/hospitalsagratcormartorell.org\/entre-tots\/?p=9885"},"modified":"2024-10-31T08:35:50","modified_gmt":"2024-10-31T07:35:50","slug":"lhospital-sagrat-cor-simplica-en-la-salut-mental-del-seu-personal-collaborador","status":"publish","type":"post","link":"https:\/\/fundaciohospitalariesmartorell.org\/entre-tots\/2024\/10\/lhospital-sagrat-cor-simplica-en-la-salut-mental-del-seu-personal-collaborador\/","title":{"rendered":"L\u2019Hospital Sagrat Cor s\u2019implica en la salut mental del personal col.laborador"},"content":{"rendered":"<figure class=\"wp-block-post-featured-image\"><img loading=\"lazy\" decoding=\"async\" width=\"797\" height=\"527\" src=\"https:\/\/fundaciohospitalariesmartorell.org\/entre-tots\/wp-content\/uploads\/2024\/10\/WhatsApp-Image-2024-10-09-at-14.07.14.jpeg\" class=\"attachment-post-thumbnail size-post-thumbnail wp-post-image\" alt=\"Treball realitzat a la Unitat de Rehabilitaci\u00f3 de TCA.\" style=\"object-fit:cover;\" srcset=\"https:\/\/fundaciohospitalariesmartorell.org\/entre-tots\/wp-content\/uploads\/2024\/10\/WhatsApp-Image-2024-10-09-at-14.07.14.jpeg 797w, https:\/\/fundaciohospitalariesmartorell.org\/entre-tots\/wp-content\/uploads\/2024\/10\/WhatsApp-Image-2024-10-09-at-14.07.14-300x198.jpeg 300w, https:\/\/fundaciohospitalariesmartorell.org\/entre-tots\/wp-content\/uploads\/2024\/10\/WhatsApp-Image-2024-10-09-at-14.07.14-768x508.jpeg 768w\" sizes=\"auto, (max-width: 797px) 100vw, 797px\" \/><\/figure>\n\n\n<p>Aquest dijous, 10 d\u2019octubre, celebrem el Dia de la Salut Mental, una jornada que enguany posa el focus en un tema de gran rellev\u00e0ncia: la salut mental en el lloc de treball. A l\u2019hospital, estem compromesos amb la creaci\u00f3 d\u2019un entorn laboral segur, saludable i propici per al benestar emocional del nostre personal. Aix\u00f2 es reflecteix en diferents accions emmarcades dins del projecte d\u2019empresa saludable Cuida\u2019t x Cuidar, per\u00f2 tamb\u00e9 amb l\u2019enquesta de riscos psicosocials que es duu a terme de forma peri\u00f2dica. Aquesta \u00faltima \u00e9s una eina de diagn\u00f2stic que permet obtenir informaci\u00f3 dels factors d\u2019\u00e0mbit psicosocial del conjunt de la plantilla,\u00a0a fi de poder establir actuacions de millora adequades als riscs detectats i a l\u2019entorn en el qual aquestes han de dur-se a terme.<\/p>\n\n\n\n<p>La salut mental ha estat sempre una prioritat per a l\u2019hospital, i aquest any, amb l\u2019impuls del projecte Cuida\u2019t x Cuidar, volem refor\u00e7ar la import\u00e0ncia de cuidar-se per poder cuidar els altres. Aix\u00f2 inclou atendre les necessitats emocionals dels nostres treballadors i treballadores, aix\u00ed com promoure h\u00e0bits saludables que redueixin l&#8217;estr\u00e8s i millorin l&#8217;equilibri entre la vida professional i personal.<\/p>\n\n\n\n<p>L\u2019enquesta de riscos psicosocials que hem fet recentment ens ha proporcionat dades valuoses sobre els factors que poden afectar de manera negativa el benestar del nostre personal. A partir dels resultats obtinguts, hem creat un grup de treball multidisciplinari que, aquest any 2024, est\u00e0 desenvolupant un pla d\u2019acci\u00f3 espec\u00edfic per abordar les \u00e0rees de millora detectades. Aquest pla recollir\u00e0 mesures concretes per atendre les preocupacions expressades pel personal i per ajudar a mitigar els riscos psicosocials identificats, com ara l\u2019estr\u00e8s, la sobrec\u00e0rrega laboral i la falta de suport emocional. Un cop aprovat, aquest pla es compartir\u00e0 amb tota la plantilla, i es posar\u00e0 en marxa de manera progressiva.<\/p>\n\n\n\n<p>Per refor\u00e7ar aquesta estrat\u00e8gia, hem organitzat diverses formacions espec\u00edfiques que es duran a terme durant els mesos d\u2019octubre i novembre, totes centrades en aspectes fonamentals per a la salut mental i emocional. Aquestes sessions inclouran temes com la millora del treball en equip, que busca potenciar la cooperaci\u00f3 i el suport entre els companys, elements essencials per garantir un ambient laboral saludable. Tamb\u00e9 abordarem la sensibilitzaci\u00f3 en mat\u00e8ria d\u2019igualtat d\u2019oportunitats, amb l\u2019objectiu de fomentar un entorn inclusiu i respectu\u00f3s, capa\u00e7 de promoure la diversitat.<\/p>\n\n\n\n<p>Un altre \u00e0mbit clau ser\u00e0 la gesti\u00f3 de la por i la incertesa, on es capacitar\u00e0 els treballadors i les treballadores per afrontar situacions d\u2019estr\u00e8s i moments de dubte en l\u2019entorn laboral. A m\u00e9s, es posar\u00e0 novament\u00a0un \u00e8mfasi especial en la import\u00e0ncia del son i el descans com a pilars fonamentals per mantenir una bona salut f\u00edsica i mental. Finalment, les formacions inclouran la sensibilitzaci\u00f3 per a la prevenci\u00f3 de l\u2019assetjament psicol\u00f2gic, sexual i per ra\u00f3 de sexe, amb l&#8217;objectiu de prevenir i erradicar qualsevol tipus de discriminaci\u00f3, amb una atenci\u00f3 especial a la salut mental.<\/p>\n\n\n\n<p>Aquest conjunt d\u2019accions no nom\u00e9s dotar\u00e0 els i les professionals de les eines necess\u00e0ries per gestionar situacions d&#8217;estr\u00e8s o tensi\u00f3, sin\u00f3 que contribuir\u00e0 a crear una cultura organitzativa m\u00e9s solid\u00e0ria i saludable, on la salut mental sigui una prioritat.<\/p>\n\n\n\n<p>Amb motiu del Dia de la Salut Mental, reafirmem el nostre comprom\u00eds amb la creaci\u00f3 d\u2019espais de treball segurs, saludables i respectuosos. La salut mental \u00e9s essencial per al bon funcionament de qualsevol organitzaci\u00f3, i des de l\u2019hospital continuarem treballant per promoure-la i protegir-la. Nom\u00e9s cuidant-nos a nosaltres mateixos podrem cuidar els altres de manera adequada.<\/p>\n","protected":false},"excerpt":{"rendered":"<p>Aquest dijous, 10 d\u2019octubre, celebrem el Dia de la Salut Mental, una jornada que enguany posa el focus en un tema de gran rellev\u00e0ncia: la salut mental en el lloc de treball. A l\u2019hospital, estem compromesos amb la creaci\u00f3 d\u2019un entorn laboral segur, saludable i propici per al benestar emocional del nostre personal. Aix\u00f2 es [&hellip;]<\/p>\n","protected":false},"author":5,"featured_media":9886,"comment_status":"closed","ping_status":"closed","sticky":false,"template":"","format":"standard","meta":{"footnotes":""},"categories":[27,56],"tags":[],"class_list":["post-9885","post","type-post","status-publish","format-standard","has-post-thumbnail","hentry","category-actualitat","category-bon-govern"],"blocksy_meta":[],"featured_image_urls_v2":{"full":["https:\/\/fundaciohospitalariesmartorell.org\/entre-tots\/wp-content\/uploads\/2024\/10\/WhatsApp-Image-2024-10-09-at-14.07.14.jpeg",797,527,false],"thumbnail":["https:\/\/fundaciohospitalariesmartorell.org\/entre-tots\/wp-content\/uploads\/2024\/10\/WhatsApp-Image-2024-10-09-at-14.07.14-150x150.jpeg",150,150,true],"medium":["https:\/\/fundaciohospitalariesmartorell.org\/entre-tots\/wp-content\/uploads\/2024\/10\/WhatsApp-Image-2024-10-09-at-14.07.14-300x198.jpeg",300,198,true],"medium_large":["https:\/\/fundaciohospitalariesmartorell.org\/entre-tots\/wp-content\/uploads\/2024\/10\/WhatsApp-Image-2024-10-09-at-14.07.14-768x508.jpeg",768,508,true],"large":["https:\/\/fundaciohospitalariesmartorell.org\/entre-tots\/wp-content\/uploads\/2024\/10\/WhatsApp-Image-2024-10-09-at-14.07.14.jpeg",797,527,false],"1536x1536":["https:\/\/fundaciohospitalariesmartorell.org\/entre-tots\/wp-content\/uploads\/2024\/10\/WhatsApp-Image-2024-10-09-at-14.07.14.jpeg",797,527,false],"2048x2048":["https:\/\/fundaciohospitalariesmartorell.org\/entre-tots\/wp-content\/uploads\/2024\/10\/WhatsApp-Image-2024-10-09-at-14.07.14.jpeg",797,527,false],"mailpoet_newsletter_max":["https:\/\/fundaciohospitalariesmartorell.org\/entre-tots\/wp-content\/uploads\/2024\/10\/WhatsApp-Image-2024-10-09-at-14.07.14.jpeg",797,527,false]},"post_excerpt_stackable_v2":"<p>Aquest dijous, 10 d\u2019octubre, celebrem el Dia de la Salut Mental, una jornada que enguany posa el focus en un tema de gran rellev\u00e0ncia: la salut mental en el lloc de treball. A l\u2019hospital, estem compromesos amb la creaci\u00f3 d\u2019un entorn laboral segur, saludable i propici per al benestar emocional del nostre personal. Aix\u00f2 es reflecteix en diferents accions emmarcades dins del projecte d\u2019empresa saludable Cuida\u2019t x Cuidar, per\u00f2 tamb\u00e9 amb l\u2019enquesta de riscos psicosocials que es duu a terme de forma peri\u00f2dica. Aquesta \u00faltima \u00e9s una eina de diagn\u00f2stic que permet obtenir informaci\u00f3 dels factors d\u2019\u00e0mbit psicosocial del conjunt&hellip;<\/p>\n","category_list_v2":"<a href=\"https:\/\/fundaciohospitalariesmartorell.org\/entre-tots\/category\/actualitat\/\" rel=\"category tag\">ACTUALITAT<\/a>, <a href=\"https:\/\/fundaciohospitalariesmartorell.org\/entre-tots\/category\/actualitat\/bon-govern\/\" rel=\"category tag\">BON GOVERN<\/a>","author_info_v2":{"name":"Alba Felip","url":"https:\/\/fundaciohospitalariesmartorell.org\/entre-tots\/author\/afelipr\/"},"comments_num_v2":"0 comments","_links":{"self":[{"href":"https:\/\/fundaciohospitalariesmartorell.org\/entre-tots\/wp-json\/wp\/v2\/posts\/9885","targetHints":{"allow":["GET"]}}],"collection":[{"href":"https:\/\/fundaciohospitalariesmartorell.org\/entre-tots\/wp-json\/wp\/v2\/posts"}],"about":[{"href":"https:\/\/fundaciohospitalariesmartorell.org\/entre-tots\/wp-json\/wp\/v2\/types\/post"}],"author":[{"embeddable":true,"href":"https:\/\/fundaciohospitalariesmartorell.org\/entre-tots\/wp-json\/wp\/v2\/users\/5"}],"replies":[{"embeddable":true,"href":"https:\/\/fundaciohospitalariesmartorell.org\/entre-tots\/wp-json\/wp\/v2\/comments?post=9885"}],"version-history":[{"count":4,"href":"https:\/\/fundaciohospitalariesmartorell.org\/entre-tots\/wp-json\/wp\/v2\/posts\/9885\/revisions"}],"predecessor-version":[{"id":9893,"href":"https:\/\/fundaciohospitalariesmartorell.org\/entre-tots\/wp-json\/wp\/v2\/posts\/9885\/revisions\/9893"}],"wp:featuredmedia":[{"embeddable":true,"href":"https:\/\/fundaciohospitalariesmartorell.org\/entre-tots\/wp-json\/wp\/v2\/media\/9886"}],"wp:attachment":[{"href":"https:\/\/fundaciohospitalariesmartorell.org\/entre-tots\/wp-json\/wp\/v2\/media?parent=9885"}],"wp:term":[{"taxonomy":"category","embeddable":true,"href":"https:\/\/fundaciohospitalariesmartorell.org\/entre-tots\/wp-json\/wp\/v2\/categories?post=9885"},{"taxonomy":"post_tag","embeddable":true,"href":"https:\/\/fundaciohospitalariesmartorell.org\/entre-tots\/wp-json\/wp\/v2\/tags?post=9885"}],"curies":[{"name":"wp","href":"https:\/\/api.w.org\/{rel}","templated":true}]}}