{"id":9894,"date":"2024-10-14T07:00:00","date_gmt":"2024-10-14T06:00:00","guid":{"rendered":"https:\/\/hospitalsagratcormartorell.org\/entre-tots\/?p=9894"},"modified":"2024-11-29T12:03:49","modified_gmt":"2024-11-29T11:03:49","slug":"lhospital-sagrat-cor-aposta-per-la-sostenibilitat-amb-una-installacio-solar-pionera-que-cobreix-el-27-del-seu-consum-energetic","status":"publish","type":"post","link":"https:\/\/fundaciohospitalariesmartorell.org\/entre-tots\/2024\/10\/lhospital-sagrat-cor-aposta-per-la-sostenibilitat-amb-una-installacio-solar-pionera-que-cobreix-el-27-del-seu-consum-energetic\/","title":{"rendered":"L&#8217;Hospital Sagrat Cor aposta per la sostenibilitat amb una instal.laci\u00f3 solar pionera que cobreix el 27 % del seu consum energ\u00e8tic"},"content":{"rendered":"<figure class=\"wp-block-post-featured-image\"><img loading=\"lazy\" decoding=\"async\" width=\"2048\" height=\"1536\" src=\"https:\/\/fundaciohospitalariesmartorell.org\/entre-tots\/wp-content\/uploads\/2024\/10\/Foto-edifici-9.jpeg\" class=\"attachment-post-thumbnail size-post-thumbnail wp-post-image\" alt=\"\" style=\"object-fit:cover;\" srcset=\"https:\/\/fundaciohospitalariesmartorell.org\/entre-tots\/wp-content\/uploads\/2024\/10\/Foto-edifici-9.jpeg 2048w, https:\/\/fundaciohospitalariesmartorell.org\/entre-tots\/wp-content\/uploads\/2024\/10\/Foto-edifici-9-300x225.jpeg 300w, https:\/\/fundaciohospitalariesmartorell.org\/entre-tots\/wp-content\/uploads\/2024\/10\/Foto-edifici-9-1024x768.jpeg 1024w, https:\/\/fundaciohospitalariesmartorell.org\/entre-tots\/wp-content\/uploads\/2024\/10\/Foto-edifici-9-768x576.jpeg 768w, https:\/\/fundaciohospitalariesmartorell.org\/entre-tots\/wp-content\/uploads\/2024\/10\/Foto-edifici-9-1536x1152.jpeg 1536w, https:\/\/fundaciohospitalariesmartorell.org\/entre-tots\/wp-content\/uploads\/2024\/10\/Foto-edifici-9-1320x990.jpeg 1320w\" sizes=\"auto, (max-width: 2048px) 100vw, 2048px\" \/><\/figure>\n\n\n<h3 class=\"wp-block-heading\">La nova instal.laci\u00f3 fotovoltaica permetr\u00e0 a l\u2019hospital generar 690.920 kWh anuals, reduint 325 tones d\u2019emissions de CO\u2082 i estalviant 217.800 euros l&#8217;any.<\/h3>\n\n\n\n<p>En una aposta ferma per la sostenibilitat, l&#8217;Hospital Sagrat Cor ha implementat una instal\u00b7laci\u00f3 solar fotovoltaica d&#8217;autoconsum amb compensaci\u00f3 d&#8217;excedents, situant-se com a referent en la integraci\u00f3 d&#8217;energies renovables dins el sector sanitari. Aquesta iniciativa \u00e9s part del comprom\u00eds de l\u2019hospital per reduir la petjada de carboni, disminuir la depend\u00e8ncia de les energies f\u00f2ssils i generar estalvis energ\u00e8tics i econ\u00f2mics considerables.<\/p>\n\n\n\n<p>El projecte ha implicat una inversi\u00f3 d&#8217;1.089.000 euros, que cobreix tant el subministrament com la instal\u00b7laci\u00f3 de 1.887 m\u00f2duls solars, aix\u00ed com la infraestructura essencial per al seu funcionament, incloent-hi els inversors i el sistema de monitoritzaci\u00f3. Aquesta iniciativa permetr\u00e0 un estalvi anual previst superior a 180.000 euros gr\u00e0cies a l\u2019autoconsum.<\/p>\n\n\n\n<p>Aquest projecte esdev\u00e9 una resposta directa a la necessitat urgent de combatre el canvi clim\u00e0tic i mitigar les emissions de CO\u2082. Amb aquesta instal\u00b7laci\u00f3, l\u2019hospital redueix de manera substancial la depend\u00e8ncia de l&#8217;energia convencional, i aprofita totes les cobertes disponibles per generar energia solar. La seva condici\u00f3 de gran consumidor d&#8217;energia el fa especialment adequat per a aquest tipus de solucions, que no nom\u00e9s proporcionen beneficis econ\u00f2mics, sin\u00f3 tamb\u00e9 mediambientals.<\/p>\n\n\n\n<div class=\"wp-block-getwid-images-slider has-arrows-inside has-dots-inside has-images-center has-cropped-images\"><div class=\"wp-block-getwid-images-slider__wrapper\" data-effect=\"slide\" data-slides-show=\"1\" data-slides-show-laptop=\"1\" data-slides-show-tablet=\"1\" data-slides-show-mobile=\"1\" data-slides-scroll=\"1\" data-autoplay=\"false\" data-pause-hover=\"false\" data-autoplay-speed=\"6000\" data-infinite=\"true\" data-animation-speed=\"800\" data-center-mode=\"false\" data-variable-width=\"false\" data-arrows=\"inside\" data-dots=\"inside\" data-spacing=\"none\"><div class=\"wp-block-getwid-images-slider__item\"><figure><img loading=\"lazy\" decoding=\"async\" width=\"1600\" height=\"1201\" src=\"https:\/\/hospitalsagratcormartorell.org\/entre-tots\/wp-content\/uploads\/2024\/10\/Edifici-1.jpeg\" data-id=\"9896\" data-link=\"https:\/\/hospitalsagratcormartorell.org\/entre-tots\/?attachment_id=9896\" data-original-link=\"https:\/\/hospitalsagratcormartorell.org\/entre-tots\/wp-content\/uploads\/2024\/10\/Edifici-1.jpeg\" class=\"wp-block-getwid-images-slider__image wp-image-9896\" srcset=\"https:\/\/fundaciohospitalariesmartorell.org\/entre-tots\/wp-content\/uploads\/2024\/10\/Edifici-1.jpeg 1600w, https:\/\/fundaciohospitalariesmartorell.org\/entre-tots\/wp-content\/uploads\/2024\/10\/Edifici-1-300x225.jpeg 300w, https:\/\/fundaciohospitalariesmartorell.org\/entre-tots\/wp-content\/uploads\/2024\/10\/Edifici-1-1024x769.jpeg 1024w, https:\/\/fundaciohospitalariesmartorell.org\/entre-tots\/wp-content\/uploads\/2024\/10\/Edifici-1-768x576.jpeg 768w, https:\/\/fundaciohospitalariesmartorell.org\/entre-tots\/wp-content\/uploads\/2024\/10\/Edifici-1-1536x1153.jpeg 1536w, https:\/\/fundaciohospitalariesmartorell.org\/entre-tots\/wp-content\/uploads\/2024\/10\/Edifici-1-1320x991.jpeg 1320w\" sizes=\"auto, (max-width: 1600px) 100vw, 1600px\" \/><\/figure><\/div><div class=\"wp-block-getwid-images-slider__item\"><figure><img loading=\"lazy\" decoding=\"async\" width=\"1600\" height=\"1201\" src=\"https:\/\/hospitalsagratcormartorell.org\/entre-tots\/wp-content\/uploads\/2024\/10\/Edifici-3.jpeg\" data-id=\"9897\" data-link=\"https:\/\/hospitalsagratcormartorell.org\/entre-tots\/?attachment_id=9897\" data-original-link=\"https:\/\/hospitalsagratcormartorell.org\/entre-tots\/wp-content\/uploads\/2024\/10\/Edifici-3.jpeg\" class=\"wp-block-getwid-images-slider__image wp-image-9897\" srcset=\"https:\/\/fundaciohospitalariesmartorell.org\/entre-tots\/wp-content\/uploads\/2024\/10\/Edifici-3.jpeg 1600w, https:\/\/fundaciohospitalariesmartorell.org\/entre-tots\/wp-content\/uploads\/2024\/10\/Edifici-3-300x225.jpeg 300w, https:\/\/fundaciohospitalariesmartorell.org\/entre-tots\/wp-content\/uploads\/2024\/10\/Edifici-3-1024x769.jpeg 1024w, https:\/\/fundaciohospitalariesmartorell.org\/entre-tots\/wp-content\/uploads\/2024\/10\/Edifici-3-768x576.jpeg 768w, https:\/\/fundaciohospitalariesmartorell.org\/entre-tots\/wp-content\/uploads\/2024\/10\/Edifici-3-1536x1153.jpeg 1536w, https:\/\/fundaciohospitalariesmartorell.org\/entre-tots\/wp-content\/uploads\/2024\/10\/Edifici-3-1320x991.jpeg 1320w\" sizes=\"auto, (max-width: 1600px) 100vw, 1600px\" \/><\/figure><\/div><div class=\"wp-block-getwid-images-slider__item\"><figure><img loading=\"lazy\" decoding=\"async\" width=\"1600\" height=\"1200\" src=\"https:\/\/hospitalsagratcormartorell.org\/entre-tots\/wp-content\/uploads\/2024\/10\/edifici-5.jpeg\" data-id=\"9898\" data-link=\"https:\/\/hospitalsagratcormartorell.org\/entre-tots\/?attachment_id=9898\" data-original-link=\"https:\/\/hospitalsagratcormartorell.org\/entre-tots\/wp-content\/uploads\/2024\/10\/edifici-5.jpeg\" class=\"wp-block-getwid-images-slider__image wp-image-9898\" srcset=\"https:\/\/fundaciohospitalariesmartorell.org\/entre-tots\/wp-content\/uploads\/2024\/10\/edifici-5.jpeg 1600w, https:\/\/fundaciohospitalariesmartorell.org\/entre-tots\/wp-content\/uploads\/2024\/10\/edifici-5-300x225.jpeg 300w, https:\/\/fundaciohospitalariesmartorell.org\/entre-tots\/wp-content\/uploads\/2024\/10\/edifici-5-1024x768.jpeg 1024w, https:\/\/fundaciohospitalariesmartorell.org\/entre-tots\/wp-content\/uploads\/2024\/10\/edifici-5-768x576.jpeg 768w, https:\/\/fundaciohospitalariesmartorell.org\/entre-tots\/wp-content\/uploads\/2024\/10\/edifici-5-1536x1152.jpeg 1536w, https:\/\/fundaciohospitalariesmartorell.org\/entre-tots\/wp-content\/uploads\/2024\/10\/edifici-5-1320x990.jpeg 1320w\" sizes=\"auto, (max-width: 1600px) 100vw, 1600px\" \/><\/figure><\/div><\/div><\/div>\n\n\n\n<p><strong>Un projecte en dues fases<\/strong><\/p>\n\n\n\n<p>El projecte es divideix en dues fases principals. En la primera, que ja s\u2019ha completat, s\u2019han instal\u00b7lat 981 m\u00f2duls fotovoltaics en sis edificis del complex hospitalari, que generen una pot\u00e8ncia total de 495 kWp. Els edificis que s\u2019han beneficiat d\u2019aquesta instal\u00b7laci\u00f3 s\u00f3n els n\u00fameros 1, 3, 5, 6, 7 i 9. Actualment, la segona fase s&#8217;est\u00e0 executant amb la instal\u00b7laci\u00f3 de marquesines solars a la zona d\u2019aparcament, amb 400 nous panells i una pot\u00e8ncia de 200 kWp es generaran 248.964\u202fkWh\/any.<\/p>\n\n\n\n<p>La primera fase de la instal\u00b7laci\u00f3 va requerir un total de deu mesos, i es preveu que la segona fase, que implica tant l&#8217;obra civil com el muntatge de les p\u00e8rgoles solars i dels nous panells a l&#8217;aparcament, tingui una durada d&#8217;uns cinc mesos.<\/p>\n\n\n\n<p><strong>Reptes t\u00e8cnics superats<\/strong><\/p>\n\n\n\n<p>El desenvolupament del projecte ha presentat reptes significatius, que inclo\u00efen la coordinaci\u00f3 de la instal\u00b7laci\u00f3 en diversos edificis independents i la integraci\u00f3 amb el sistema el\u00e8ctric de l&#8217;hospital. Aix\u00f2 ha implicat mesures de seguretat espec\u00edfiques, la instal\u00b7laci\u00f3 de sistemes de doble protecci\u00f3 i la identificaci\u00f3 dels punts \u00f2ptims per situar-hi inversors i quadres de protecci\u00f3. Un dels reptes importants tamb\u00e9 ha estat l\u2019obtenci\u00f3 de permisos per a la zona de les marquesines de l\u2019aparcament, ha estat un proc\u00e9s complex, en el qual han estat implicats diversos organismes.<\/p>\n\n\n\n<p>Gr\u00e0cies a aquesta instal\u00b7laci\u00f3, l\u2019Hospital Sagrat Cor generar\u00e0 anualment 690.920 kWh, una xifra que representa el 27 % de les seves necessitats energ\u00e8tiques totals. A m\u00e9s, s\u2019aconsegueix una reducci\u00f3 d\u2019emissions de CO\u2082 de 325 tones cada any, que equival a plantar 6.519 arbres. Aquesta reducci\u00f3 no nom\u00e9s beneficia l\u2019hospital, sin\u00f3 tamb\u00e9 la comunitat local, contribuint a tenir un entorn m\u00e9s net i saludable.<\/p>\n\n\n\n<div class=\"wp-block-getwid-images-slider has-arrows-inside has-dots-inside has-images-center has-cropped-images\"><div class=\"wp-block-getwid-images-slider__wrapper\" data-effect=\"slide\" data-slides-show=\"1\" data-slides-show-laptop=\"1\" data-slides-show-tablet=\"1\" data-slides-show-mobile=\"1\" data-slides-scroll=\"1\" data-autoplay=\"false\" data-pause-hover=\"false\" data-autoplay-speed=\"6000\" data-infinite=\"true\" data-animation-speed=\"800\" data-center-mode=\"false\" data-variable-width=\"false\" data-arrows=\"inside\" data-dots=\"inside\" data-spacing=\"none\"><div class=\"wp-block-getwid-images-slider__item\"><figure><img loading=\"lazy\" decoding=\"async\" width=\"2048\" height=\"1536\" src=\"https:\/\/hospitalsagratcormartorell.org\/entre-tots\/wp-content\/uploads\/2024\/10\/Edifici-6-2.jpeg\" data-id=\"9899\" data-link=\"https:\/\/hospitalsagratcormartorell.org\/entre-tots\/?attachment_id=9899\" data-original-link=\"https:\/\/hospitalsagratcormartorell.org\/entre-tots\/wp-content\/uploads\/2024\/10\/Edifici-6-2.jpeg\" class=\"wp-block-getwid-images-slider__image wp-image-9899\" srcset=\"https:\/\/fundaciohospitalariesmartorell.org\/entre-tots\/wp-content\/uploads\/2024\/10\/Edifici-6-2.jpeg 2048w, https:\/\/fundaciohospitalariesmartorell.org\/entre-tots\/wp-content\/uploads\/2024\/10\/Edifici-6-2-300x225.jpeg 300w, https:\/\/fundaciohospitalariesmartorell.org\/entre-tots\/wp-content\/uploads\/2024\/10\/Edifici-6-2-1024x768.jpeg 1024w, https:\/\/fundaciohospitalariesmartorell.org\/entre-tots\/wp-content\/uploads\/2024\/10\/Edifici-6-2-768x576.jpeg 768w, https:\/\/fundaciohospitalariesmartorell.org\/entre-tots\/wp-content\/uploads\/2024\/10\/Edifici-6-2-1536x1152.jpeg 1536w, https:\/\/fundaciohospitalariesmartorell.org\/entre-tots\/wp-content\/uploads\/2024\/10\/Edifici-6-2-1320x990.jpeg 1320w\" sizes=\"auto, (max-width: 2048px) 100vw, 2048px\" \/><\/figure><\/div><div class=\"wp-block-getwid-images-slider__item\"><figure><img loading=\"lazy\" decoding=\"async\" width=\"2048\" height=\"1536\" src=\"https:\/\/hospitalsagratcormartorell.org\/entre-tots\/wp-content\/uploads\/2024\/10\/Edifici-6.jpeg\" data-id=\"9900\" data-link=\"https:\/\/hospitalsagratcormartorell.org\/entre-tots\/?attachment_id=9900\" data-original-link=\"https:\/\/hospitalsagratcormartorell.org\/entre-tots\/wp-content\/uploads\/2024\/10\/Edifici-6.jpeg\" class=\"wp-block-getwid-images-slider__image wp-image-9900\" srcset=\"https:\/\/fundaciohospitalariesmartorell.org\/entre-tots\/wp-content\/uploads\/2024\/10\/Edifici-6.jpeg 2048w, https:\/\/fundaciohospitalariesmartorell.org\/entre-tots\/wp-content\/uploads\/2024\/10\/Edifici-6-300x225.jpeg 300w, https:\/\/fundaciohospitalariesmartorell.org\/entre-tots\/wp-content\/uploads\/2024\/10\/Edifici-6-1024x768.jpeg 1024w, https:\/\/fundaciohospitalariesmartorell.org\/entre-tots\/wp-content\/uploads\/2024\/10\/Edifici-6-768x576.jpeg 768w, https:\/\/fundaciohospitalariesmartorell.org\/entre-tots\/wp-content\/uploads\/2024\/10\/Edifici-6-1536x1152.jpeg 1536w, https:\/\/fundaciohospitalariesmartorell.org\/entre-tots\/wp-content\/uploads\/2024\/10\/Edifici-6-1320x990.jpeg 1320w\" sizes=\"auto, (max-width: 2048px) 100vw, 2048px\" \/><\/figure><\/div><div class=\"wp-block-getwid-images-slider__item\"><figure><img loading=\"lazy\" decoding=\"async\" width=\"1600\" height=\"1200\" src=\"https:\/\/hospitalsagratcormartorell.org\/entre-tots\/wp-content\/uploads\/2024\/10\/Edifici-7.jpeg\" data-id=\"9901\" data-link=\"https:\/\/hospitalsagratcormartorell.org\/entre-tots\/?attachment_id=9901\" data-original-link=\"https:\/\/hospitalsagratcormartorell.org\/entre-tots\/wp-content\/uploads\/2024\/10\/Edifici-7.jpeg\" class=\"wp-block-getwid-images-slider__image wp-image-9901\" srcset=\"https:\/\/fundaciohospitalariesmartorell.org\/entre-tots\/wp-content\/uploads\/2024\/10\/Edifici-7.jpeg 1600w, https:\/\/fundaciohospitalariesmartorell.org\/entre-tots\/wp-content\/uploads\/2024\/10\/Edifici-7-300x225.jpeg 300w, https:\/\/fundaciohospitalariesmartorell.org\/entre-tots\/wp-content\/uploads\/2024\/10\/Edifici-7-1024x768.jpeg 1024w, https:\/\/fundaciohospitalariesmartorell.org\/entre-tots\/wp-content\/uploads\/2024\/10\/Edifici-7-768x576.jpeg 768w, https:\/\/fundaciohospitalariesmartorell.org\/entre-tots\/wp-content\/uploads\/2024\/10\/Edifici-7-1536x1152.jpeg 1536w, https:\/\/fundaciohospitalariesmartorell.org\/entre-tots\/wp-content\/uploads\/2024\/10\/Edifici-7-1320x990.jpeg 1320w\" sizes=\"auto, (max-width: 1600px) 100vw, 1600px\" \/><\/figure><\/div><\/div><\/div>\n\n\n\n<p><strong>El futur del projecte i ampliacions previstes<\/strong><\/p>\n\n\n\n<p>En un futur, l\u2019hospital es planteja ampliar la instal\u00b7laci\u00f3 fotovoltaica a altres zones del complex, com ara l\u2019\u00e0rea posterior de l\u2019aparcament, un cop estigui urbanitzada. Aquesta expansi\u00f3 permetr\u00e0 augmentar encara m\u00e9s l\u2019autosufici\u00e8ncia energ\u00e8tica del centre.<\/p>\n\n\n\n<p>Amb aquesta iniciativa, l&#8217;Hospital Sagrat Cor es consolida com a un referent en la implementaci\u00f3 d&#8217;energies renovables en l\u2019\u00e0mbit sanitari, ja que tots els centres sanitaris s\u00f3n grans consumidors d\u2019energia, per\u00f2 no tots disposen d\u2019una superf\u00edcie \u00fatil tan rellevant com en el cas de Martorell.<\/p>\n\n\n\n<p>Finalment, cal destacar que no nom\u00e9s es contribueix a la sostenibilitat del centre, sin\u00f3 tamb\u00e9 a la del planeta. El projecte \u00e9s una clara prova del comprom\u00eds que ha adquirit l\u2019hospital amb el medi ambient i la millora cont\u00ednua dels serveis que ofereix a la comunitat.<\/p>\n","protected":false},"excerpt":{"rendered":"<p>La nova instal.laci\u00f3 fotovoltaica permetr\u00e0 a l\u2019hospital generar 690.920 kWh anuals, reduint 325 tones d\u2019emissions de CO\u2082 i estalviant 217.800 euros l&#8217;any. En una aposta ferma per la sostenibilitat, l&#8217;Hospital Sagrat Cor ha implementat una instal\u00b7laci\u00f3 solar fotovoltaica d&#8217;autoconsum amb compensaci\u00f3 d&#8217;excedents, situant-se com a referent en la integraci\u00f3 d&#8217;energies renovables dins el sector sanitari. [&hellip;]<\/p>\n","protected":false},"author":5,"featured_media":9895,"comment_status":"closed","ping_status":"closed","sticky":false,"template":"","format":"standard","meta":{"footnotes":""},"categories":[27,60,55],"tags":[],"class_list":["post-9894","post","type-post","status-publish","format-standard","has-post-thumbnail","hentry","category-actualitat","category-medi-ambient","category-sostenibilitat"],"blocksy_meta":[],"featured_image_urls_v2":{"full":["https:\/\/fundaciohospitalariesmartorell.org\/entre-tots\/wp-content\/uploads\/2024\/10\/Foto-edifici-9.jpeg",2048,1536,false],"thumbnail":["https:\/\/fundaciohospitalariesmartorell.org\/entre-tots\/wp-content\/uploads\/2024\/10\/Foto-edifici-9-150x150.jpeg",150,150,true],"medium":["https:\/\/fundaciohospitalariesmartorell.org\/entre-tots\/wp-content\/uploads\/2024\/10\/Foto-edifici-9-300x225.jpeg",300,225,true],"medium_large":["https:\/\/fundaciohospitalariesmartorell.org\/entre-tots\/wp-content\/uploads\/2024\/10\/Foto-edifici-9-768x576.jpeg",768,576,true],"large":["https:\/\/fundaciohospitalariesmartorell.org\/entre-tots\/wp-content\/uploads\/2024\/10\/Foto-edifici-9-1024x768.jpeg",1024,768,true],"1536x1536":["https:\/\/fundaciohospitalariesmartorell.org\/entre-tots\/wp-content\/uploads\/2024\/10\/Foto-edifici-9-1536x1152.jpeg",1536,1152,true],"2048x2048":["https:\/\/fundaciohospitalariesmartorell.org\/entre-tots\/wp-content\/uploads\/2024\/10\/Foto-edifici-9.jpeg",2048,1536,false],"mailpoet_newsletter_max":["https:\/\/fundaciohospitalariesmartorell.org\/entre-tots\/wp-content\/uploads\/2024\/10\/Foto-edifici-9-1320x990.jpeg",1320,990,true]},"post_excerpt_stackable_v2":"<p>La nova instal.laci\u00f3 fotovoltaica permetr\u00e0 a l\u2019hospital generar 690.920 kWh anuals, reduint 325 tones d\u2019emissions de CO\u2082 i estalviant 217.800 euros l&#8217;any. En una aposta ferma per la sostenibilitat, l&#8217;Hospital Sagrat Cor ha implementat una instal\u00b7laci\u00f3 solar fotovoltaica d&#8217;autoconsum amb compensaci\u00f3 d&#8217;excedents, situant-se com a referent en la integraci\u00f3 d&#8217;energies renovables dins el sector sanitari. Aquesta iniciativa \u00e9s part del comprom\u00eds de l\u2019hospital per reduir la petjada de carboni, disminuir la depend\u00e8ncia de les energies f\u00f2ssils i generar estalvis energ\u00e8tics i econ\u00f2mics considerables. El projecte ha implicat una inversi\u00f3 d&#8217;1.089.000 euros, que cobreix tant el subministrament com la instal\u00b7laci\u00f3 de&hellip;<\/p>\n","category_list_v2":"<a href=\"https:\/\/fundaciohospitalariesmartorell.org\/entre-tots\/category\/actualitat\/\" rel=\"category tag\">ACTUALITAT<\/a>, <a href=\"https:\/\/fundaciohospitalariesmartorell.org\/entre-tots\/category\/actualitat\/medi-ambient\/\" rel=\"category tag\">MEDI AMBIENT<\/a>, <a href=\"https:\/\/fundaciohospitalariesmartorell.org\/entre-tots\/category\/actualitat\/sostenibilitat\/\" rel=\"category tag\">SOSTENIBILITAT<\/a>","author_info_v2":{"name":"Alba Felip","url":"https:\/\/fundaciohospitalariesmartorell.org\/entre-tots\/author\/afelipr\/"},"comments_num_v2":"0 comments","_links":{"self":[{"href":"https:\/\/fundaciohospitalariesmartorell.org\/entre-tots\/wp-json\/wp\/v2\/posts\/9894","targetHints":{"allow":["GET"]}}],"collection":[{"href":"https:\/\/fundaciohospitalariesmartorell.org\/entre-tots\/wp-json\/wp\/v2\/posts"}],"about":[{"href":"https:\/\/fundaciohospitalariesmartorell.org\/entre-tots\/wp-json\/wp\/v2\/types\/post"}],"author":[{"embeddable":true,"href":"https:\/\/fundaciohospitalariesmartorell.org\/entre-tots\/wp-json\/wp\/v2\/users\/5"}],"replies":[{"embeddable":true,"href":"https:\/\/fundaciohospitalariesmartorell.org\/entre-tots\/wp-json\/wp\/v2\/comments?post=9894"}],"version-history":[{"count":3,"href":"https:\/\/fundaciohospitalariesmartorell.org\/entre-tots\/wp-json\/wp\/v2\/posts\/9894\/revisions"}],"predecessor-version":[{"id":9938,"href":"https:\/\/fundaciohospitalariesmartorell.org\/entre-tots\/wp-json\/wp\/v2\/posts\/9894\/revisions\/9938"}],"wp:featuredmedia":[{"embeddable":true,"href":"https:\/\/fundaciohospitalariesmartorell.org\/entre-tots\/wp-json\/wp\/v2\/media\/9895"}],"wp:attachment":[{"href":"https:\/\/fundaciohospitalariesmartorell.org\/entre-tots\/wp-json\/wp\/v2\/media?parent=9894"}],"wp:term":[{"taxonomy":"category","embeddable":true,"href":"https:\/\/fundaciohospitalariesmartorell.org\/entre-tots\/wp-json\/wp\/v2\/categories?post=9894"},{"taxonomy":"post_tag","embeddable":true,"href":"https:\/\/fundaciohospitalariesmartorell.org\/entre-tots\/wp-json\/wp\/v2\/tags?post=9894"}],"curies":[{"name":"wp","href":"https:\/\/api.w.org\/{rel}","templated":true}]}}