{"id":9906,"date":"2024-10-11T08:41:28","date_gmt":"2024-10-11T07:41:28","guid":{"rendered":"https:\/\/hospitalsagratcormartorell.org\/entre-tots\/?p=9906"},"modified":"2024-11-29T12:03:54","modified_gmt":"2024-11-29T11:03:54","slug":"cures-palliatives-acompanyament-humanitzacio-en-el-final-de-vida","status":"publish","type":"post","link":"https:\/\/fundaciohospitalariesmartorell.org\/entre-tots\/2024\/10\/cures-palliatives-acompanyament-humanitzacio-en-el-final-de-vida\/","title":{"rendered":"Cures pal.liatives: acompanyament 360\u00b0 i humanitzaci\u00f3 al final de la vida"},"content":{"rendered":"\n<p>L\u2019Hospital Sagrat Cor de Martorell \u00e9s el referent de l\u2019atenci\u00f3 pal\u00b7liativa especialitzada al territori del Baix Llobregat Nord, garantint amb la seva expertesa el cont\u00ednuum assistencial d\u2019aquest perfil de pacients en l\u2019\u00e0mbit comunitari i hospitalari. La coordinaci\u00f3 amb la resta de prove\u00efdors i el lideratge en grups de treball sobre el pacient cr\u00f2nic complex s\u00f3n un dels pilars del model col\u00b7laboratiu per millorar l\u2019efici\u00e8ncia en l\u2019atenci\u00f3 del final de la vida.<\/p>\n\n\n\n<p>&#8220;Aquesta atenci\u00f3 especialitzada incorpora els valors de la nostra instituci\u00f3, com s\u00f3n l\u2019hospitalitat, l\u2019humanisme integrador, l\u2019acollida, la qualitat professional i la promoci\u00f3 dels principis de bio\u00e8tica&#8221;, explica el Dr. Santi Bernades, subdirector m\u00e8dic i coordinador de l&#8217;\u00c0rea d&#8217;Atenci\u00f3 Interm\u00e8dia de l&#8217;Hospital Sagrat Cor.<\/p>\n\n\n<figure class=\"wp-block-post-featured-image\"><img loading=\"lazy\" decoding=\"async\" width=\"728\" height=\"410\" src=\"https:\/\/fundaciohospitalariesmartorell.org\/entre-tots\/wp-content\/uploads\/2024\/10\/paliatius-edited.png\" class=\"attachment-post-thumbnail size-post-thumbnail wp-post-image\" alt=\"\" style=\"object-fit:cover;\" srcset=\"https:\/\/fundaciohospitalariesmartorell.org\/entre-tots\/wp-content\/uploads\/2024\/10\/paliatius-edited.png 728w, https:\/\/fundaciohospitalariesmartorell.org\/entre-tots\/wp-content\/uploads\/2024\/10\/paliatius-edited-300x169.png 300w\" sizes=\"auto, (max-width: 728px) 100vw, 728px\" \/><\/figure>\n\n\n<p>Les cures pal\u00b7liatives ofereixen una atenci\u00f3 especialitzada a les persones que presenten una malaltia sense possibilitat de curaci\u00f3, progressiva i amb resposta limitada a un tractament espec\u00edfic, ja sigui una malaltia oncol\u00f2gica o no oncol\u00f2gica. L&#8217;objectiu principal \u00e9s alleujar el patiment f\u00edsic i emocional, proporcionant suport integral tant al pacient com al seu entorn cuidador. Aquesta atenci\u00f3 t\u00e9 com a finalitat garantir una qualitat de vida \u00f2ptima durant la fase final i assegurar una mort respectuosa i acompanyada. <\/p>\n\n\n\n<p>A l&#8217;Hospital Sagrat Cor, disposem de tres serveis dedicats a aquest \u00e0mbit: la Unitat de Cures Pal\u00b7liatives de Martorell, el Programa d&#8217;Atenci\u00f3 Domicili\u00e0ria i Equip de Suport (PADES), i l&#8217;Equip d&#8217;Avaluaci\u00f3 Integral Ambulat\u00f2ria (EAIA) pal\u00b7liativa. Aquests serveis treballen coordinadament per oferir una atenci\u00f3 personalitzada i integral, tant a l\u2019hospital com al domicili, adaptant-se a les necessitats de cada pacient i la seva fam\u00edlia.<\/p>\n\n\n\n<p><strong>UCP: Atenci\u00f3 especialitzada a pacients en fase de final de vida<\/strong><\/p>\n\n\n\n<p>La Unitat de Cures Pal\u00b7liatives (UCP) de l\u2019Hospital Sagrat Cor, situada a l\u2019edifici de convalesc\u00e8ncia, proporciona atenci\u00f3 a persones amb malalties avan\u00e7ades, irreversibles o terminals que requereixen tractaments pal\u00b7liatius espec\u00edfics. Segons la Dra. Monica Valverde, Metgessa d\u2019Atenci\u00f3 Interm\u00e8dia, \u201caquest servei est\u00e0 dirigit a pacients amb un pron\u00f2stic de vida breu i necessitats assistencials complexes, amb l&#8217;objectiu de millorar la qualitat de vida i garantir un final digne\u201d.<\/p>\n\n\n\n<p>Disposar d\u2019una unitat de cures pal\u00b7liatives dins de l\u2019hospital permet oferir una atenci\u00f3 interm\u00e8dia essencial per a les persones grans o amb malalties cr\u00f2niques. \u201cAquest servei evita trasllats innecessaris de pacients que necessiten assist\u00e8ncia pal\u00b7liativa i respon a les necessitats de la comunitat local, proporcionant una atenci\u00f3 completa i especialitzada per a persones amb malalties avan\u00e7ades\u201d, afegeix la Dra. Valverde.<\/p>\n\n\n\n<figure class=\"wp-block-image size-large\"><img loading=\"lazy\" decoding=\"async\" width=\"1920\" height=\"1079\" src=\"https:\/\/hospitalsagratcormartorell.org\/entre-tots\/wp-content\/uploads\/2024\/10\/ecografia-2-edited.jpg\" alt=\"\" class=\"wp-image-9918\" srcset=\"https:\/\/fundaciohospitalariesmartorell.org\/entre-tots\/wp-content\/uploads\/2024\/10\/ecografia-2-edited.jpg 1920w, https:\/\/fundaciohospitalariesmartorell.org\/entre-tots\/wp-content\/uploads\/2024\/10\/ecografia-2-edited-300x169.jpg 300w, https:\/\/fundaciohospitalariesmartorell.org\/entre-tots\/wp-content\/uploads\/2024\/10\/ecografia-2-edited-1024x575.jpg 1024w, https:\/\/fundaciohospitalariesmartorell.org\/entre-tots\/wp-content\/uploads\/2024\/10\/ecografia-2-edited-768x432.jpg 768w, https:\/\/fundaciohospitalariesmartorell.org\/entre-tots\/wp-content\/uploads\/2024\/10\/ecografia-2-edited-1536x863.jpg 1536w, https:\/\/fundaciohospitalariesmartorell.org\/entre-tots\/wp-content\/uploads\/2024\/10\/ecografia-2-edited-1320x742.jpg 1320w\" sizes=\"auto, (max-width: 1920px) 100vw, 1920px\" \/><\/figure>\n\n\n\n<p>Una de les caracter\u00edstiques que diferencia la UCP de l\u2019Hospital Sagrat Cor de la resta de la xarxa de salut p\u00fablica de Catalunya \u00e9s la integraci\u00f3 amb el servei PADES. Aquesta col\u00b7laboraci\u00f3 permet que els pacients que necessiten ingr\u00e9s a la unitat siguin tractats pel mateix equip de PADES que els at\u00e9n a domicili, oferint una assist\u00e8ncia continuada, tant dins l\u2019hospital com a casa. \u201cAix\u00f2 evita el canvi de referent al final de la vida, fet que refor\u00e7a el vincle i la confian\u00e7a amb el pacient i la fam\u00edlia, aspectes fonamentals en les cures pal\u00b7liatives\u201d, explica la Dra. Maite P\u00e9rez, metgessa del PADES i de la UCP.<\/p>\n\n\n\n<p><strong>PADES: Atenci\u00f3 integral a domicili<\/strong><\/p>\n\n\n\n<p>El PADES de l\u2019Hospital Sagrat Cor cobreix la zona del Baix Llobregat nord, que inclou els municipis de Pallej\u00e0, Sant Andreu de la Barca, Martorell, Abrera, Olesa de Montserrat, Esparreguera, Collbat\u00f3, El Bruc, Gelida, Sant Esteve Sesrovires, Masquefa i Sant Lloren\u00e7 d&#8217;Hortons. Aquest servei at\u00e9n majorit\u00e0riament pacients oncol\u00f2gics, per\u00f2 tamb\u00e9 altres pacients amb patologies complexes que tinguin necessitats pal\u00b7liatives. El 2023, el PADES va fer 5.740 consultes.<\/p>\n\n\n\n<p>\u201cEl PADES es destina a pacients amb una alta complexitat, ja sigui per la pres\u00e8ncia de s\u00edmptomes refractaris, com dolor agut o dispnea dif\u00edcil de controlar, per exemple, problemes socials, o situacions familiars especials, com la pres\u00e8ncia de nens petits o persones amb discapacitat al domicili\u201d, explica Maite P\u00e9rez, metgessa del PADES i de la UCP.<\/p>\n\n\n\n<figure class=\"wp-block-image size-full\"><img loading=\"lazy\" decoding=\"async\" width=\"1736\" height=\"977\" src=\"https:\/\/hospitalsagratcormartorell.org\/entre-tots\/wp-content\/uploads\/2024\/10\/nueva-ubicacion-PADES_02-edited-1.jpeg\" alt=\"\" class=\"wp-image-9916\" srcset=\"https:\/\/fundaciohospitalariesmartorell.org\/entre-tots\/wp-content\/uploads\/2024\/10\/nueva-ubicacion-PADES_02-edited-1.jpeg 1736w, https:\/\/fundaciohospitalariesmartorell.org\/entre-tots\/wp-content\/uploads\/2024\/10\/nueva-ubicacion-PADES_02-edited-1-300x169.jpeg 300w, https:\/\/fundaciohospitalariesmartorell.org\/entre-tots\/wp-content\/uploads\/2024\/10\/nueva-ubicacion-PADES_02-edited-1-1024x576.jpeg 1024w, https:\/\/fundaciohospitalariesmartorell.org\/entre-tots\/wp-content\/uploads\/2024\/10\/nueva-ubicacion-PADES_02-edited-1-768x432.jpeg 768w, https:\/\/fundaciohospitalariesmartorell.org\/entre-tots\/wp-content\/uploads\/2024\/10\/nueva-ubicacion-PADES_02-edited-1-1536x864.jpeg 1536w, https:\/\/fundaciohospitalariesmartorell.org\/entre-tots\/wp-content\/uploads\/2024\/10\/nueva-ubicacion-PADES_02-edited-1-1320x743.jpeg 1320w\" sizes=\"auto, (max-width: 1736px) 100vw, 1736px\" \/><\/figure>\n\n\n\n<p>L&#8217;equip est\u00e0 format per dos metges, tres infermers\/es, una treballadora social i un psic\u00f2leg, i ofereix atenci\u00f3 tots els dies de l&#8217;any, de 8 del mat\u00ed a 8 del vespre. De dilluns a divendres, l&#8217;equip complet est\u00e0 disponible, mentre que fora d&#8217;aquest horari, incloent-hi caps de setmana i festius, sempre hi ha un professional de gu\u00e0rdia per garantir una cobertura de 12hores els 365 dies de l&#8217;any.<\/p>\n\n\n\n<p><strong>Equip d\u2019Avaluaci\u00f3 Integral Ambulatoria (EAIA) pal\u00b7liativa: atenci\u00f3 interm\u00e8dia per a pacients menys dependents<\/strong><\/p>\n\n\n\n<p>L\u2019EAIA pal\u00b7liativa s\u2019adre\u00e7a a pacients que necessiten cures pal\u00b7liatives, per\u00f2 que poden despla\u00e7ar-se per ser atesos a l\u2019hospital. Aquest servei ofereix una avaluaci\u00f3 integral i una atenci\u00f3 interm\u00e8dia ambulat\u00f2ria, evitant la necessitat d\u2019ingressos hospitalaris en pacients que poden mantenir certa autonomia. El 2023, aquest servei va atendre 156 consultes, garantint la continu\u00eftat en l\u2019atenci\u00f3 especialitzada a pacients que ho requereixen.<\/p>\n\n\n\n<p><strong>Humanitzant el final de vida<\/strong><\/p>\n\n\n\n<p>Humanitzar les cures pal\u00b7liatives implica posar la persona al centre, tenint en compte no nom\u00e9s les seves necessitats f\u00edsiques, sin\u00f3 tamb\u00e9 els seus vincles emocionals. Un exemple d\u2019aquesta humanitzaci\u00f3 \u00e9s el projecte innovador que hem iniciat a la nostra instituci\u00f3, on pacients en situaci\u00f3 de final de vida poden acomiadar-se dels seus animals de companyia. Molts pacients troben en els seus animals un suport emocional crucial, i permetre aquest comiat pot proporcionar un confort profund en els seus darrers dies.<\/p>\n\n\n\n<p>Aquesta iniciativa subratlla el nostre comprom\u00eds amb una atenci\u00f3 respectuosa, centrada en els desitjos del pacient, i reafirma la nostra missi\u00f3 de garantir un final de vida digne i ple de sentit, tant per a la persona com per als seus \u00e9ssers estimats. A l&#8217;Hospital Sagrat Cor, treballem cada dia per humanitzar les cures pal\u00b7liatives i oferir un acompanyament integral que respecti la dignitat i l\u2019afecte fins al final. &#8220;Seguirem posant la nostra mirada en el futur per atendre les necessitats de la poblaci\u00f3, treballant de manera proactiva&#8221;, assegura el Dr. Bernades.<\/p>\n\n\n\n<figure class=\"wp-block-image size-full\"><img loading=\"lazy\" decoding=\"async\" width=\"735\" height=\"413\" src=\"https:\/\/hospitalsagratcormartorell.org\/entre-tots\/wp-content\/uploads\/2024\/10\/humanitzant-edited.png\" alt=\"\" class=\"wp-image-9922\" srcset=\"https:\/\/fundaciohospitalariesmartorell.org\/entre-tots\/wp-content\/uploads\/2024\/10\/humanitzant-edited.png 735w, https:\/\/fundaciohospitalariesmartorell.org\/entre-tots\/wp-content\/uploads\/2024\/10\/humanitzant-edited-300x169.png 300w\" sizes=\"auto, (max-width: 735px) 100vw, 735px\" \/><\/figure>\n","protected":false},"excerpt":{"rendered":"<p>L\u2019Hospital Sagrat Cor de Martorell \u00e9s el referent de l\u2019atenci\u00f3 pal\u00b7liativa especialitzada al territori del Baix Llobregat Nord, garantint amb la seva expertesa el cont\u00ednuum assistencial d\u2019aquest perfil de pacients en l\u2019\u00e0mbit comunitari i hospitalari. La coordinaci\u00f3 amb la resta de prove\u00efdors i el lideratge en grups de treball sobre el pacient cr\u00f2nic complex s\u00f3n [&hellip;]<\/p>\n","protected":false},"author":5,"featured_media":9920,"comment_status":"closed","ping_status":"closed","sticky":false,"template":"","format":"standard","meta":{"footnotes":""},"categories":[27,61],"tags":[],"class_list":["post-9906","post","type-post","status-publish","format-standard","has-post-thumbnail","hentry","category-actualitat","category-societat"],"blocksy_meta":[],"featured_image_urls_v2":{"full":["https:\/\/fundaciohospitalariesmartorell.org\/entre-tots\/wp-content\/uploads\/2024\/10\/paliatius-edited.png",728,410,false],"thumbnail":["https:\/\/fundaciohospitalariesmartorell.org\/entre-tots\/wp-content\/uploads\/2024\/10\/paliatius-edited-150x150.png",150,150,true],"medium":["https:\/\/fundaciohospitalariesmartorell.org\/entre-tots\/wp-content\/uploads\/2024\/10\/paliatius-edited-300x169.png",300,169,true],"medium_large":["https:\/\/fundaciohospitalariesmartorell.org\/entre-tots\/wp-content\/uploads\/2024\/10\/paliatius-edited.png",728,410,false],"large":["https:\/\/fundaciohospitalariesmartorell.org\/entre-tots\/wp-content\/uploads\/2024\/10\/paliatius-edited.png",728,410,false],"1536x1536":["https:\/\/fundaciohospitalariesmartorell.org\/entre-tots\/wp-content\/uploads\/2024\/10\/paliatius-edited.png",728,410,false],"2048x2048":["https:\/\/fundaciohospitalariesmartorell.org\/entre-tots\/wp-content\/uploads\/2024\/10\/paliatius-edited.png",728,410,false],"mailpoet_newsletter_max":["https:\/\/fundaciohospitalariesmartorell.org\/entre-tots\/wp-content\/uploads\/2024\/10\/paliatius-edited.png",728,410,false]},"post_excerpt_stackable_v2":"<p>L\u2019Hospital Sagrat Cor de Martorell \u00e9s el referent de l\u2019atenci\u00f3 pal\u00b7liativa especialitzada al territori del Baix Llobregat Nord, garantint amb la seva expertesa el cont\u00ednuum assistencial d\u2019aquest perfil de pacients en l\u2019\u00e0mbit comunitari i hospitalari. La coordinaci\u00f3 amb la resta de prove\u00efdors i el lideratge en grups de treball sobre el pacient cr\u00f2nic complex s\u00f3n un dels pilars del model col\u00b7laboratiu per millorar l\u2019efici\u00e8ncia en l\u2019atenci\u00f3 del final de la vida. &#8220;Aquesta atenci\u00f3 especialitzada incorpora els valors de la nostra instituci\u00f3, com s\u00f3n l\u2019hospitalitat, l\u2019humanisme integrador, l\u2019acollida, la qualitat professional i la promoci\u00f3 dels principis de bio\u00e8tica&#8221;, explica el Dr.&hellip;<\/p>\n","category_list_v2":"<a href=\"https:\/\/fundaciohospitalariesmartorell.org\/entre-tots\/category\/actualitat\/\" rel=\"category tag\">ACTUALITAT<\/a>, <a href=\"https:\/\/fundaciohospitalariesmartorell.org\/entre-tots\/category\/actualitat\/societat\/\" rel=\"category tag\">SOCIETAT<\/a>","author_info_v2":{"name":"Alba Felip","url":"https:\/\/fundaciohospitalariesmartorell.org\/entre-tots\/author\/afelipr\/"},"comments_num_v2":"0 comments","_links":{"self":[{"href":"https:\/\/fundaciohospitalariesmartorell.org\/entre-tots\/wp-json\/wp\/v2\/posts\/9906","targetHints":{"allow":["GET"]}}],"collection":[{"href":"https:\/\/fundaciohospitalariesmartorell.org\/entre-tots\/wp-json\/wp\/v2\/posts"}],"about":[{"href":"https:\/\/fundaciohospitalariesmartorell.org\/entre-tots\/wp-json\/wp\/v2\/types\/post"}],"author":[{"embeddable":true,"href":"https:\/\/fundaciohospitalariesmartorell.org\/entre-tots\/wp-json\/wp\/v2\/users\/5"}],"replies":[{"embeddable":true,"href":"https:\/\/fundaciohospitalariesmartorell.org\/entre-tots\/wp-json\/wp\/v2\/comments?post=9906"}],"version-history":[{"count":7,"href":"https:\/\/fundaciohospitalariesmartorell.org\/entre-tots\/wp-json\/wp\/v2\/posts\/9906\/revisions"}],"predecessor-version":[{"id":9929,"href":"https:\/\/fundaciohospitalariesmartorell.org\/entre-tots\/wp-json\/wp\/v2\/posts\/9906\/revisions\/9929"}],"wp:featuredmedia":[{"embeddable":true,"href":"https:\/\/fundaciohospitalariesmartorell.org\/entre-tots\/wp-json\/wp\/v2\/media\/9920"}],"wp:attachment":[{"href":"https:\/\/fundaciohospitalariesmartorell.org\/entre-tots\/wp-json\/wp\/v2\/media?parent=9906"}],"wp:term":[{"taxonomy":"category","embeddable":true,"href":"https:\/\/fundaciohospitalariesmartorell.org\/entre-tots\/wp-json\/wp\/v2\/categories?post=9906"},{"taxonomy":"post_tag","embeddable":true,"href":"https:\/\/fundaciohospitalariesmartorell.org\/entre-tots\/wp-json\/wp\/v2\/tags?post=9906"}],"curies":[{"name":"wp","href":"https:\/\/api.w.org\/{rel}","templated":true}]}}