{"id":9907,"date":"2024-10-11T08:24:47","date_gmt":"2024-10-11T07:24:47","guid":{"rendered":"https:\/\/hospitalsagratcormartorell.org\/entre-tots\/?p=9907"},"modified":"2024-11-29T12:04:03","modified_gmt":"2024-11-29T11:04:03","slug":"nou-record-de-participacio-en-el-concurs-literari-les-paraules-parlen-per-tu","status":"publish","type":"post","link":"https:\/\/fundaciohospitalariesmartorell.org\/entre-tots\/2024\/10\/nou-record-de-participacio-en-el-concurs-literari-les-paraules-parlen-per-tu\/","title":{"rendered":"Nou r\u00e8cord de participaci\u00f3 en el concurs literari Les Paraules Parlen per Tu"},"content":{"rendered":"<figure class=\"wp-block-post-featured-image\"><img loading=\"lazy\" decoding=\"async\" width=\"858\" height=\"784\" src=\"https:\/\/fundaciohospitalariesmartorell.org\/entre-tots\/wp-content\/uploads\/2024\/10\/IMG-20241004-WA0025-e1728631335279.jpg\" class=\"attachment-post-thumbnail size-post-thumbnail wp-post-image\" alt=\"\" style=\"object-fit:cover;\" srcset=\"https:\/\/fundaciohospitalariesmartorell.org\/entre-tots\/wp-content\/uploads\/2024\/10\/IMG-20241004-WA0025-e1728631335279.jpg 858w, https:\/\/fundaciohospitalariesmartorell.org\/entre-tots\/wp-content\/uploads\/2024\/10\/IMG-20241004-WA0025-e1728631335279-300x274.jpg 300w, https:\/\/fundaciohospitalariesmartorell.org\/entre-tots\/wp-content\/uploads\/2024\/10\/IMG-20241004-WA0025-e1728631335279-768x702.jpg 768w\" sizes=\"auto, (max-width: 858px) 100vw, 858px\" \/><\/figure>\n\n\n<p>Un any m\u00e9s, i amb motiu del Dia Mundial de la Salut Mental, el Servei de Salut Mental de l\u2019Alt Pened\u00e8s, gestionat per l\u2019Hospital Sagrat Cor, ha celebrat una nova edici\u00f3 del concurs literari en salut mental Les Paraules Parlen per Tu. La d\u2019enguany ha estat la cinquena edici\u00f3 i, un any m\u00e9s, s\u2019ha assolit un r\u00e8cord de participaci\u00f3. Aix\u00ed, doncs, a aquesta edici\u00f3 s\u2019hi han presentat un total de 76 escrits, 34 de poesia i 42 de prosa, amb qu\u00e8 s\u2019han superat \u00e0mpliament els 55 de l\u2019edici\u00f3 de l\u2019any passat. L\u2019entrega dels premis va tenir lloc el 5 d\u2019octubre, en un acte al Museu del Vi de Catalunya, el Vinseum, a Vilafranca del Pened\u00e8s.<\/p>\n\n\n\n<figure class=\"wp-block-image size-large\"><img loading=\"lazy\" decoding=\"async\" width=\"1024\" height=\"475\" src=\"https:\/\/hospitalsagratcormartorell.org\/entre-tots\/wp-content\/uploads\/2024\/10\/foto_nueva_01-1024x475.jpg\" alt=\"\" class=\"wp-image-9909\" srcset=\"https:\/\/fundaciohospitalariesmartorell.org\/entre-tots\/wp-content\/uploads\/2024\/10\/foto_nueva_01-1024x475.jpg 1024w, https:\/\/fundaciohospitalariesmartorell.org\/entre-tots\/wp-content\/uploads\/2024\/10\/foto_nueva_01-300x139.jpg 300w, https:\/\/fundaciohospitalariesmartorell.org\/entre-tots\/wp-content\/uploads\/2024\/10\/foto_nueva_01-768x356.jpg 768w, https:\/\/fundaciohospitalariesmartorell.org\/entre-tots\/wp-content\/uploads\/2024\/10\/foto_nueva_01.jpg 1078w\" sizes=\"auto, (max-width: 1024px) 100vw, 1024px\" \/><\/figure>\n\n\n\n<p>L&#8217;objectiu d&#8217;aquest concurs \u00e9s fomentar la creativitat, l&#8217;expressi\u00f3 escrita i l&#8217;empoderament en l\u2019autoestima, l\u2019autonomia i la superaci\u00f3 dels usuaris de salut mental. \u201cAquest any, els escrits que s\u2019han presentat continuen mostrant estrat\u00e8gies que els participants fan servir amb els seus estats personals. En aquest sentit, cal destacar la import\u00e0ncia de cr\u00e9ixer, acceptar-se i conviure amb la salut mental de cadasc\u00fa, amb els alts i baixos que comporta. Construint el poder de la resili\u00e8ncia i l\u2019esperan\u00e7a\u201d, explica Xevi Franquesa, t\u00e8cnic especialista del Centre de Dia de l\u2019Alt Pened\u00e8s.<\/p>\n\n\n\n<figure class=\"wp-block-image size-large\"><img loading=\"lazy\" decoding=\"async\" width=\"1024\" height=\"475\" src=\"https:\/\/hospitalsagratcormartorell.org\/entre-tots\/wp-content\/uploads\/2024\/10\/foto_nueva_02-1024x475.jpg\" alt=\"\" class=\"wp-image-9910\" srcset=\"https:\/\/fundaciohospitalariesmartorell.org\/entre-tots\/wp-content\/uploads\/2024\/10\/foto_nueva_02-1024x475.jpg 1024w, https:\/\/fundaciohospitalariesmartorell.org\/entre-tots\/wp-content\/uploads\/2024\/10\/foto_nueva_02-300x139.jpg 300w, https:\/\/fundaciohospitalariesmartorell.org\/entre-tots\/wp-content\/uploads\/2024\/10\/foto_nueva_02-768x356.jpg 768w, https:\/\/fundaciohospitalariesmartorell.org\/entre-tots\/wp-content\/uploads\/2024\/10\/foto_nueva_02.jpg 1078w\" sizes=\"auto, (max-width: 1024px) 100vw, 1024px\" \/><\/figure>\n\n\n\n<p>Els relats d\u2019aquesta edici\u00f3 expressen la dignitat com la virtut humana m\u00e9s important i tracten l\u2019estigma, que encara t\u00e9 un llarg cam\u00ed per rec\u00f3rrer. S\u2019hi fa una introspecci\u00f3 del jo adult i del jo infantil, aprenent a perdonar-se i a ser perdonat. Tamb\u00e9 mostren el sentiment d\u2019amor i de llunyania, elements essencials per a una vida plena. \u201cEn els escrits, es troben petites frases que conviden a reflexionar sobre la salut mental, en qu\u00e8 es destaca que el dolor \u00e9s inevitable, per\u00f2, en canvi, el patiment \u00e9s opcional, gr\u00e0cies al suport familiar i professional. A m\u00e9s, expressen el desig que la societat i la salut mental es mantinguin unides, en lloc d\u2019anar en paral\u00b7lel\u201d, afegeix Franquesa.<\/p>\n\n\n\n<p>El 2018, el Servei de Rehabilitaci\u00f3 Comunit\u00e0ria (SRC) de Vilafranca va iniciar un taller de creativitat liter\u00e0ria que s&#8217;ha mantingut fins al dia d&#8217;avui. Xevi Franquesa explica que la idea d&#8217;engegar un concurs literari va sorgir en el marc d&#8217;aquesta activitat.<\/p>\n\n\n\n<div class=\"wp-block-getwid-images-slider has-arrows-inside has-dots-inside has-images-center has-cropped-images\"><div class=\"wp-block-getwid-images-slider__wrapper\" data-effect=\"slide\" data-slides-show=\"1\" data-slides-show-laptop=\"1\" data-slides-show-tablet=\"1\" data-slides-show-mobile=\"1\" data-slides-scroll=\"1\" data-autoplay=\"false\" data-autoplay-speed=\"6000\" data-infinite=\"true\" data-animation-speed=\"800\" data-center-mode=\"false\" data-variable-width=\"false\" data-arrows=\"inside\" data-dots=\"inside\" data-spacing=\"none\"><div class=\"wp-block-getwid-images-slider__item\"><figure><img loading=\"lazy\" decoding=\"async\" width=\"1600\" height=\"1204\" src=\"https:\/\/hospitalsagratcormartorell.org\/entre-tots\/wp-content\/uploads\/2024\/10\/IMG-20241004-WA0009.jpg\" data-id=\"9911\" data-link=\"https:\/\/hospitalsagratcormartorell.org\/entre-tots\/?attachment_id=9911\" data-original-link=\"https:\/\/hospitalsagratcormartorell.org\/entre-tots\/wp-content\/uploads\/2024\/10\/IMG-20241004-WA0009.jpg\" class=\"wp-block-getwid-images-slider__image wp-image-9911\" srcset=\"https:\/\/fundaciohospitalariesmartorell.org\/entre-tots\/wp-content\/uploads\/2024\/10\/IMG-20241004-WA0009.jpg 1600w, https:\/\/fundaciohospitalariesmartorell.org\/entre-tots\/wp-content\/uploads\/2024\/10\/IMG-20241004-WA0009-300x226.jpg 300w, https:\/\/fundaciohospitalariesmartorell.org\/entre-tots\/wp-content\/uploads\/2024\/10\/IMG-20241004-WA0009-1024x771.jpg 1024w, https:\/\/fundaciohospitalariesmartorell.org\/entre-tots\/wp-content\/uploads\/2024\/10\/IMG-20241004-WA0009-768x578.jpg 768w, https:\/\/fundaciohospitalariesmartorell.org\/entre-tots\/wp-content\/uploads\/2024\/10\/IMG-20241004-WA0009-1536x1156.jpg 1536w, https:\/\/fundaciohospitalariesmartorell.org\/entre-tots\/wp-content\/uploads\/2024\/10\/IMG-20241004-WA0009-1320x993.jpg 1320w\" sizes=\"auto, (max-width: 1600px) 100vw, 1600px\" \/><\/figure><\/div><div class=\"wp-block-getwid-images-slider__item\"><figure><img loading=\"lazy\" decoding=\"async\" width=\"1600\" height=\"1204\" src=\"https:\/\/hospitalsagratcormartorell.org\/entre-tots\/wp-content\/uploads\/2024\/10\/IMG-20241004-WA0011-1.jpg\" data-id=\"9912\" data-link=\"https:\/\/hospitalsagratcormartorell.org\/entre-tots\/?attachment_id=9912\" data-original-link=\"https:\/\/hospitalsagratcormartorell.org\/entre-tots\/wp-content\/uploads\/2024\/10\/IMG-20241004-WA0011-1.jpg\" class=\"wp-block-getwid-images-slider__image wp-image-9912\" srcset=\"https:\/\/fundaciohospitalariesmartorell.org\/entre-tots\/wp-content\/uploads\/2024\/10\/IMG-20241004-WA0011-1.jpg 1600w, https:\/\/fundaciohospitalariesmartorell.org\/entre-tots\/wp-content\/uploads\/2024\/10\/IMG-20241004-WA0011-1-300x226.jpg 300w, https:\/\/fundaciohospitalariesmartorell.org\/entre-tots\/wp-content\/uploads\/2024\/10\/IMG-20241004-WA0011-1-1024x771.jpg 1024w, https:\/\/fundaciohospitalariesmartorell.org\/entre-tots\/wp-content\/uploads\/2024\/10\/IMG-20241004-WA0011-1-768x578.jpg 768w, https:\/\/fundaciohospitalariesmartorell.org\/entre-tots\/wp-content\/uploads\/2024\/10\/IMG-20241004-WA0011-1-1536x1156.jpg 1536w, https:\/\/fundaciohospitalariesmartorell.org\/entre-tots\/wp-content\/uploads\/2024\/10\/IMG-20241004-WA0011-1-1320x993.jpg 1320w\" sizes=\"auto, (max-width: 1600px) 100vw, 1600px\" \/><\/figure><\/div><div class=\"wp-block-getwid-images-slider__item\"><figure><img loading=\"lazy\" decoding=\"async\" width=\"1600\" height=\"1204\" src=\"https:\/\/hospitalsagratcormartorell.org\/entre-tots\/wp-content\/uploads\/2024\/10\/IMG-20241004-WA0013.jpg\" data-id=\"9913\" data-link=\"https:\/\/hospitalsagratcormartorell.org\/entre-tots\/?attachment_id=9913\" data-original-link=\"https:\/\/hospitalsagratcormartorell.org\/entre-tots\/wp-content\/uploads\/2024\/10\/IMG-20241004-WA0013.jpg\" class=\"wp-block-getwid-images-slider__image wp-image-9913\" srcset=\"https:\/\/fundaciohospitalariesmartorell.org\/entre-tots\/wp-content\/uploads\/2024\/10\/IMG-20241004-WA0013.jpg 1600w, https:\/\/fundaciohospitalariesmartorell.org\/entre-tots\/wp-content\/uploads\/2024\/10\/IMG-20241004-WA0013-300x226.jpg 300w, https:\/\/fundaciohospitalariesmartorell.org\/entre-tots\/wp-content\/uploads\/2024\/10\/IMG-20241004-WA0013-1024x771.jpg 1024w, https:\/\/fundaciohospitalariesmartorell.org\/entre-tots\/wp-content\/uploads\/2024\/10\/IMG-20241004-WA0013-768x578.jpg 768w, https:\/\/fundaciohospitalariesmartorell.org\/entre-tots\/wp-content\/uploads\/2024\/10\/IMG-20241004-WA0013-1536x1156.jpg 1536w, https:\/\/fundaciohospitalariesmartorell.org\/entre-tots\/wp-content\/uploads\/2024\/10\/IMG-20241004-WA0013-1320x993.jpg 1320w\" sizes=\"auto, (max-width: 1600px) 100vw, 1600px\" \/><\/figure><\/div><\/div><\/div>\n\n\n\n<p>En aquest cinqu\u00e8 concurs literari en salut mental Les Paraules Parlen per Tu, els escrits premiats en prosa han estat <em>Tinc un gat dins<\/em>,escrit per \u201camb H\u201d (1r premi), <em>La malaltia de les emocions<\/em>, escrit per \u201cAbril\u201d (2n premi), i <em>Camuflant<\/em>, per \u201cLotus\u201d (3r premi). Per la seva banda, en la categoria de prosa s\u2019han concedit tres acc\u00e8ssits: per a <em>Xts<\/em>, de \u201cFilo\u201d, <em>La personeta dins del meu cap que pinta de blau<\/em>, escrit per \u201cAmanda Cavaletti\u201d, i <em>Addicta a tu<\/em>, per \u201cSalseta\u201d. En la categoria de poesia, els escrits premiats han estat <em>Pluja<\/em>, de \u201cMargot\u201d, <em>XOP<\/em>, entregat sense pseud\u00f2nim, i <em>La m\u00fasica est\u00e0 viva<\/em>, de \u201cLittle Boss\u201d.<\/p>\n","protected":false},"excerpt":{"rendered":"<p>Un any m\u00e9s, i amb motiu del Dia Mundial de la Salut Mental, el Servei de Salut Mental de l\u2019Alt Pened\u00e8s, gestionat per l\u2019Hospital Sagrat Cor, ha celebrat una nova edici\u00f3 del concurs literari en salut mental Les Paraules Parlen per Tu. La d\u2019enguany ha estat la cinquena edici\u00f3 i, un any m\u00e9s, s\u2019ha assolit [&hellip;]<\/p>\n","protected":false},"author":5,"featured_media":9908,"comment_status":"closed","ping_status":"closed","sticky":false,"template":"","format":"standard","meta":{"footnotes":""},"categories":[27,57],"tags":[63,62],"class_list":["post-9907","post","type-post","status-publish","format-standard","has-post-thumbnail","hentry","category-actualitat","category-usuaris-es","tag-concurs-literari","tag-salut-mental"],"blocksy_meta":[],"featured_image_urls_v2":{"full":["https:\/\/fundaciohospitalariesmartorell.org\/entre-tots\/wp-content\/uploads\/2024\/10\/IMG-20241004-WA0025-e1728631335279.jpg",858,784,false],"thumbnail":["https:\/\/fundaciohospitalariesmartorell.org\/entre-tots\/wp-content\/uploads\/2024\/10\/IMG-20241004-WA0025-e1728631335279-150x150.jpg",150,150,true],"medium":["https:\/\/fundaciohospitalariesmartorell.org\/entre-tots\/wp-content\/uploads\/2024\/10\/IMG-20241004-WA0025-e1728631335279-300x274.jpg",300,274,true],"medium_large":["https:\/\/fundaciohospitalariesmartorell.org\/entre-tots\/wp-content\/uploads\/2024\/10\/IMG-20241004-WA0025-e1728631335279-768x702.jpg",768,702,true],"large":["https:\/\/fundaciohospitalariesmartorell.org\/entre-tots\/wp-content\/uploads\/2024\/10\/IMG-20241004-WA0025-1024x768.jpg",1024,768,true],"1536x1536":["https:\/\/fundaciohospitalariesmartorell.org\/entre-tots\/wp-content\/uploads\/2024\/10\/IMG-20241004-WA0025-1536x1152.jpg",1536,1152,true],"2048x2048":["https:\/\/fundaciohospitalariesmartorell.org\/entre-tots\/wp-content\/uploads\/2024\/10\/IMG-20241004-WA0025-e1728631335279.jpg",858,784,false],"mailpoet_newsletter_max":["https:\/\/fundaciohospitalariesmartorell.org\/entre-tots\/wp-content\/uploads\/2024\/10\/IMG-20241004-WA0025-1320x990.jpg",1320,990,true]},"post_excerpt_stackable_v2":"<p>Un any m\u00e9s, i amb motiu del Dia Mundial de la Salut Mental, el Servei de Salut Mental de l\u2019Alt Pened\u00e8s, gestionat per l\u2019Hospital Sagrat Cor, ha celebrat una nova edici\u00f3 del concurs literari en salut mental Les Paraules Parlen per Tu. La d\u2019enguany ha estat la cinquena edici\u00f3 i, un any m\u00e9s, s\u2019ha assolit un r\u00e8cord de participaci\u00f3. Aix\u00ed, doncs, a aquesta edici\u00f3 s\u2019hi han presentat un total de 76 escrits, 34 de poesia i 42 de prosa, amb qu\u00e8 s\u2019han superat \u00e0mpliament els 55 de l\u2019edici\u00f3 de l\u2019any passat. L\u2019entrega dels premis va tenir lloc el 5 d\u2019octubre,&hellip;<\/p>\n","category_list_v2":"<a href=\"https:\/\/fundaciohospitalariesmartorell.org\/entre-tots\/category\/actualitat\/\" rel=\"category tag\">ACTUALITAT<\/a>, <a href=\"https:\/\/fundaciohospitalariesmartorell.org\/entre-tots\/category\/actualitat\/usuaris-es\/\" rel=\"category tag\">USUARIS\/ES<\/a>","author_info_v2":{"name":"Alba Felip","url":"https:\/\/fundaciohospitalariesmartorell.org\/entre-tots\/author\/afelipr\/"},"comments_num_v2":"0 comments","_links":{"self":[{"href":"https:\/\/fundaciohospitalariesmartorell.org\/entre-tots\/wp-json\/wp\/v2\/posts\/9907","targetHints":{"allow":["GET"]}}],"collection":[{"href":"https:\/\/fundaciohospitalariesmartorell.org\/entre-tots\/wp-json\/wp\/v2\/posts"}],"about":[{"href":"https:\/\/fundaciohospitalariesmartorell.org\/entre-tots\/wp-json\/wp\/v2\/types\/post"}],"author":[{"embeddable":true,"href":"https:\/\/fundaciohospitalariesmartorell.org\/entre-tots\/wp-json\/wp\/v2\/users\/5"}],"replies":[{"embeddable":true,"href":"https:\/\/fundaciohospitalariesmartorell.org\/entre-tots\/wp-json\/wp\/v2\/comments?post=9907"}],"version-history":[{"count":1,"href":"https:\/\/fundaciohospitalariesmartorell.org\/entre-tots\/wp-json\/wp\/v2\/posts\/9907\/revisions"}],"predecessor-version":[{"id":9914,"href":"https:\/\/fundaciohospitalariesmartorell.org\/entre-tots\/wp-json\/wp\/v2\/posts\/9907\/revisions\/9914"}],"wp:featuredmedia":[{"embeddable":true,"href":"https:\/\/fundaciohospitalariesmartorell.org\/entre-tots\/wp-json\/wp\/v2\/media\/9908"}],"wp:attachment":[{"href":"https:\/\/fundaciohospitalariesmartorell.org\/entre-tots\/wp-json\/wp\/v2\/media?parent=9907"}],"wp:term":[{"taxonomy":"category","embeddable":true,"href":"https:\/\/fundaciohospitalariesmartorell.org\/entre-tots\/wp-json\/wp\/v2\/categories?post=9907"},{"taxonomy":"post_tag","embeddable":true,"href":"https:\/\/fundaciohospitalariesmartorell.org\/entre-tots\/wp-json\/wp\/v2\/tags?post=9907"}],"curies":[{"name":"wp","href":"https:\/\/api.w.org\/{rel}","templated":true}]}}