{"id":9940,"date":"2024-10-14T11:06:42","date_gmt":"2024-10-14T10:06:42","guid":{"rendered":"https:\/\/hospitalsagratcormartorell.org\/entre-tots\/?p=9940"},"modified":"2024-11-29T12:03:44","modified_gmt":"2024-11-29T11:03:44","slug":"el-dr-manel-sanchez-destaca-la-importancia-de-fer-un-diagnostic-multidisciplinari-a-lhora-de-tractar-les-demencies-amb-simptomes-psiquiatrics","status":"publish","type":"post","link":"https:\/\/fundaciohospitalariesmartorell.org\/entre-tots\/2024\/10\/el-dr-manel-sanchez-destaca-la-importancia-de-fer-un-diagnostic-multidisciplinari-a-lhora-de-tractar-les-demencies-amb-simptomes-psiquiatrics\/","title":{"rendered":"El Dr. Manel S\u00e1nchez destaca la import\u00e0ncia de fer un diagn\u00f2stic multidisciplinari a l\u2019hora de tractar les dem\u00e8ncies amb s\u00edmptomes psiqui\u00e0trics"},"content":{"rendered":"<figure class=\"wp-block-post-featured-image\"><img loading=\"lazy\" decoding=\"async\" width=\"1334\" height=\"750\" src=\"https:\/\/fundaciohospitalariesmartorell.org\/entre-tots\/wp-content\/uploads\/2024\/10\/ba565d32-c11b-4764-8f63-26a632dd6935.jpeg\" class=\"attachment-post-thumbnail size-post-thumbnail wp-post-image\" alt=\"\" style=\"object-fit:cover;\" srcset=\"https:\/\/fundaciohospitalariesmartorell.org\/entre-tots\/wp-content\/uploads\/2024\/10\/ba565d32-c11b-4764-8f63-26a632dd6935.jpeg 1334w, https:\/\/fundaciohospitalariesmartorell.org\/entre-tots\/wp-content\/uploads\/2024\/10\/ba565d32-c11b-4764-8f63-26a632dd6935-300x169.jpeg 300w, https:\/\/fundaciohospitalariesmartorell.org\/entre-tots\/wp-content\/uploads\/2024\/10\/ba565d32-c11b-4764-8f63-26a632dd6935-1024x576.jpeg 1024w, https:\/\/fundaciohospitalariesmartorell.org\/entre-tots\/wp-content\/uploads\/2024\/10\/ba565d32-c11b-4764-8f63-26a632dd6935-768x432.jpeg 768w, https:\/\/fundaciohospitalariesmartorell.org\/entre-tots\/wp-content\/uploads\/2024\/10\/ba565d32-c11b-4764-8f63-26a632dd6935-1320x742.jpeg 1320w\" sizes=\"auto, (max-width: 1334px) 100vw, 1334px\" \/><\/figure>\n\n\n<p>El Dr. Manel S\u00e1nchez, coordinador de la Unitat de Psiquiatria Geri\u00e0trica de l&#8217;Hospital Sagrat Cor i president de la Societat Espanyola de Psicogeriatria, va posar \u00e8mfasi en la necessitat de fer un diagn\u00f2stic prec\u00eds i multidisciplinari en les persones ateses amb dem\u00e8ncies, en la seva intervenci\u00f3 al seminari web <em>El problema de la dem\u00e8ncia i la malaltia mental<\/em>. La sessi\u00f3 va estar organitzada per la Confederaci\u00f3 Espanyola d&#8217;Alzheimer i altres Dem\u00e8ncies (CEAFA) i va tenir lloc el 10 d\u2019octubre.<\/p>\n\n\n\n<p>\u201cLes dem\u00e8ncies poden expressar s\u00edmptomes psiqui\u00e0trics i requerir tractaments espec\u00edfics, de la mateixa manera que ho fan els trastorns mentals primaris\u201d, va afirmar el Dr. S\u00e1nchez. Aix\u00ed mateix, va destacar que el diagn\u00f2stic pot ser complex, ja que en molts casos les dem\u00e8ncies es presenten inicialment amb alteracions mentals que fan pensar en una malaltia psiqui\u00e0trica. Amb el temps i les proves complement\u00e0ries, es pot identificar la dem\u00e8ncia com la causa real del problema.<\/p>\n\n\n\n<p>I \u00e9s que, segons va explicar, les malalties mentals, en general, poden afectar el rendiment cognitiu a qualsevol edat, per\u00f2 \u201cla poblaci\u00f3 anciana pot presentar fins a un 12% d\u2019algun tipus de problema mental\u201d. A tot aix\u00f2 cal afegir-hi que alguns dels medicaments que es fan servir per al tractament tamb\u00e9 poden afectar la mem\u00f2ria i generar dubtes, especialment quan es tracta de pacients de la tercera edat. \u201cEn aquests casos, \u00e9s freq\u00fcent que es plantegi l\u2019inconvenient de si els problemes cognitius del pacient poden significar un proc\u00e9s de dem\u00e8ncia afegit al trastorn mental de base\u201d.<\/p>\n\n\n\n<figure class=\"wp-block-image size-large\"><img loading=\"lazy\" decoding=\"async\" width=\"1024\" height=\"576\" src=\"https:\/\/hospitalsagratcormartorell.org\/entre-tots\/wp-content\/uploads\/2024\/10\/19bd54f7-bee0-44a8-913c-71553a945bde-1024x576.jpeg\" alt=\"\" class=\"wp-image-9942\" srcset=\"https:\/\/fundaciohospitalariesmartorell.org\/entre-tots\/wp-content\/uploads\/2024\/10\/19bd54f7-bee0-44a8-913c-71553a945bde-1024x576.jpeg 1024w, https:\/\/fundaciohospitalariesmartorell.org\/entre-tots\/wp-content\/uploads\/2024\/10\/19bd54f7-bee0-44a8-913c-71553a945bde-300x169.jpeg 300w, https:\/\/fundaciohospitalariesmartorell.org\/entre-tots\/wp-content\/uploads\/2024\/10\/19bd54f7-bee0-44a8-913c-71553a945bde-768x432.jpeg 768w, https:\/\/fundaciohospitalariesmartorell.org\/entre-tots\/wp-content\/uploads\/2024\/10\/19bd54f7-bee0-44a8-913c-71553a945bde-1320x742.jpeg 1320w, https:\/\/fundaciohospitalariesmartorell.org\/entre-tots\/wp-content\/uploads\/2024\/10\/19bd54f7-bee0-44a8-913c-71553a945bde.jpeg 1334w\" sizes=\"auto, (max-width: 1024px) 100vw, 1024px\" \/><\/figure>\n\n\n\n<p>Durant la seva intervenci\u00f3, el doctor S\u00e1nchez tamb\u00e9 va afirmar que \u00e9s freq\u00fcent que algunes dem\u00e8ncies es presentin inicialment amb alteracions mentals que \u201cfan pensar m\u00e9s aviat en una malaltia psiqui\u00e0trica\u201d, fins que, passat un temps i amb les proves complement\u00e0ries, es pot identificar la dem\u00e8ncia com la causa real del problema.<\/p>\n\n\n\n<p>\u201cEls diagn\u00f2stics psicogeri\u00e0trics tenen una dificultat afegida, ja que moltes vegades se\u2019n solapen diversos en una mateixa persona. Aquest solapament pot ajudar a concretar el diagn\u00f2stic en l\u2019\u00e0rea que s\u2019ajusti m\u00e9s a la realitat del pacient\u201d, va comentar el doctor. En qualsevol cas, \u00e9s important fer un diagn\u00f2stic prec\u00eds, sovint amb la col\u00b7laboraci\u00f3 d\u2019especialistes de disciplines diferents, que aclareixi l\u2019origen dels s\u00edmptomes cognitius i psiqui\u00e0trics i orienti correctament el tractament.<\/p>\n\n\n\n<p>A m\u00e9s, cal destacar que hi ha malalties mentals i trastorns psicol\u00f2gics que poden presentar problemes cognitius, com ara els trastorns d\u2019ansietat, la depressi\u00f3, els trastorns psic\u00f2tics, les alteracions del son, els trastorns de la personalitat (pseudodem\u00e8ncia hist\u00e8rica) i l\u2019ab\u00fas de subst\u00e0ncies. Patir algun d\u2019aquests trastorns s\u2019associa a un risc m\u00e9s alt de desenvolupar dem\u00e8ncia en el futur.<\/p>\n\n\n\n<div class=\"wp-block-stackable-heading stk-block-heading stk-block-heading--v2 stk-block stk-c8e5c93\" id=\"strong-factors-de-risc-strong\" data-block-id=\"c8e5c93\"><h2 class=\"stk-block-heading__text\"><strong>Factors de risc<\/strong><\/h2><\/div>\n\n\n\n<p>Els factors de risc per a les dem\u00e8ncies s\u2019han d\u2019avaluar amb m\u00e9s cura en els trastorns mentals. En aquest sentit, l\u2019expert va destacar que els \u00faltims anys hi ha hagut un augment de la prevalen\u00e7a del consum de t\u00f2xics com l\u2019alcohol i altres drogues. En aquest punt, destaca que \u201cles dem\u00e8ncies secund\u00e0ries a t\u00f2xics i drogues suposen el 10% de les dem\u00e8ncies. A m\u00e9s, la c\u00e0rrega de la dem\u00e8ncia atribu\u00efble nom\u00e9s a l\u2019alcohol \u00e9s molt m\u00e9s gran del que es pensava\u201d, va apuntar l\u2019expert.<\/p>\n\n\n\n<p>Tanmateix, hi ha quadres cl\u00ednics potencialment reversibles. \u201cAmb l\u2019abstin\u00e8ncia es poden observar canvis reversibles en la mielinitzaci\u00f3 en la neuroimatge\u201d, per la qual cosa s\u2019haurien de promoure estrat\u00e8gies preventives per evitar els trastorns cognitius derivats de subst\u00e0ncies t\u00f2xiques.<\/p>\n","protected":false},"excerpt":{"rendered":"<p>El Dr. Manel S\u00e1nchez, coordinador de la Unitat de Psiquiatria Geri\u00e0trica de l&#8217;Hospital Sagrat Cor i president de la Societat Espanyola de Psicogeriatria, va posar \u00e8mfasi en la necessitat de fer un diagn\u00f2stic prec\u00eds i multidisciplinari en les persones ateses amb dem\u00e8ncies, en la seva intervenci\u00f3 al seminari web El problema de la dem\u00e8ncia i [&hellip;]<\/p>\n","protected":false},"author":5,"featured_media":9941,"comment_status":"closed","ping_status":"closed","sticky":false,"template":"","format":"standard","meta":{"footnotes":""},"categories":[27],"tags":[],"class_list":["post-9940","post","type-post","status-publish","format-standard","has-post-thumbnail","hentry","category-actualitat"],"blocksy_meta":[],"featured_image_urls_v2":{"full":["https:\/\/fundaciohospitalariesmartorell.org\/entre-tots\/wp-content\/uploads\/2024\/10\/ba565d32-c11b-4764-8f63-26a632dd6935.jpeg",1334,750,false],"thumbnail":["https:\/\/fundaciohospitalariesmartorell.org\/entre-tots\/wp-content\/uploads\/2024\/10\/ba565d32-c11b-4764-8f63-26a632dd6935-150x150.jpeg",150,150,true],"medium":["https:\/\/fundaciohospitalariesmartorell.org\/entre-tots\/wp-content\/uploads\/2024\/10\/ba565d32-c11b-4764-8f63-26a632dd6935-300x169.jpeg",300,169,true],"medium_large":["https:\/\/fundaciohospitalariesmartorell.org\/entre-tots\/wp-content\/uploads\/2024\/10\/ba565d32-c11b-4764-8f63-26a632dd6935-768x432.jpeg",768,432,true],"large":["https:\/\/fundaciohospitalariesmartorell.org\/entre-tots\/wp-content\/uploads\/2024\/10\/ba565d32-c11b-4764-8f63-26a632dd6935-1024x576.jpeg",1024,576,true],"1536x1536":["https:\/\/fundaciohospitalariesmartorell.org\/entre-tots\/wp-content\/uploads\/2024\/10\/ba565d32-c11b-4764-8f63-26a632dd6935.jpeg",1334,750,false],"2048x2048":["https:\/\/fundaciohospitalariesmartorell.org\/entre-tots\/wp-content\/uploads\/2024\/10\/ba565d32-c11b-4764-8f63-26a632dd6935.jpeg",1334,750,false],"mailpoet_newsletter_max":["https:\/\/fundaciohospitalariesmartorell.org\/entre-tots\/wp-content\/uploads\/2024\/10\/ba565d32-c11b-4764-8f63-26a632dd6935-1320x742.jpeg",1320,742,true]},"post_excerpt_stackable_v2":"<p>El Dr. Manel S\u00e1nchez, coordinador de la Unitat de Psiquiatria Geri\u00e0trica de l&#8217;Hospital Sagrat Cor i president de la Societat Espanyola de Psicogeriatria, va posar \u00e8mfasi en la necessitat de fer un diagn\u00f2stic prec\u00eds i multidisciplinari en les persones ateses amb dem\u00e8ncies, en la seva intervenci\u00f3 al seminari web El problema de la dem\u00e8ncia i la malaltia mental. La sessi\u00f3 va estar organitzada per la Confederaci\u00f3 Espanyola d&#8217;Alzheimer i altres Dem\u00e8ncies (CEAFA) i va tenir lloc el 10 d\u2019octubre. \u201cLes dem\u00e8ncies poden expressar s\u00edmptomes psiqui\u00e0trics i requerir tractaments espec\u00edfics, de la mateixa manera que ho fan els trastorns mentals primaris\u201d,&hellip;<\/p>\n","category_list_v2":"<a href=\"https:\/\/fundaciohospitalariesmartorell.org\/entre-tots\/category\/actualitat\/\" rel=\"category tag\">ACTUALITAT<\/a>","author_info_v2":{"name":"Alba Felip","url":"https:\/\/fundaciohospitalariesmartorell.org\/entre-tots\/author\/afelipr\/"},"comments_num_v2":"0 comments","_links":{"self":[{"href":"https:\/\/fundaciohospitalariesmartorell.org\/entre-tots\/wp-json\/wp\/v2\/posts\/9940","targetHints":{"allow":["GET"]}}],"collection":[{"href":"https:\/\/fundaciohospitalariesmartorell.org\/entre-tots\/wp-json\/wp\/v2\/posts"}],"about":[{"href":"https:\/\/fundaciohospitalariesmartorell.org\/entre-tots\/wp-json\/wp\/v2\/types\/post"}],"author":[{"embeddable":true,"href":"https:\/\/fundaciohospitalariesmartorell.org\/entre-tots\/wp-json\/wp\/v2\/users\/5"}],"replies":[{"embeddable":true,"href":"https:\/\/fundaciohospitalariesmartorell.org\/entre-tots\/wp-json\/wp\/v2\/comments?post=9940"}],"version-history":[{"count":1,"href":"https:\/\/fundaciohospitalariesmartorell.org\/entre-tots\/wp-json\/wp\/v2\/posts\/9940\/revisions"}],"predecessor-version":[{"id":9943,"href":"https:\/\/fundaciohospitalariesmartorell.org\/entre-tots\/wp-json\/wp\/v2\/posts\/9940\/revisions\/9943"}],"wp:featuredmedia":[{"embeddable":true,"href":"https:\/\/fundaciohospitalariesmartorell.org\/entre-tots\/wp-json\/wp\/v2\/media\/9941"}],"wp:attachment":[{"href":"https:\/\/fundaciohospitalariesmartorell.org\/entre-tots\/wp-json\/wp\/v2\/media?parent=9940"}],"wp:term":[{"taxonomy":"category","embeddable":true,"href":"https:\/\/fundaciohospitalariesmartorell.org\/entre-tots\/wp-json\/wp\/v2\/categories?post=9940"},{"taxonomy":"post_tag","embeddable":true,"href":"https:\/\/fundaciohospitalariesmartorell.org\/entre-tots\/wp-json\/wp\/v2\/tags?post=9940"}],"curies":[{"name":"wp","href":"https:\/\/api.w.org\/{rel}","templated":true}]}}