{"id":9944,"date":"2024-10-16T07:23:13","date_gmt":"2024-10-16T06:23:13","guid":{"rendered":"https:\/\/hospitalsagratcormartorell.org\/entre-tots\/?p=9944"},"modified":"2024-11-29T12:03:36","modified_gmt":"2024-11-29T11:03:36","slug":"lhospital-sagrat-cor-simplica-amb-el-dia-de-la-salut-mental-amb-activitats-ludiques-formatives-i-reivindicatives","status":"publish","type":"post","link":"https:\/\/fundaciohospitalariesmartorell.org\/entre-tots\/2024\/10\/lhospital-sagrat-cor-simplica-amb-el-dia-de-la-salut-mental-amb-activitats-ludiques-formatives-i-reivindicatives\/","title":{"rendered":"L&#8217;Hospital Sagrat Cor s&#8217;implica en el Dia de la Salut Mental amb activitats l\u00fadiques, formatives i reivindicatives"},"content":{"rendered":"\n<p>Com cada 10 d&#8217;octubre, l&#8217;Hospital Sagrat Cor va celebrar el Dia de la Salut Mental amb una jornada plena d&#8217;activitats als seus diferents dispositius assistencials. El lema d&#8217;enguany, <em><a href=\"https:\/\/hospitalsagratcormartorell.org\/entre-tots\/2024\/10\/lhospital-sagrat-cor-simplica-en-la-salut-mental-del-seu-personal-collaborador\/\">Treball i salut mental<\/a><\/em>, va posar el focus en aquesta relaci\u00f3 tan important i la necessitat de crear entorns laborals que prioritzin la cura de la salut mental.<\/p>\n\n\n\n<div class=\"wp-block-stackable-heading stk-block-heading stk-block-heading--v2 stk-block stk-e7b4732\" id=\"strong-cineforum-zapatillas-sin-cordones-strong\" data-block-id=\"e7b4732\"><h2 class=\"stk-block-heading__text\"><strong>Cinef\u00f2rum Zapatillas sin cordones<\/strong><\/h2><\/div>\n\n\n\n<p>En el marc del Dia Mundial de la Salut Mental, el passat 22 d&#8217;octubre va tenir lloc a la sala d&#8217;actes de l&#8217;Hospital la projecci\u00f3 del curtmetratge Zapatillas sin cordones, rodat a l&#8217;edifici 9. Aquesta obra, dirigida per Jeny Poquet i protagonitzada per Carmen Podio, aborda les malalties mentals des de la perspectiva de la J\u00falia, la seva protagonista, amb l&#8217;objectiu de trencar estigmes i fer-nos reflexionar sobre la import\u00e0ncia de la salut mental.<\/p>\n\n\n\n<figure class=\"wp-block-image size-large\"><img loading=\"lazy\" decoding=\"async\" width=\"2560\" height=\"1440\" src=\"https:\/\/hospitalsagratcormartorell.org\/entre-tots\/wp-content\/uploads\/2024\/10\/20241022_112255-edited-scaled.jpg\" alt=\"\" class=\"wp-image-10029\" srcset=\"https:\/\/fundaciohospitalariesmartorell.org\/entre-tots\/wp-content\/uploads\/2024\/10\/20241022_112255-edited-scaled.jpg 2560w, https:\/\/fundaciohospitalariesmartorell.org\/entre-tots\/wp-content\/uploads\/2024\/10\/20241022_112255-edited-300x169.jpg 300w, https:\/\/fundaciohospitalariesmartorell.org\/entre-tots\/wp-content\/uploads\/2024\/10\/20241022_112255-edited-1024x576.jpg 1024w, https:\/\/fundaciohospitalariesmartorell.org\/entre-tots\/wp-content\/uploads\/2024\/10\/20241022_112255-edited-768x432.jpg 768w, https:\/\/fundaciohospitalariesmartorell.org\/entre-tots\/wp-content\/uploads\/2024\/10\/20241022_112255-edited-1536x864.jpg 1536w, https:\/\/fundaciohospitalariesmartorell.org\/entre-tots\/wp-content\/uploads\/2024\/10\/20241022_112255-edited-2048x1152.jpg 2048w, https:\/\/fundaciohospitalariesmartorell.org\/entre-tots\/wp-content\/uploads\/2024\/10\/20241022_112255-edited-1320x743.jpg 1320w\" sizes=\"auto, (max-width: 2560px) 100vw, 2560px\" \/><\/figure>\n\n\n\n<p>Despr\u00e9s de la projecci\u00f3 es va obrir un espai per al debat i la reflexi\u00f3 amb la pres\u00e8ncia de la directora, una de les actrius del curt, la Dra. N\u00faria Jaurrieta, coordinadora de la Unitat Integrat de Recuperaci\u00f3 dels TCA i David Juanes, coordinador de l&#8217;\u00c0rea de Rehabilitaci\u00f3 en Salut Mental. Cal destacar la forta implicaci\u00f3 de les persones assistents, moltes de les quals van expressar sentir-se interpel\u00b7lades i agra\u00efdes.<\/p>\n\n\n\n<div class=\"wp-block-stackable-heading stk-block-heading stk-block-heading--v2 stk-block stk-1df8b3e\" id=\"strong-i-marxa-per-la-salut-mental-de-martorell-strong\" data-block-id=\"1df8b3e\"><h2 class=\"stk-block-heading__text\"><strong>I Marxa per la Salut Mental de Martorell<\/strong><\/h2><\/div>\n\n\n\n<p>El Servei de Rehabilitaci\u00f3 Comunit\u00e0ria, l\u2019Hospital de Dia i la Unitat Funcional de Martorell van organitzar la I Marxa dels serveis comunitaris de Martorell per la Salut Mental. L&#8217;objectiu principal d&#8217;aquesta jornada va ser enfortir els vincles entre les persones usu\u00e0ries, els seus familiars i el personal col\u00b7laborador de les tres unitats, aix\u00ed com sensibilitzar la comunitat sobre la import\u00e0ncia de la salut mental. Amb m\u00e9s de cinquanta participants, l&#8217;esdeveniment va ser un \u00e8xit, amb un ambient acollidor i activitats ben valorades.<\/p>\n\n\n\n<div class=\"wp-block-stackable-carousel stk-block-carousel stk--is-slide stk--arrows-justify-space-between stk--arrows-align-center stk-block stk-a898b7d\" data-slides-to-show=\"\" data-block-id=\"a898b7d\"><div class=\"stk-block-carousel__content-wrapper\"><div class=\"stk-row stk-inner-blocks stk-block-content stk-block-carousel__slider-wrapper stk-content-align stk-a898b7d-column\"><div class=\"stk-block-carousel__slider\" role=\"list\" data-autoplay=\"4000\" data-label-slide-of=\"Slide %%d of %%d\">\n<div class=\"wp-block-stackable-column stk-block-column stk-column stk-block stk-adef6c7\" data-v=\"4\" data-block-id=\"adef6c7\"><div class=\"stk-column-wrapper stk-block-column__content stk-container stk-adef6c7-container stk--no-background stk--no-padding\"><div class=\"stk-block-content stk-inner-blocks stk-adef6c7-inner-blocks\">\n<figure class=\"wp-block-image size-large\"><img loading=\"lazy\" decoding=\"async\" width=\"1024\" height=\"462\" src=\"https:\/\/hospitalsagratcormartorell.org\/entre-tots\/wp-content\/uploads\/2024\/10\/b9abed72-5df4-4705-9721-b586944ef00b-1024x462.jpeg\" alt=\"\" class=\"wp-image-9945\" style=\"aspect-ratio:16\/9;object-fit:cover\" srcset=\"https:\/\/fundaciohospitalariesmartorell.org\/entre-tots\/wp-content\/uploads\/2024\/10\/b9abed72-5df4-4705-9721-b586944ef00b-1024x462.jpeg 1024w, https:\/\/fundaciohospitalariesmartorell.org\/entre-tots\/wp-content\/uploads\/2024\/10\/b9abed72-5df4-4705-9721-b586944ef00b-300x135.jpeg 300w, https:\/\/fundaciohospitalariesmartorell.org\/entre-tots\/wp-content\/uploads\/2024\/10\/b9abed72-5df4-4705-9721-b586944ef00b-768x346.jpeg 768w, https:\/\/fundaciohospitalariesmartorell.org\/entre-tots\/wp-content\/uploads\/2024\/10\/b9abed72-5df4-4705-9721-b586944ef00b-1536x692.jpeg 1536w, https:\/\/fundaciohospitalariesmartorell.org\/entre-tots\/wp-content\/uploads\/2024\/10\/b9abed72-5df4-4705-9721-b586944ef00b-1320x595.jpeg 1320w, https:\/\/fundaciohospitalariesmartorell.org\/entre-tots\/wp-content\/uploads\/2024\/10\/b9abed72-5df4-4705-9721-b586944ef00b.jpeg 2048w\" sizes=\"auto, (max-width: 1024px) 100vw, 1024px\" \/><\/figure>\n<\/div><\/div><\/div>\n\n\n\n<div class=\"wp-block-stackable-column stk-block-column stk-column stk-block stk-0a4d817\" data-v=\"4\" data-block-id=\"0a4d817\"><div class=\"stk-column-wrapper stk-block-column__content stk-container stk-0a4d817-container stk--no-background stk--no-padding\"><div class=\"stk-block-content stk-inner-blocks stk-0a4d817-inner-blocks\">\n<figure class=\"wp-block-image size-large\"><img loading=\"lazy\" decoding=\"async\" width=\"1200\" height=\"675\" src=\"https:\/\/hospitalsagratcormartorell.org\/entre-tots\/wp-content\/uploads\/2024\/10\/34e96075-4df1-47d8-9ac8-5541e1cb78ff-edited.jpeg\" alt=\"\" class=\"wp-image-9967\" style=\"aspect-ratio:16\/9;object-fit:cover\" srcset=\"https:\/\/fundaciohospitalariesmartorell.org\/entre-tots\/wp-content\/uploads\/2024\/10\/34e96075-4df1-47d8-9ac8-5541e1cb78ff-edited.jpeg 1200w, https:\/\/fundaciohospitalariesmartorell.org\/entre-tots\/wp-content\/uploads\/2024\/10\/34e96075-4df1-47d8-9ac8-5541e1cb78ff-edited-300x169.jpeg 300w, https:\/\/fundaciohospitalariesmartorell.org\/entre-tots\/wp-content\/uploads\/2024\/10\/34e96075-4df1-47d8-9ac8-5541e1cb78ff-edited-1024x576.jpeg 1024w, https:\/\/fundaciohospitalariesmartorell.org\/entre-tots\/wp-content\/uploads\/2024\/10\/34e96075-4df1-47d8-9ac8-5541e1cb78ff-edited-768x432.jpeg 768w\" sizes=\"auto, (max-width: 1200px) 100vw, 1200px\" \/><\/figure>\n<\/div><\/div><\/div>\n\n\n\n<div class=\"wp-block-stackable-column stk-block-column stk-column stk-block stk-d43c37c\" data-v=\"4\" data-block-id=\"d43c37c\"><div class=\"stk-column-wrapper stk-block-column__content stk-container stk-d43c37c-container stk--no-background stk--no-padding\"><div class=\"stk-block-content stk-inner-blocks stk-d43c37c-inner-blocks\">\n<figure class=\"wp-block-image size-large\"><img loading=\"lazy\" decoding=\"async\" width=\"1200\" height=\"675\" src=\"https:\/\/hospitalsagratcormartorell.org\/entre-tots\/wp-content\/uploads\/2024\/10\/09a6a284-bdb1-4666-9862-93b8346ae1e6-edited.jpeg\" alt=\"\" class=\"wp-image-9968\" style=\"aspect-ratio:16\/9;object-fit:cover\" srcset=\"https:\/\/fundaciohospitalariesmartorell.org\/entre-tots\/wp-content\/uploads\/2024\/10\/09a6a284-bdb1-4666-9862-93b8346ae1e6-edited.jpeg 1200w, https:\/\/fundaciohospitalariesmartorell.org\/entre-tots\/wp-content\/uploads\/2024\/10\/09a6a284-bdb1-4666-9862-93b8346ae1e6-edited-300x169.jpeg 300w, https:\/\/fundaciohospitalariesmartorell.org\/entre-tots\/wp-content\/uploads\/2024\/10\/09a6a284-bdb1-4666-9862-93b8346ae1e6-edited-1024x576.jpeg 1024w, https:\/\/fundaciohospitalariesmartorell.org\/entre-tots\/wp-content\/uploads\/2024\/10\/09a6a284-bdb1-4666-9862-93b8346ae1e6-edited-768x432.jpeg 768w\" sizes=\"auto, (max-width: 1200px) 100vw, 1200px\" \/><\/figure>\n<\/div><\/div><\/div>\n\n\n\n<div class=\"wp-block-stackable-column stk-block-column stk-column stk-block stk-933c10e\" data-v=\"4\" data-block-id=\"933c10e\"><div class=\"stk-column-wrapper stk-block-column__content stk-container stk-933c10e-container stk--no-background stk--no-padding\"><div class=\"stk-block-content stk-inner-blocks stk-933c10e-inner-blocks\">\n<figure class=\"wp-block-image size-large\"><img loading=\"lazy\" decoding=\"async\" width=\"900\" height=\"506\" src=\"https:\/\/hospitalsagratcormartorell.org\/entre-tots\/wp-content\/uploads\/2024\/10\/da9eb4df-b4b3-405f-8c75-e3e628091db0-edited.jpeg\" alt=\"\" class=\"wp-image-9966\" style=\"aspect-ratio:16\/9;object-fit:cover\" srcset=\"https:\/\/fundaciohospitalariesmartorell.org\/entre-tots\/wp-content\/uploads\/2024\/10\/da9eb4df-b4b3-405f-8c75-e3e628091db0-edited.jpeg 900w, https:\/\/fundaciohospitalariesmartorell.org\/entre-tots\/wp-content\/uploads\/2024\/10\/da9eb4df-b4b3-405f-8c75-e3e628091db0-edited-300x169.jpeg 300w, https:\/\/fundaciohospitalariesmartorell.org\/entre-tots\/wp-content\/uploads\/2024\/10\/da9eb4df-b4b3-405f-8c75-e3e628091db0-edited-768x432.jpeg 768w\" sizes=\"auto, (max-width: 900px) 100vw, 900px\" \/><\/figure>\n<\/div><\/div><\/div>\n<\/div><div class=\"stk-block-carousel__buttons\"><button class=\"stk-block-carousel__button stk-block-carousel__button__prev\" aria-label=\"Previous slide\"><svg aria-hidden=\"true\" focusable=\"false\" data-prefix=\"fas\" data-icon=\"chevron-left\" class=\"svg-inline--fa fa-chevron-left\" xmlns=\"http:\/\/www.w3.org\/2000\/svg\" viewBox=\"0 0 320 512\" width=\"32\" height=\"32\"><path d=\"M34.52 239.03L228.87 44.69c9.37-9.37 24.57-9.37 33.94 0l22.67 22.67c9.36 9.36 9.37 24.52.04 33.9L131.49 256l154.02 154.75c9.34 9.38 9.32 24.54-.04 33.9l-22.67 22.67c-9.37 9.37-24.57 9.37-33.94 0L34.52 272.97c-9.37-9.37-9.37-24.57 0-33.94z\"><\/path><\/svg><\/button><button class=\"stk-block-carousel__button stk-block-carousel__button__next\" aria-label=\"Next slide\"><svg aria-hidden=\"true\" focusable=\"false\" data-prefix=\"fas\" data-icon=\"chevron-right\" class=\"svg-inline--fa fa-chevron-right\" xmlns=\"http:\/\/www.w3.org\/2000\/svg\" viewBox=\"0 0 320 512\" width=\"32\" height=\"32\"><path d=\"M285.476 272.971L91.132 467.314c-9.373 9.373-24.569 9.373-33.941 0l-22.667-22.667c-9.357-9.357-9.375-24.522-.04-33.901L188.505 256 34.484 101.255c-9.335-9.379-9.317-24.544.04-33.901l22.667-22.667c9.373-9.373 24.569-9.373 33.941 0L285.475 239.03c9.373 9.372 9.373 24.568.001 33.941z\"><\/path><\/svg><\/button><\/div><\/div><div class=\"stk-block-carousel__dots\" role=\"list\" data-label=\"Slide %%d\"><\/div><\/div><\/div>\n\n\n\n<p>Aquestes activitats es van fer en un ambient de col\u00b7laboraci\u00f3 i comunitat, i van permetre a les persones participants con\u00e8ixer millor l\u2019entorn i fomentar h\u00e0bits saludables. Tamb\u00e9 es va aprofitar l&#8217;ocasi\u00f3 per donar a con\u00e8ixer els serveis assistencials comunitaris de salut mental, i per acostar la instituci\u00f3 de Germanes Hospital\u00e0ries a la comunitat.<\/p>\n\n\n\n<div class=\"wp-block-stackable-heading stk-block-heading stk-block-heading--v2 stk-block stk-ead7311\" id=\"strong-berga-capital-catalana-de-la-salut-mental-strong\" data-block-id=\"ead7311\"><h2 class=\"stk-block-heading__text\"><strong>Berga, capital catalana de la salut mental<\/strong><\/h2><\/div>\n\n\n\n<p>Enguany, Berga ha estat la capital catalana de la salut mental, acollint l\u2019acte central del Dia Mundial organitzat per la Federaci\u00f3 Salut Mental Catalunya i amb la finalitat&nbsp;sensibilitzar i reivindicar els drets de persones amb algun trastorn de salut mental&nbsp;en tots els \u00e0mbits, per\u00f2 especialment en el&nbsp;laboral.<\/p>\n\n\n\n<p>Entre les m\u00faltiples activitats en les quals han participat els Serveis de Salut Mental del Bergued\u00e0, destacar que el passat divendres 27 de setembre es va presentar al Pavell\u00f3 de Su\u00e8cia de Berga la Taula de Salut Mental del Bergued\u00e0, un projecte que es consolida com a espai de trobada i coordinaci\u00f3 entre les persones i entitats que treballen per la salut mental al territori. Trobareu m\u00e9s informaci\u00f3 <a href=\"https:\/\/hospitalsagratcormartorell.org\/entre-tots\/2024\/09\/taula-salut-mental-berga\/\" target=\"_blank\" rel=\"noreferrer noopener\">aqu\u00ed<\/a>.<\/p>\n\n\n\n<figure class=\"wp-block-image size-large\"><img loading=\"lazy\" decoding=\"async\" width=\"1024\" height=\"450\" src=\"https:\/\/hospitalsagratcormartorell.org\/entre-tots\/wp-content\/uploads\/2024\/09\/thumbnail_IMG_20240927_141819-1024x450.jpg\" alt=\"\" class=\"wp-image-9879\" srcset=\"https:\/\/fundaciohospitalariesmartorell.org\/entre-tots\/wp-content\/uploads\/2024\/09\/thumbnail_IMG_20240927_141819-1024x450.jpg 1024w, https:\/\/fundaciohospitalariesmartorell.org\/entre-tots\/wp-content\/uploads\/2024\/09\/thumbnail_IMG_20240927_141819-300x132.jpg 300w, https:\/\/fundaciohospitalariesmartorell.org\/entre-tots\/wp-content\/uploads\/2024\/09\/thumbnail_IMG_20240927_141819-768x337.jpg 768w, https:\/\/fundaciohospitalariesmartorell.org\/entre-tots\/wp-content\/uploads\/2024\/09\/thumbnail_IMG_20240927_141819-1536x674.jpg 1536w, https:\/\/fundaciohospitalariesmartorell.org\/entre-tots\/wp-content\/uploads\/2024\/09\/thumbnail_IMG_20240927_141819-1320x580.jpg 1320w, https:\/\/fundaciohospitalariesmartorell.org\/entre-tots\/wp-content\/uploads\/2024\/09\/thumbnail_IMG_20240927_141819.jpg 1920w\" sizes=\"auto, (max-width: 1024px) 100vw, 1024px\" \/><\/figure>\n\n\n\n<p>La caminada per la salut mental, el mateix 10 d&#8217;octubre, tamb\u00e9 va ser un gran \u00e8xit, amb la participaci\u00f3 d&#8217;unes 70 persones vinculades a col\u00b7lectius i entitats de salut mental. La jornada va comen\u00e7ar amb una sessi\u00f3 d&#8217;estiraments dirigida per un fisioterapeuta d&#8217;atenci\u00f3 prim\u00e0ria, per preparar f\u00edsicament els participants. Despr\u00e9s de la caminada, es va oferir un esmorzar col\u00b7lectiu organitzat per l&#8217;Associaci\u00f3 de Familiars i Amics de Malalts Mentals (ASFAM) de Berga.<\/p>\n\n\n\n<div class=\"wp-block-stackable-carousel stk-block-carousel stk--is-slide stk--arrows-justify-space-between stk--arrows-align-center stk-block stk-02df8c3\" data-slides-to-show=\"\" data-block-id=\"02df8c3\"><div class=\"stk-block-carousel__content-wrapper\"><div class=\"stk-row stk-inner-blocks stk-block-content stk-block-carousel__slider-wrapper stk-content-align stk-02df8c3-column\"><div class=\"stk-block-carousel__slider\" role=\"list\" data-autoplay=\"4000\" data-label-slide-of=\"Slide %%d of %%d\">\n<div class=\"wp-block-stackable-column stk-block-column stk-column stk-block stk-745b206\" data-v=\"4\" data-block-id=\"745b206\"><div class=\"stk-column-wrapper stk-block-column__content stk-container stk-745b206-container stk--no-background stk--no-padding\"><div class=\"stk-block-content stk-inner-blocks stk-745b206-inner-blocks\">\n<figure class=\"wp-block-image size-large\"><img loading=\"lazy\" decoding=\"async\" width=\"1024\" height=\"450\" src=\"https:\/\/hospitalsagratcormartorell.org\/entre-tots\/wp-content\/uploads\/2024\/10\/1728559705525-1024x450.jpg\" alt=\"\" class=\"wp-image-9949\" srcset=\"https:\/\/fundaciohospitalariesmartorell.org\/entre-tots\/wp-content\/uploads\/2024\/10\/1728559705525-1024x450.jpg 1024w, https:\/\/fundaciohospitalariesmartorell.org\/entre-tots\/wp-content\/uploads\/2024\/10\/1728559705525-300x132.jpg 300w, https:\/\/fundaciohospitalariesmartorell.org\/entre-tots\/wp-content\/uploads\/2024\/10\/1728559705525-768x337.jpg 768w, https:\/\/fundaciohospitalariesmartorell.org\/entre-tots\/wp-content\/uploads\/2024\/10\/1728559705525-1536x675.jpg 1536w, https:\/\/fundaciohospitalariesmartorell.org\/entre-tots\/wp-content\/uploads\/2024\/10\/1728559705525-2048x900.jpg 2048w, https:\/\/fundaciohospitalariesmartorell.org\/entre-tots\/wp-content\/uploads\/2024\/10\/1728559705525-1320x580.jpg 1320w\" sizes=\"auto, (max-width: 1024px) 100vw, 1024px\" \/><\/figure>\n<\/div><\/div><\/div>\n\n\n\n<div class=\"wp-block-stackable-column stk-block-column stk-column stk-block stk-7a932d4\" data-v=\"4\" data-block-id=\"7a932d4\"><div class=\"stk-column-wrapper stk-block-column__content stk-container stk-7a932d4-container stk--no-background stk--no-padding\"><div class=\"stk-block-content stk-inner-blocks stk-7a932d4-inner-blocks\">\n<figure class=\"wp-block-image size-large\"><img loading=\"lazy\" decoding=\"async\" width=\"1024\" height=\"452\" src=\"https:\/\/hospitalsagratcormartorell.org\/entre-tots\/wp-content\/uploads\/2024\/10\/1728559994589-1024x452.jpg\" alt=\"\" class=\"wp-image-9950\" srcset=\"https:\/\/fundaciohospitalariesmartorell.org\/entre-tots\/wp-content\/uploads\/2024\/10\/1728559994589-1024x452.jpg 1024w, https:\/\/fundaciohospitalariesmartorell.org\/entre-tots\/wp-content\/uploads\/2024\/10\/1728559994589-300x132.jpg 300w, https:\/\/fundaciohospitalariesmartorell.org\/entre-tots\/wp-content\/uploads\/2024\/10\/1728559994589-768x339.jpg 768w, https:\/\/fundaciohospitalariesmartorell.org\/entre-tots\/wp-content\/uploads\/2024\/10\/1728559994589-1536x678.jpg 1536w, https:\/\/fundaciohospitalariesmartorell.org\/entre-tots\/wp-content\/uploads\/2024\/10\/1728559994589-2048x904.jpg 2048w, https:\/\/fundaciohospitalariesmartorell.org\/entre-tots\/wp-content\/uploads\/2024\/10\/1728559994589-1320x582.jpg 1320w\" sizes=\"auto, (max-width: 1024px) 100vw, 1024px\" \/><\/figure>\n<\/div><\/div><\/div>\n\n\n\n<div class=\"wp-block-stackable-column stk-block-column stk-column stk-block stk-4ca5a3c\" data-v=\"4\" data-block-id=\"4ca5a3c\"><div class=\"stk-column-wrapper stk-block-column__content stk-container stk-4ca5a3c-container stk--no-background stk--no-padding\"><div class=\"stk-block-content stk-inner-blocks stk-4ca5a3c-inner-blocks\">\n<figure class=\"wp-block-image size-large\"><img loading=\"lazy\" decoding=\"async\" width=\"1024\" height=\"450\" src=\"https:\/\/hospitalsagratcormartorell.org\/entre-tots\/wp-content\/uploads\/2024\/10\/1728560039171-3-1024x450.jpg\" alt=\"\" class=\"wp-image-9951\" srcset=\"https:\/\/fundaciohospitalariesmartorell.org\/entre-tots\/wp-content\/uploads\/2024\/10\/1728560039171-3-1024x450.jpg 1024w, https:\/\/fundaciohospitalariesmartorell.org\/entre-tots\/wp-content\/uploads\/2024\/10\/1728560039171-3-300x132.jpg 300w, https:\/\/fundaciohospitalariesmartorell.org\/entre-tots\/wp-content\/uploads\/2024\/10\/1728560039171-3-768x337.jpg 768w, https:\/\/fundaciohospitalariesmartorell.org\/entre-tots\/wp-content\/uploads\/2024\/10\/1728560039171-3-1536x675.jpg 1536w, https:\/\/fundaciohospitalariesmartorell.org\/entre-tots\/wp-content\/uploads\/2024\/10\/1728560039171-3-2048x900.jpg 2048w, https:\/\/fundaciohospitalariesmartorell.org\/entre-tots\/wp-content\/uploads\/2024\/10\/1728560039171-3-1320x580.jpg 1320w\" sizes=\"auto, (max-width: 1024px) 100vw, 1024px\" \/><\/figure>\n<\/div><\/div><\/div>\n<\/div><div class=\"stk-block-carousel__buttons\"><button class=\"stk-block-carousel__button stk-block-carousel__button__prev\" aria-label=\"Previous slide\"><svg aria-hidden=\"true\" focusable=\"false\" data-prefix=\"fas\" data-icon=\"chevron-left\" class=\"svg-inline--fa fa-chevron-left\" xmlns=\"http:\/\/www.w3.org\/2000\/svg\" viewBox=\"0 0 320 512\" width=\"32\" height=\"32\"><path d=\"M34.52 239.03L228.87 44.69c9.37-9.37 24.57-9.37 33.94 0l22.67 22.67c9.36 9.36 9.37 24.52.04 33.9L131.49 256l154.02 154.75c9.34 9.38 9.32 24.54-.04 33.9l-22.67 22.67c-9.37 9.37-24.57 9.37-33.94 0L34.52 272.97c-9.37-9.37-9.37-24.57 0-33.94z\"><\/path><\/svg><\/button><button class=\"stk-block-carousel__button stk-block-carousel__button__next\" aria-label=\"Next slide\"><svg aria-hidden=\"true\" focusable=\"false\" data-prefix=\"fas\" data-icon=\"chevron-right\" class=\"svg-inline--fa fa-chevron-right\" xmlns=\"http:\/\/www.w3.org\/2000\/svg\" viewBox=\"0 0 320 512\" width=\"32\" height=\"32\"><path d=\"M285.476 272.971L91.132 467.314c-9.373 9.373-24.569 9.373-33.941 0l-22.667-22.667c-9.357-9.357-9.375-24.522-.04-33.901L188.505 256 34.484 101.255c-9.335-9.379-9.317-24.544.04-33.901l22.667-22.667c9.373-9.373 24.569-9.373 33.941 0L285.475 239.03c9.373 9.372 9.373 24.568.001 33.941z\"><\/path><\/svg><\/button><\/div><\/div><div class=\"stk-block-carousel__dots\" role=\"list\" data-label=\"Slide %%d\"><\/div><\/div><\/div>\n\n\n\n<p>La jornada es va tancar amb una activitat de <em>Basket Beat<\/em>, que va combinar esport i m\u00fasica per promoure la cohesi\u00f3 de grup i el benestar mental a trav\u00e9s del moviment i la interacci\u00f3. Unes 40 persones van participar-hi. L&#8217;esdeveniment va sensibilitzar la comunitat de Berga sobre la salut mental, tot oferint una experi\u00e8ncia enriquidora i saludable per a tots els assistents.<\/p>\n\n\n\n<div class=\"wp-block-stackable-heading stk-block-heading stk-block-heading--v2 stk-block stk-4f0d694\" id=\"strong-la-transformacio-de-la-llarga-estada-psiquiatrica-del-sagrat-cor-a-les-viii-jornades-de-la-xarxa-de-salut-mental-del-parc-sanitari-sjd-strong\" data-block-id=\"4f0d694\"><h2 class=\"stk-block-heading__text\"><strong>La transformaci\u00f3 de la llarga estada psiqui\u00e0trica del Sagrat Cor a les VIII Jornades de la Xarxa de Salut Mental del Parc Sanitari SJD<\/strong><\/h2><\/div>\n\n\n\n<p>La transformaci\u00f3 de les unitats de llarga estada psiqui\u00e0trica de l&#8217;Hospital Sagrat Cor, juntament amb el proc\u00e9s de reducci\u00f3 de llits i els canvis implementats a les unitats de rehabilitaci\u00f3, ha estat l&#8217;eix vertebrador de la participaci\u00f3 de David Juanes, Coordinador de l\u2019\u00c0rea de Rehabilitaci\u00f3 del nostre hospital, a les <a href=\"https:\/\/www.pssjd.org\/el-sector-social-i-sanitari-conclou-que-la-collaboracio-mutua-i-la-reduccio-de-la-llarga-estada-son-la-clau-del-nou-model-datencio-a-la-salut-mental\">VIII Jornades de la Xarxa de Salut Mental del Parc Sanitari de Sant Joan de D\u00e9u<\/a>. Aquestes jornades, celebrades el dijous 10 d&#8217;octubre sota el lema \u201cEntorns canviats, societats vulnerables\u201d, van oferir un interessant f\u00f2rum de debat i reflexi\u00f3 sobre la millora cont\u00ednua dels serveis de salut mental del territori.<\/p>\n\n\n\n<figure class=\"wp-block-image size-large\"><img loading=\"lazy\" decoding=\"async\" width=\"1024\" height=\"768\" src=\"https:\/\/hospitalsagratcormartorell.org\/entre-tots\/wp-content\/uploads\/2024\/10\/54099138-42a8-46d9-837a-abfd905967e0-1024x768.jpeg\" alt=\"\" class=\"wp-image-9953\" style=\"aspect-ratio:16\/9;object-fit:cover\" srcset=\"https:\/\/fundaciohospitalariesmartorell.org\/entre-tots\/wp-content\/uploads\/2024\/10\/54099138-42a8-46d9-837a-abfd905967e0-1024x768.jpeg 1024w, https:\/\/fundaciohospitalariesmartorell.org\/entre-tots\/wp-content\/uploads\/2024\/10\/54099138-42a8-46d9-837a-abfd905967e0-300x225.jpeg 300w, https:\/\/fundaciohospitalariesmartorell.org\/entre-tots\/wp-content\/uploads\/2024\/10\/54099138-42a8-46d9-837a-abfd905967e0-768x576.jpeg 768w, https:\/\/fundaciohospitalariesmartorell.org\/entre-tots\/wp-content\/uploads\/2024\/10\/54099138-42a8-46d9-837a-abfd905967e0-1536x1152.jpeg 1536w, https:\/\/fundaciohospitalariesmartorell.org\/entre-tots\/wp-content\/uploads\/2024\/10\/54099138-42a8-46d9-837a-abfd905967e0-2048x1536.jpeg 2048w, https:\/\/fundaciohospitalariesmartorell.org\/entre-tots\/wp-content\/uploads\/2024\/10\/54099138-42a8-46d9-837a-abfd905967e0-1320x990.jpeg 1320w\" sizes=\"auto, (max-width: 1024px) 100vw, 1024px\" \/><\/figure>\n\n\n\n<p>David Juanes va intervenir en la taula dedicada a \u201cL\u2019abordatge de la Cronicitat: Experi\u00e8ncies en Salut Mental\u201d, on va compartir coneixements amb professionals de l&#8217;Institut d\u2019Assist\u00e8ncia Sanit\u00e0ria i del mateix Parc Sanitari Sant Joan de D\u00e9u. En la seva intervenci\u00f3, va destacar la nostra experi\u00e8ncia en la transformaci\u00f3 de les unitats de llarga estada, subratllant la necessitat d\u2019oferir un tractament intensiu, limitat en el temps, basat en el model de recuperaci\u00f3 i en el respecte als drets de la ciutadania.<\/p>\n\n\n\n<div class=\"wp-block-stackable-heading stk-block-heading stk-block-heading--v2 stk-block stk-020df05\" id=\"strong-convivencia-i-reflexio-a-l-alt-penedes-amb-una-mirada-al-biaix-de-genere-en-salut-mental-strong\" data-block-id=\"020df05\"><h2 class=\"stk-block-heading__text\"><strong>Conviv\u00e8ncia i reflexi\u00f3 a l\u2019Alt Pened\u00e8s amb una mirada al biaix de g\u00e8nere en salut mental<\/strong><\/h2><\/div>\n\n\n\n<p>A l&#8217;Alt Pened\u00e8s, les activitats per commemorar el Dia Mundial de la Salut Mental van incloure un refrigeri organitzat pel SRC, on les persones usu\u00e0ries del servei es van reunir per compartir un moment de conviv\u00e8ncia i reflexi\u00f3. A mesura que va anar avan\u00e7ant la jornada, es van sumar altres usuaris i usu\u00e0ries de l&#8217;Hospital de Dia, creant un espai de trobada que va enfortir els vincles entre ells i els professionals. Aquestes iniciatives promouen un ambient inclusiu i de suport, destacant la import\u00e0ncia de la salut mental mitjan\u00e7ant el treball en comunitat i el foment de relacions interpersonals positives.<\/p>\n\n\n\n<p>A la tarda, Esther Serret, psic\u00f2loga adjunta de l\u2019HDA i el CSMA, i Pilar Muley, coordinadora d\u2019atenci\u00f3 comunit\u00e0ria en Salut Mental de l\u2019Alt Pened\u00e8s, van participar en la presentaci\u00f3 del llibre <em>Ets una exagerada. Biaix de g\u00e8nere i sexe en salut<\/em>, juntament amb les autores, Isabel Muntan\u00e9 i Blanca Coll-Vinent.<\/p>\n\n\n\n<figure class=\"wp-block-image size-large\"><img loading=\"lazy\" decoding=\"async\" width=\"1024\" height=\"768\" src=\"https:\/\/hospitalsagratcormartorell.org\/entre-tots\/wp-content\/uploads\/2024\/10\/20241010_183858-1024x768.jpg\" alt=\"\" class=\"wp-image-9954\" style=\"aspect-ratio:16\/9;object-fit:cover\" srcset=\"https:\/\/fundaciohospitalariesmartorell.org\/entre-tots\/wp-content\/uploads\/2024\/10\/20241010_183858-1024x768.jpg 1024w, https:\/\/fundaciohospitalariesmartorell.org\/entre-tots\/wp-content\/uploads\/2024\/10\/20241010_183858-300x225.jpg 300w, https:\/\/fundaciohospitalariesmartorell.org\/entre-tots\/wp-content\/uploads\/2024\/10\/20241010_183858-768x576.jpg 768w, https:\/\/fundaciohospitalariesmartorell.org\/entre-tots\/wp-content\/uploads\/2024\/10\/20241010_183858-1536x1152.jpg 1536w, https:\/\/fundaciohospitalariesmartorell.org\/entre-tots\/wp-content\/uploads\/2024\/10\/20241010_183858-2048x1536.jpg 2048w, https:\/\/fundaciohospitalariesmartorell.org\/entre-tots\/wp-content\/uploads\/2024\/10\/20241010_183858-1320x990.jpg 1320w\" sizes=\"auto, (max-width: 1024px) 100vw, 1024px\" \/><\/figure>\n\n\n\n<div class=\"wp-block-stackable-heading stk-block-heading stk-block-heading--v2 stk-block stk-da05ff9\" id=\"strong-curtmetratge-sobre-salut-mental-i-curs-de-formacio-a-la-policia-local-a-olesa-de-montserrat-strong\" data-block-id=\"da05ff9\"><h2 class=\"stk-block-heading__text\"><strong>Curtmetratge sobre salut mental i curs de formaci\u00f3 a la policia local a Olesa de Montserrat<\/strong><\/h2><\/div>\n\n\n\n<p>A Olesa de Montserrat, dins del marc de les activitats per commemorar el Dia Mundial de la Salut Mental, es va programar una projecci\u00f3 especial per aprofundir en la reflexi\u00f3 sobre la salut mental. El dimecres 16 d\u2019octubre, a les 19 h, es va projectar el curtmetratge <em>Zapatillas sin cordones<\/em>, dirigit per Jeny Poquet i rodat a l&#8217;Hospital Sagrat Cor. Despr\u00e9s de la projecci\u00f3, es va celebrar una taula rodona amb la participaci\u00f3 de la directora del curt, juntament amb N\u00faria Jaurrieta, psic\u00f2loga i coordinadora de la Unitat Integral de Recuperaci\u00f3 dels TCA, Ismale Garcia, Educador social de la UFRPV i una persona atesa, que va compartir la seva experi\u00e8ncia personal en el proc\u00e9s de recuperaci\u00f3. Aquesta activitat va oferir un espai de di\u00e0leg per sensibilitzar sobre la salut mental, combinant l&#8217;expressi\u00f3 art\u00edstica amb una visi\u00f3 cl\u00ednica i l&#8217;experi\u00e8ncia directa d&#8217;una persona afectada.<\/p>\n\n\n\n<p>D\u2019altra banda, el dia 10 d&#8217;octubre, es va organitzar el I Taller de Salut Mental i Policia Local, que es va dur a terme a la sala de plens de l&#8217;Ajuntament d&#8217;Olesa, i en el qual van participar al voltant de 25 agents de la zona del Baix Llobregat. L\u2019activitat tenia com a objectiu oferir unes nocions b\u00e0siques de psicopatologia, centrant-se en els trastorns m\u00e9s freq\u00fcents que donen lloc a situacions de crisi i com manejar-les adequadament.<\/p>\n\n\n\n<div class=\"wp-block-stackable-carousel stk-block-carousel stk--is-slide stk--arrows-justify-space-between stk--arrows-align-center stk-block stk-ae8afc1\" data-slides-to-show=\"\" data-block-id=\"ae8afc1\"><div class=\"stk-block-carousel__content-wrapper\"><div class=\"stk-row stk-inner-blocks stk-block-content stk-block-carousel__slider-wrapper stk-content-align stk-ae8afc1-column\"><div class=\"stk-block-carousel__slider\" role=\"list\" data-autoplay=\"4000\" data-label-slide-of=\"Slide %%d of %%d\">\n<div class=\"wp-block-stackable-column stk-block-column stk-column stk-block stk-4462f3a\" data-v=\"4\" data-block-id=\"4462f3a\"><div class=\"stk-column-wrapper stk-block-column__content stk-container stk-4462f3a-container stk--no-background stk--no-padding\"><div class=\"stk-block-content stk-inner-blocks stk-4462f3a-inner-blocks\">\n<figure class=\"wp-block-image size-large\"><img loading=\"lazy\" decoding=\"async\" width=\"1024\" height=\"768\" src=\"https:\/\/hospitalsagratcormartorell.org\/entre-tots\/wp-content\/uploads\/2024\/10\/photo_2024-10-10_14-23-56-1024x768.jpg\" alt=\"\" class=\"wp-image-9955\" style=\"aspect-ratio:16\/9;object-fit:cover\" srcset=\"https:\/\/fundaciohospitalariesmartorell.org\/entre-tots\/wp-content\/uploads\/2024\/10\/photo_2024-10-10_14-23-56-1024x768.jpg 1024w, https:\/\/fundaciohospitalariesmartorell.org\/entre-tots\/wp-content\/uploads\/2024\/10\/photo_2024-10-10_14-23-56-300x225.jpg 300w, https:\/\/fundaciohospitalariesmartorell.org\/entre-tots\/wp-content\/uploads\/2024\/10\/photo_2024-10-10_14-23-56-768x576.jpg 768w, https:\/\/fundaciohospitalariesmartorell.org\/entre-tots\/wp-content\/uploads\/2024\/10\/photo_2024-10-10_14-23-56.jpg 1280w\" sizes=\"auto, (max-width: 1024px) 100vw, 1024px\" \/><\/figure>\n<\/div><\/div><\/div>\n\n\n\n<div class=\"wp-block-stackable-column stk-block-column stk-column stk-block stk-a6e115a\" data-v=\"4\" data-block-id=\"a6e115a\"><div class=\"stk-column-wrapper stk-block-column__content stk-container stk-a6e115a-container stk--no-background stk--no-padding\"><div class=\"stk-block-content stk-inner-blocks stk-a6e115a-inner-blocks\">\n<figure class=\"wp-block-image size-large\"><img loading=\"lazy\" decoding=\"async\" width=\"1024\" height=\"768\" src=\"https:\/\/hospitalsagratcormartorell.org\/entre-tots\/wp-content\/uploads\/2024\/10\/photo_2024-10-10_14-24-28-1024x768.jpg\" alt=\"\" class=\"wp-image-9956\" style=\"aspect-ratio:16\/9;object-fit:cover\" srcset=\"https:\/\/fundaciohospitalariesmartorell.org\/entre-tots\/wp-content\/uploads\/2024\/10\/photo_2024-10-10_14-24-28-1024x768.jpg 1024w, https:\/\/fundaciohospitalariesmartorell.org\/entre-tots\/wp-content\/uploads\/2024\/10\/photo_2024-10-10_14-24-28-300x225.jpg 300w, https:\/\/fundaciohospitalariesmartorell.org\/entre-tots\/wp-content\/uploads\/2024\/10\/photo_2024-10-10_14-24-28-768x576.jpg 768w, https:\/\/fundaciohospitalariesmartorell.org\/entre-tots\/wp-content\/uploads\/2024\/10\/photo_2024-10-10_14-24-28.jpg 1280w\" sizes=\"auto, (max-width: 1024px) 100vw, 1024px\" \/><\/figure>\n<\/div><\/div><\/div>\n\n\n\n<div class=\"wp-block-stackable-column stk-block-column stk-column stk-block stk-b87647c\" data-v=\"4\" data-block-id=\"b87647c\"><div class=\"stk-column-wrapper stk-block-column__content stk-container stk-b87647c-container stk--no-background stk--no-padding\"><div class=\"stk-block-content stk-inner-blocks stk-b87647c-inner-blocks\">\n<figure class=\"wp-block-image size-large\"><img loading=\"lazy\" decoding=\"async\" width=\"1024\" height=\"768\" src=\"https:\/\/hospitalsagratcormartorell.org\/entre-tots\/wp-content\/uploads\/2024\/10\/photo_2024-10-10_14-24-45-1024x768.jpg\" alt=\"\" class=\"wp-image-9957\" style=\"aspect-ratio:16\/9;object-fit:cover\" srcset=\"https:\/\/fundaciohospitalariesmartorell.org\/entre-tots\/wp-content\/uploads\/2024\/10\/photo_2024-10-10_14-24-45-1024x768.jpg 1024w, https:\/\/fundaciohospitalariesmartorell.org\/entre-tots\/wp-content\/uploads\/2024\/10\/photo_2024-10-10_14-24-45-300x225.jpg 300w, https:\/\/fundaciohospitalariesmartorell.org\/entre-tots\/wp-content\/uploads\/2024\/10\/photo_2024-10-10_14-24-45-768x576.jpg 768w, https:\/\/fundaciohospitalariesmartorell.org\/entre-tots\/wp-content\/uploads\/2024\/10\/photo_2024-10-10_14-24-45.jpg 1280w\" sizes=\"auto, (max-width: 1024px) 100vw, 1024px\" \/><\/figure>\n<\/div><\/div><\/div>\n\n\n\n<div class=\"wp-block-stackable-column stk-block-column stk-column stk-block stk-f133909\" data-v=\"4\" data-block-id=\"f133909\"><div class=\"stk-column-wrapper stk-block-column__content stk-container stk-f133909-container stk--no-background stk--no-padding\"><div class=\"stk-block-content stk-inner-blocks stk-f133909-inner-blocks\">\n<figure class=\"wp-block-image size-large\"><img loading=\"lazy\" decoding=\"async\" width=\"768\" height=\"1024\" src=\"https:\/\/hospitalsagratcormartorell.org\/entre-tots\/wp-content\/uploads\/2024\/10\/photo_2024-10-10_14-23-51-768x1024.jpg\" alt=\"\" class=\"wp-image-9958\" style=\"aspect-ratio:16\/9;object-fit:contain\" srcset=\"https:\/\/fundaciohospitalariesmartorell.org\/entre-tots\/wp-content\/uploads\/2024\/10\/photo_2024-10-10_14-23-51-768x1024.jpg 768w, https:\/\/fundaciohospitalariesmartorell.org\/entre-tots\/wp-content\/uploads\/2024\/10\/photo_2024-10-10_14-23-51-225x300.jpg 225w, https:\/\/fundaciohospitalariesmartorell.org\/entre-tots\/wp-content\/uploads\/2024\/10\/photo_2024-10-10_14-23-51.jpg 960w\" sizes=\"auto, (max-width: 768px) 100vw, 768px\" \/><\/figure>\n<\/div><\/div><\/div>\n<\/div><div class=\"stk-block-carousel__buttons\"><button class=\"stk-block-carousel__button stk-block-carousel__button__prev\" aria-label=\"Previous slide\"><svg aria-hidden=\"true\" focusable=\"false\" data-prefix=\"fas\" data-icon=\"chevron-left\" class=\"svg-inline--fa fa-chevron-left\" xmlns=\"http:\/\/www.w3.org\/2000\/svg\" viewBox=\"0 0 320 512\" width=\"32\" height=\"32\"><path d=\"M34.52 239.03L228.87 44.69c9.37-9.37 24.57-9.37 33.94 0l22.67 22.67c9.36 9.36 9.37 24.52.04 33.9L131.49 256l154.02 154.75c9.34 9.38 9.32 24.54-.04 33.9l-22.67 22.67c-9.37 9.37-24.57 9.37-33.94 0L34.52 272.97c-9.37-9.37-9.37-24.57 0-33.94z\"><\/path><\/svg><\/button><button class=\"stk-block-carousel__button stk-block-carousel__button__next\" aria-label=\"Next slide\"><svg aria-hidden=\"true\" focusable=\"false\" data-prefix=\"fas\" data-icon=\"chevron-right\" class=\"svg-inline--fa fa-chevron-right\" xmlns=\"http:\/\/www.w3.org\/2000\/svg\" viewBox=\"0 0 320 512\" width=\"32\" height=\"32\"><path d=\"M285.476 272.971L91.132 467.314c-9.373 9.373-24.569 9.373-33.941 0l-22.667-22.667c-9.357-9.357-9.375-24.522-.04-33.901L188.505 256 34.484 101.255c-9.335-9.379-9.317-24.544.04-33.901l22.667-22.667c9.373-9.373 24.569-9.373 33.941 0L285.475 239.03c9.373 9.372 9.373 24.568.001 33.941z\"><\/path><\/svg><\/button><\/div><\/div><div class=\"stk-block-carousel__dots\" role=\"list\" data-label=\"Slide %%d\"><\/div><\/div><\/div>\n\n\n\n<p>El taller va incloure tres xerrades. La primera va ser a c\u00e0rrec del Dr. Fernando Boatas, coordinador dels Serveis de Salut Mental d\u2019Adults del Baix Llobregat Nord de l\u2019Hospital Sagrat Cor, que va oferir una introducci\u00f3 a la psicopatologia b\u00e0sica, explicant les nocions clau d&#8217;aquesta disciplina i ubicant els tres grans trastorns: depressi\u00f3, ansietat i psicosi. <\/p>\n\n\n\n<p>La segona xerrada la va impartir el Dr. Tom\u00e0s Castell\u00f3, coordinador del Servei d\u2019Urg\u00e8ncies Psiqui\u00e0triques, Unitat d\u2019Aguts i Servei d\u2019Hospitalitzaci\u00f3 Domicili\u00e0ria de l\u2019Hospital Sagrat Cor, i va tractar sobre la urg\u00e8ncia psiqui\u00e0trica, amb l&#8217;objectiu de definir els motius principals que generen una urg\u00e8ncia en psiquiatria i com es poden gestionar aquestes crisis. <\/p>\n\n\n\n<p>Finalment, la tercera va ser a c\u00e0rrec de Juan Manuel P\u00e9rez, coordinador d\u2019Infermeria de l\u2019\u00c0rea de Psiquiatria General de l\u2019Hospital Sagrat Cor, que va parlar de la contenci\u00f3 emocional en situacions de crisi i la desescalada, presentant-ho en forma de taller, que va ressonar especialment entre els assistents. La clausura va anar a c\u00e0rrec del Dr. Carles Franquelo, director m\u00e8dic.<\/p>\n\n\n\n<p>El p\u00fablic es va mostrar molt interessat i participatiu al llarg de la jornada, fent preguntes, intervenint i, especialment, col\u00b7laborant activament durant el taller de la darrera xerrada. Aquest inter\u00e8s va ser un bon indicador de la rellev\u00e0ncia d&#8217;aquestes tem\u00e0tiques en el context actual de salut mental. <a href=\"https:\/\/www.olesaradio.cat\/embed\/podcast?id=olesaradio_podcast_3999&amp;mid=olesaradio_podcast_3999_podcastmarker_2\">Aqu\u00ed <\/a>trobareu una entrevista sobre la sessi\u00f3 a radio Olesa, on tamb\u00e9 hi va intervenir el Dr. Santi Bernades, subdirector m\u00e8dic.<\/p>\n\n\n\n<div class=\"wp-block-stackable-heading stk-block-heading stk-block-heading--v2 stk-block stk-0a41c9e\" id=\"strong-pantalles-i-salut-mental-a-sant-feliu-de-llobregat-strong\" data-block-id=\"0a41c9e\"><h2 class=\"stk-block-heading__text\"><strong>Pantalles i salut mental a Sant Feliu de Llobregat<\/strong><\/h2><\/div>\n\n\n\n<div class=\"wp-block-columns is-layout-flex wp-container-core-columns-is-layout-28f84493 wp-block-columns-is-layout-flex\">\n<div class=\"wp-block-column is-layout-flow wp-block-column-is-layout-flow\" style=\"flex-basis:50%\">\n<div class=\"wp-block-stackable-columns stk-block-columns stk-block stk-440d0ae\" data-block-id=\"440d0ae\"><div class=\"stk-row stk-inner-blocks stk-block-content stk-content-align stk-440d0ae-column\">\n<div class=\"wp-block-stackable-column stk-block-column stk-column stk-block stk-16cf316\" data-v=\"4\" data-block-id=\"16cf316\"><div class=\"stk-column-wrapper stk-block-column__content stk-container stk-16cf316-container stk--no-background stk--no-padding\"><div class=\"stk-block-content stk-inner-blocks stk-16cf316-inner-blocks\">\n<p>El passat dimarts 29 d&#8217;octubre va tenir lloc el taller &#8220;Adolescents, salut mental i pantalles&#8221; al Centre C\u00edvic Tovalloles de Sant Feliu de Llobregat. Va comptar amb la participaci\u00f3 d\u2019unes 40 persones, que van reflexionar sobre com l\u2019\u00fas de les pantalles afecta la salut cognitiva i emocional dels adolescents. A m\u00e9s es van proporcionar eines a les fam\u00edlies per acompanyar-los i gestionar aquesta situaci\u00f3 des de casa. <\/p>\n\n\n\n<p>El taller va estar impulsat pel CSMA i SRC de Sant Feliu de l&#8217;Hospital Sagrat Cor i la Fundaci\u00f3 Nou Camins. Va comptar amb el suport de Fil d\u2019Ariane i l&#8217;Ajuntament de Sant Feliu de Llobregat.<\/p>\n<\/div><\/div><\/div>\n<\/div><\/div>\n<\/div>\n\n\n\n<div class=\"wp-block-column is-layout-flow wp-block-column-is-layout-flow\" style=\"flex-basis:50%\">\n<figure class=\"wp-block-image size-full\"><img loading=\"lazy\" decoding=\"async\" width=\"336\" height=\"453\" src=\"https:\/\/hospitalsagratcormartorell.org\/entre-tots\/wp-content\/uploads\/2024\/10\/Captura-de-pantalla-2024-10-31-093614.png\" alt=\"\" class=\"wp-image-10146\" srcset=\"https:\/\/fundaciohospitalariesmartorell.org\/entre-tots\/wp-content\/uploads\/2024\/10\/Captura-de-pantalla-2024-10-31-093614.png 336w, https:\/\/fundaciohospitalariesmartorell.org\/entre-tots\/wp-content\/uploads\/2024\/10\/Captura-de-pantalla-2024-10-31-093614-223x300.png 223w\" sizes=\"auto, (max-width: 336px) 100vw, 336px\" \/><\/figure>\n<\/div>\n<\/div>\n\n\n\n<p><\/p>\n","protected":false},"excerpt":{"rendered":"<p>Com cada 10 d&#8217;octubre, l&#8217;Hospital Sagrat Cor va celebrar el Dia de la Salut Mental amb una jornada plena d&#8217;activitats als seus diferents dispositius assistencials. El lema d&#8217;enguany, Treball i salut mental, va posar el focus en aquesta relaci\u00f3 tan important i la necessitat de crear entorns laborals que prioritzin la cura de la salut [&hellip;]<\/p>\n","protected":false},"author":5,"featured_media":9945,"comment_status":"closed","ping_status":"closed","sticky":false,"template":"","format":"standard","meta":{"footnotes":""},"categories":[27,61],"tags":[],"class_list":["post-9944","post","type-post","status-publish","format-standard","has-post-thumbnail","hentry","category-actualitat","category-societat"],"blocksy_meta":[],"featured_image_urls_v2":{"full":["https:\/\/fundaciohospitalariesmartorell.org\/entre-tots\/wp-content\/uploads\/2024\/10\/b9abed72-5df4-4705-9721-b586944ef00b.jpeg",2048,923,false],"thumbnail":["https:\/\/fundaciohospitalariesmartorell.org\/entre-tots\/wp-content\/uploads\/2024\/10\/b9abed72-5df4-4705-9721-b586944ef00b-150x150.jpeg",150,150,true],"medium":["https:\/\/fundaciohospitalariesmartorell.org\/entre-tots\/wp-content\/uploads\/2024\/10\/b9abed72-5df4-4705-9721-b586944ef00b-300x135.jpeg",300,135,true],"medium_large":["https:\/\/fundaciohospitalariesmartorell.org\/entre-tots\/wp-content\/uploads\/2024\/10\/b9abed72-5df4-4705-9721-b586944ef00b-768x346.jpeg",768,346,true],"large":["https:\/\/fundaciohospitalariesmartorell.org\/entre-tots\/wp-content\/uploads\/2024\/10\/b9abed72-5df4-4705-9721-b586944ef00b-1024x462.jpeg",1024,462,true],"1536x1536":["https:\/\/fundaciohospitalariesmartorell.org\/entre-tots\/wp-content\/uploads\/2024\/10\/b9abed72-5df4-4705-9721-b586944ef00b-1536x692.jpeg",1536,692,true],"2048x2048":["https:\/\/fundaciohospitalariesmartorell.org\/entre-tots\/wp-content\/uploads\/2024\/10\/b9abed72-5df4-4705-9721-b586944ef00b.jpeg",2048,923,false],"mailpoet_newsletter_max":["https:\/\/fundaciohospitalariesmartorell.org\/entre-tots\/wp-content\/uploads\/2024\/10\/b9abed72-5df4-4705-9721-b586944ef00b-1320x595.jpeg",1320,595,true]},"post_excerpt_stackable_v2":"<p>Com cada 10 d&#8217;octubre, l&#8217;Hospital Sagrat Cor va celebrar el Dia de la Salut Mental amb una jornada plena d&#8217;activitats als seus diferents dispositius assistencials. El lema d&#8217;enguany, Treball i salut mental, va posar el focus en aquesta relaci\u00f3 tan important i la necessitat de crear entorns laborals que prioritzin la cura de la salut mental. Cinef\u00f2rum Zapatillas sin cordones En el marc del Dia Mundial de la Salut Mental, el passat 22 d&#8217;octubre va tenir lloc a la sala d&#8217;actes de l&#8217;Hospital la projecci\u00f3 del curtmetratge Zapatillas sin cordones, rodat a l&#8217;edifici 9. Aquesta obra, dirigida per Jeny Poquet&hellip;<\/p>\n","category_list_v2":"<a href=\"https:\/\/fundaciohospitalariesmartorell.org\/entre-tots\/category\/actualitat\/\" rel=\"category tag\">ACTUALITAT<\/a>, <a href=\"https:\/\/fundaciohospitalariesmartorell.org\/entre-tots\/category\/actualitat\/societat\/\" rel=\"category tag\">SOCIETAT<\/a>","author_info_v2":{"name":"Alba Felip","url":"https:\/\/fundaciohospitalariesmartorell.org\/entre-tots\/author\/afelipr\/"},"comments_num_v2":"0 comments","_links":{"self":[{"href":"https:\/\/fundaciohospitalariesmartorell.org\/entre-tots\/wp-json\/wp\/v2\/posts\/9944","targetHints":{"allow":["GET"]}}],"collection":[{"href":"https:\/\/fundaciohospitalariesmartorell.org\/entre-tots\/wp-json\/wp\/v2\/posts"}],"about":[{"href":"https:\/\/fundaciohospitalariesmartorell.org\/entre-tots\/wp-json\/wp\/v2\/types\/post"}],"author":[{"embeddable":true,"href":"https:\/\/fundaciohospitalariesmartorell.org\/entre-tots\/wp-json\/wp\/v2\/users\/5"}],"replies":[{"embeddable":true,"href":"https:\/\/fundaciohospitalariesmartorell.org\/entre-tots\/wp-json\/wp\/v2\/comments?post=9944"}],"version-history":[{"count":11,"href":"https:\/\/fundaciohospitalariesmartorell.org\/entre-tots\/wp-json\/wp\/v2\/posts\/9944\/revisions"}],"predecessor-version":[{"id":10147,"href":"https:\/\/fundaciohospitalariesmartorell.org\/entre-tots\/wp-json\/wp\/v2\/posts\/9944\/revisions\/10147"}],"wp:featuredmedia":[{"embeddable":true,"href":"https:\/\/fundaciohospitalariesmartorell.org\/entre-tots\/wp-json\/wp\/v2\/media\/9945"}],"wp:attachment":[{"href":"https:\/\/fundaciohospitalariesmartorell.org\/entre-tots\/wp-json\/wp\/v2\/media?parent=9944"}],"wp:term":[{"taxonomy":"category","embeddable":true,"href":"https:\/\/fundaciohospitalariesmartorell.org\/entre-tots\/wp-json\/wp\/v2\/categories?post=9944"},{"taxonomy":"post_tag","embeddable":true,"href":"https:\/\/fundaciohospitalariesmartorell.org\/entre-tots\/wp-json\/wp\/v2\/tags?post=9944"}],"curies":[{"name":"wp","href":"https:\/\/api.w.org\/{rel}","templated":true}]}}