{"id":9974,"date":"2024-10-16T10:58:39","date_gmt":"2024-10-16T09:58:39","guid":{"rendered":"https:\/\/hospitalsagratcormartorell.org\/entre-tots\/?p=9974"},"modified":"2024-10-16T10:58:39","modified_gmt":"2024-10-16T09:58:39","slug":"patir-anorexia-passats-els-40-anys-em-van-fer-sentir-culpable","status":"publish","type":"post","link":"https:\/\/fundaciohospitalariesmartorell.org\/entre-tots\/2024\/10\/patir-anorexia-passats-els-40-anys-em-van-fer-sentir-culpable\/","title":{"rendered":"Patir anor\u00e8xia passats els 40 anys: &#8220;Em van fer sentir culpable&#8221;"},"content":{"rendered":"\n<p>Al gener es va posar en marxa la primera unitat per a persones adultes amb TCA de tot Catalunya, un enc\u00e0rrec del Departament de Salut gestionat conjuntament entre l&#8217;Hospital Sagrat Cor i l&#8217;Hospital Universitari de Bellvitge. Fins ara, m\u00e9s de la meitat de les pacients han rebut l&#8217;alta despr\u00e9s d&#8217;anys de conviure amb trastorns alimentaris cr\u00f2nics.<\/p>\n\n\n\n<p>En aquest <a href=\"https:\/\/www.3cat.cat\/324\/patir-anorexia-passats-els-40-anys-em-van-fer-sentir-culpable\/noticia-amp\/3315639\/\">reportatge<\/a>, la Dra. Nuria Jaurrieta Guarner, coordinadora de la unitat, explica que l\u2019abordatge dels TCA es fa des d\u2019una perspectiva global, centrant-se no nom\u00e9s en el menjar, sin\u00f3 tamb\u00e9 en els factors psicosocials que sovint n&#8217;hi s\u00f3n el detonant. Un dels aspectes clau del tractament \u00e9s motivar les pacients i fer-les creure que la recuperaci\u00f3 \u00e9s possible.<\/p>\n\n\n\n<p><\/p>\n","protected":false},"excerpt":{"rendered":"<p>Al gener es va posar en marxa la primera unitat per a persones adultes amb TCA de tot Catalunya, un enc\u00e0rrec del Departament de Salut gestionat conjuntament entre l&#8217;Hospital Sagrat Cor i l&#8217;Hospital Universitari de Bellvitge. Fins ara, m\u00e9s de la meitat de les pacients han rebut l&#8217;alta despr\u00e9s d&#8217;anys de conviure amb trastorns alimentaris [&hellip;]<\/p>\n","protected":false},"author":5,"featured_media":0,"comment_status":"closed","ping_status":"","sticky":false,"template":"","format":"standard","meta":{"footnotes":""},"categories":[44],"tags":[],"class_list":["post-9974","post","type-post","status-publish","format-standard","hentry","category-entre-noticies"],"blocksy_meta":[],"featured_image_urls_v2":{"full":"","thumbnail":"","medium":"","medium_large":"","large":"","1536x1536":"","2048x2048":"","mailpoet_newsletter_max":""},"post_excerpt_stackable_v2":"<p>Al gener es va posar en marxa la primera unitat per a persones adultes amb TCA de tot Catalunya, un enc\u00e0rrec del Departament de Salut gestionat conjuntament entre l&#8217;Hospital Sagrat Cor i l&#8217;Hospital Universitari de Bellvitge. Fins ara, m\u00e9s de la meitat de les pacients han rebut l&#8217;alta despr\u00e9s d&#8217;anys de conviure amb trastorns alimentaris cr\u00f2nics. En aquest reportatge, la Dra. Nuria Jaurrieta Guarner, coordinadora de la unitat, explica que l\u2019abordatge dels TCA es fa des d\u2019una perspectiva global, centrant-se no nom\u00e9s en el menjar, sin\u00f3 tamb\u00e9 en els factors psicosocials que sovint n&#8217;hi s\u00f3n el detonant. Un dels aspectes&hellip;<\/p>\n","category_list_v2":"<a href=\"https:\/\/fundaciohospitalariesmartorell.org\/entre-tots\/category\/entre-noticies\/\" rel=\"category tag\">ENTRE NOT\u00cdCIES<\/a>","author_info_v2":{"name":"Alba Felip","url":"https:\/\/fundaciohospitalariesmartorell.org\/entre-tots\/author\/afelipr\/"},"comments_num_v2":"0 comments","_links":{"self":[{"href":"https:\/\/fundaciohospitalariesmartorell.org\/entre-tots\/wp-json\/wp\/v2\/posts\/9974","targetHints":{"allow":["GET"]}}],"collection":[{"href":"https:\/\/fundaciohospitalariesmartorell.org\/entre-tots\/wp-json\/wp\/v2\/posts"}],"about":[{"href":"https:\/\/fundaciohospitalariesmartorell.org\/entre-tots\/wp-json\/wp\/v2\/types\/post"}],"author":[{"embeddable":true,"href":"https:\/\/fundaciohospitalariesmartorell.org\/entre-tots\/wp-json\/wp\/v2\/users\/5"}],"replies":[{"embeddable":true,"href":"https:\/\/fundaciohospitalariesmartorell.org\/entre-tots\/wp-json\/wp\/v2\/comments?post=9974"}],"version-history":[{"count":1,"href":"https:\/\/fundaciohospitalariesmartorell.org\/entre-tots\/wp-json\/wp\/v2\/posts\/9974\/revisions"}],"predecessor-version":[{"id":9975,"href":"https:\/\/fundaciohospitalariesmartorell.org\/entre-tots\/wp-json\/wp\/v2\/posts\/9974\/revisions\/9975"}],"wp:attachment":[{"href":"https:\/\/fundaciohospitalariesmartorell.org\/entre-tots\/wp-json\/wp\/v2\/media?parent=9974"}],"wp:term":[{"taxonomy":"category","embeddable":true,"href":"https:\/\/fundaciohospitalariesmartorell.org\/entre-tots\/wp-json\/wp\/v2\/categories?post=9974"},{"taxonomy":"post_tag","embeddable":true,"href":"https:\/\/fundaciohospitalariesmartorell.org\/entre-tots\/wp-json\/wp\/v2\/tags?post=9974"}],"curies":[{"name":"wp","href":"https:\/\/api.w.org\/{rel}","templated":true}]}}