{"id":9977,"date":"2024-10-16T11:00:06","date_gmt":"2024-10-16T10:00:06","guid":{"rendered":"https:\/\/hospitalsagratcormartorell.org\/entre-tots\/?p=9977"},"modified":"2024-10-16T11:00:06","modified_gmt":"2024-10-16T10:00:06","slug":"rca1-per-que-tenim-por","status":"publish","type":"post","link":"https:\/\/fundaciohospitalariesmartorell.org\/entre-tots\/2024\/10\/rca1-per-que-tenim-por\/","title":{"rendered":"RCA1: Per qu\u00e8 tenim por?"},"content":{"rendered":"\n<p>Per qu\u00e8 tenim por? Per qu\u00e8 \u00e9s necess\u00e0ria per a la superviv\u00e8ncia? Com podem gestionar-la? &#8220;La por est\u00e0 relacionada amb els sistemes m\u00e9s primitius del nostre cervell, els quals actuen de manera r\u00e0pida, preparant el cos per fugir corrent o enfrontar-se a la situaci\u00f3. Quan el risc, real o percebut, supera determinat llindar, pot arribar a bloquejar-te&#8221;.<br>El psic\u00f2leg Roger Ballesc\u00e0 i Ruiz, coordinador de l&#8217;\u00c0rea de Salut Mental Infanto-juvenil del nostre hospital, ha reflexionat sobre l&#8217;emoci\u00f3 de la por al programa Via Lliure de RAC1.<\/p>\n\n\n\n<p>Escolta l&#8217;entrevista, <a href=\"https:\/\/www.rac1.cat\/a-la-carta\/detail\/08f95867-780f-4a72-8ae9-b20100b49ceb\">aqu\u00ed<\/a>.<\/p>\n","protected":false},"excerpt":{"rendered":"<p>Per qu\u00e8 tenim por? Per qu\u00e8 \u00e9s necess\u00e0ria per a la superviv\u00e8ncia? Com podem gestionar-la? &#8220;La por est\u00e0 relacionada amb els sistemes m\u00e9s primitius del nostre cervell, els quals actuen de manera r\u00e0pida, preparant el cos per fugir corrent o enfrontar-se a la situaci\u00f3. Quan el risc, real o percebut, supera determinat llindar, pot arribar [&hellip;]<\/p>\n","protected":false},"author":5,"featured_media":0,"comment_status":"closed","ping_status":"","sticky":false,"template":"","format":"standard","meta":{"footnotes":""},"categories":[44],"tags":[],"class_list":["post-9977","post","type-post","status-publish","format-standard","hentry","category-entre-noticies"],"blocksy_meta":[],"featured_image_urls_v2":{"full":"","thumbnail":"","medium":"","medium_large":"","large":"","1536x1536":"","2048x2048":"","mailpoet_newsletter_max":""},"post_excerpt_stackable_v2":"<p>Per qu\u00e8 tenim por? Per qu\u00e8 \u00e9s necess\u00e0ria per a la superviv\u00e8ncia? Com podem gestionar-la? &#8220;La por est\u00e0 relacionada amb els sistemes m\u00e9s primitius del nostre cervell, els quals actuen de manera r\u00e0pida, preparant el cos per fugir corrent o enfrontar-se a la situaci\u00f3. Quan el risc, real o percebut, supera determinat llindar, pot arribar a bloquejar-te&#8221;.El psic\u00f2leg Roger Ballesc\u00e0 i Ruiz, coordinador de l&#8217;\u00c0rea de Salut Mental Infanto-juvenil del nostre hospital, ha reflexionat sobre l&#8217;emoci\u00f3 de la por al programa Via Lliure de RAC1. Escolta l&#8217;entrevista, aqu\u00ed.<\/p>\n","category_list_v2":"<a href=\"https:\/\/fundaciohospitalariesmartorell.org\/entre-tots\/category\/entre-noticies\/\" rel=\"category tag\">ENTRE NOT\u00cdCIES<\/a>","author_info_v2":{"name":"Alba Felip","url":"https:\/\/fundaciohospitalariesmartorell.org\/entre-tots\/author\/afelipr\/"},"comments_num_v2":"0 comments","_links":{"self":[{"href":"https:\/\/fundaciohospitalariesmartorell.org\/entre-tots\/wp-json\/wp\/v2\/posts\/9977","targetHints":{"allow":["GET"]}}],"collection":[{"href":"https:\/\/fundaciohospitalariesmartorell.org\/entre-tots\/wp-json\/wp\/v2\/posts"}],"about":[{"href":"https:\/\/fundaciohospitalariesmartorell.org\/entre-tots\/wp-json\/wp\/v2\/types\/post"}],"author":[{"embeddable":true,"href":"https:\/\/fundaciohospitalariesmartorell.org\/entre-tots\/wp-json\/wp\/v2\/users\/5"}],"replies":[{"embeddable":true,"href":"https:\/\/fundaciohospitalariesmartorell.org\/entre-tots\/wp-json\/wp\/v2\/comments?post=9977"}],"version-history":[{"count":1,"href":"https:\/\/fundaciohospitalariesmartorell.org\/entre-tots\/wp-json\/wp\/v2\/posts\/9977\/revisions"}],"predecessor-version":[{"id":9978,"href":"https:\/\/fundaciohospitalariesmartorell.org\/entre-tots\/wp-json\/wp\/v2\/posts\/9977\/revisions\/9978"}],"wp:attachment":[{"href":"https:\/\/fundaciohospitalariesmartorell.org\/entre-tots\/wp-json\/wp\/v2\/media?parent=9977"}],"wp:term":[{"taxonomy":"category","embeddable":true,"href":"https:\/\/fundaciohospitalariesmartorell.org\/entre-tots\/wp-json\/wp\/v2\/categories?post=9977"},{"taxonomy":"post_tag","embeddable":true,"href":"https:\/\/fundaciohospitalariesmartorell.org\/entre-tots\/wp-json\/wp\/v2\/tags?post=9977"}],"curies":[{"name":"wp","href":"https:\/\/api.w.org\/{rel}","templated":true}]}}