{"id":9979,"date":"2024-10-16T11:07:48","date_gmt":"2024-10-16T10:07:48","guid":{"rendered":"https:\/\/hospitalsagratcormartorell.org\/entre-tots\/?p=9979"},"modified":"2024-10-17T10:06:25","modified_gmt":"2024-10-17T09:06:25","slug":"rtv-vilafranca-el-sector-de-la-salut-mental-reclama-la-necessitat-dun-abordatge-transversal","status":"publish","type":"post","link":"https:\/\/fundaciohospitalariesmartorell.org\/entre-tots\/2024\/10\/rtv-vilafranca-el-sector-de-la-salut-mental-reclama-la-necessitat-dun-abordatge-transversal\/","title":{"rendered":"RTV Vilafranca: L&#8217;atenci\u00f3 a la salut mental a l\u2019Alt Pened\u00e8s millora, per\u00f2 la demanda supera els recursos disponibles"},"content":{"rendered":"\n<p>Amb motiu del Dia Mundial de la Salut Mental, RTV Vilafranca va emetre un reportatge que destacava les reivindicacions del sector de la salut mental, que any rere any reclama m\u00e9s recursos per poder atendre la creixent demanda. A l\u2019Alt Pened\u00e8s, la situaci\u00f3 ha millorat lleugerament en l\u2019\u00faltim any, comptant amb sis psiquiatres, cosa que no succe\u00efa anteriorment. Tot i aquesta millora, la demanda continua sent molt elevada, fent dif\u00edcil atendre tots els casos de manera adequada.<\/p>\n\n\n\n<p>En aquest context, van entrevistar la <strong>Dra. Pilar Muley<\/strong>, qui va oferir la seva visi\u00f3 sobre la situaci\u00f3. Podeu veure el reportatge complet <a href=\"https:\/\/www.rtvvilafranca.cat\/2024\/10\/el-sector-de-la-salut-mental-reclama-la-necessitat-dun-abordatge-transversal\/\">aqu\u00ed<\/a>.<\/p>\n\n\n\n<p><\/p>\n","protected":false},"excerpt":{"rendered":"<p>Amb motiu del Dia Mundial de la Salut Mental, RTV Vilafranca va emetre un reportatge que destacava les reivindicacions del sector de la salut mental, que any rere any reclama m\u00e9s recursos per poder atendre la creixent demanda. A l\u2019Alt Pened\u00e8s, la situaci\u00f3 ha millorat lleugerament en l\u2019\u00faltim any, comptant amb sis psiquiatres, cosa que [&hellip;]<\/p>\n","protected":false},"author":5,"featured_media":0,"comment_status":"closed","ping_status":"closed","sticky":false,"template":"","format":"standard","meta":{"footnotes":""},"categories":[44],"tags":[],"class_list":["post-9979","post","type-post","status-publish","format-standard","hentry","category-entre-noticies"],"blocksy_meta":[],"featured_image_urls_v2":{"full":"","thumbnail":"","medium":"","medium_large":"","large":"","1536x1536":"","2048x2048":"","mailpoet_newsletter_max":""},"post_excerpt_stackable_v2":"<p>Amb motiu del Dia Mundial de la Salut Mental, RTV Vilafranca va emetre un reportatge que destacava les reivindicacions del sector de la salut mental, que any rere any reclama m\u00e9s recursos per poder atendre la creixent demanda. A l\u2019Alt Pened\u00e8s, la situaci\u00f3 ha millorat lleugerament en l\u2019\u00faltim any, comptant amb sis psiquiatres, cosa que no succe\u00efa anteriorment. Tot i aquesta millora, la demanda continua sent molt elevada, fent dif\u00edcil atendre tots els casos de manera adequada. En aquest context, van entrevistar la Dra. Pilar Muley, qui va oferir la seva visi\u00f3 sobre la situaci\u00f3. Podeu veure el reportatge complet&hellip;<\/p>\n","category_list_v2":"<a href=\"https:\/\/fundaciohospitalariesmartorell.org\/entre-tots\/category\/entre-noticies\/\" rel=\"category tag\">ENTRE NOT\u00cdCIES<\/a>","author_info_v2":{"name":"Alba Felip","url":"https:\/\/fundaciohospitalariesmartorell.org\/entre-tots\/author\/afelipr\/"},"comments_num_v2":"0 comments","_links":{"self":[{"href":"https:\/\/fundaciohospitalariesmartorell.org\/entre-tots\/wp-json\/wp\/v2\/posts\/9979","targetHints":{"allow":["GET"]}}],"collection":[{"href":"https:\/\/fundaciohospitalariesmartorell.org\/entre-tots\/wp-json\/wp\/v2\/posts"}],"about":[{"href":"https:\/\/fundaciohospitalariesmartorell.org\/entre-tots\/wp-json\/wp\/v2\/types\/post"}],"author":[{"embeddable":true,"href":"https:\/\/fundaciohospitalariesmartorell.org\/entre-tots\/wp-json\/wp\/v2\/users\/5"}],"replies":[{"embeddable":true,"href":"https:\/\/fundaciohospitalariesmartorell.org\/entre-tots\/wp-json\/wp\/v2\/comments?post=9979"}],"version-history":[{"count":2,"href":"https:\/\/fundaciohospitalariesmartorell.org\/entre-tots\/wp-json\/wp\/v2\/posts\/9979\/revisions"}],"predecessor-version":[{"id":9986,"href":"https:\/\/fundaciohospitalariesmartorell.org\/entre-tots\/wp-json\/wp\/v2\/posts\/9979\/revisions\/9986"}],"wp:attachment":[{"href":"https:\/\/fundaciohospitalariesmartorell.org\/entre-tots\/wp-json\/wp\/v2\/media?parent=9979"}],"wp:term":[{"taxonomy":"category","embeddable":true,"href":"https:\/\/fundaciohospitalariesmartorell.org\/entre-tots\/wp-json\/wp\/v2\/categories?post=9979"},{"taxonomy":"post_tag","embeddable":true,"href":"https:\/\/fundaciohospitalariesmartorell.org\/entre-tots\/wp-json\/wp\/v2\/tags?post=9979"}],"curies":[{"name":"wp","href":"https:\/\/api.w.org\/{rel}","templated":true}]}}