{"id":9981,"date":"2024-10-16T11:16:13","date_gmt":"2024-10-16T10:16:13","guid":{"rendered":"https:\/\/hospitalsagratcormartorell.org\/entre-tots\/?p=9981"},"modified":"2024-10-16T11:19:37","modified_gmt":"2024-10-16T10:19:37","slug":"olesa-radio-formacio-de-la-policia-local-en-salut-mental","status":"publish","type":"post","link":"https:\/\/fundaciohospitalariesmartorell.org\/entre-tots\/2024\/10\/olesa-radio-formacio-de-la-policia-local-en-salut-mental\/","title":{"rendered":"Olesa R\u00e0dio: Formaci\u00f3 de la Policia Local en salut mental"},"content":{"rendered":"\n<p>El 10 d&#8217;octubre es va organitzar el I Taller de Salut Mental i Policia Local, que es va dur a terme a la sala de plens de l&#8217;Ajuntament d&#8217;Olesa, i en el qual van participar al voltant de 25 agents de la zona del Baix Llobregat. L\u2019activitat tenia com a objectiu oferir unes nocions b\u00e0siques de psicopatologia, centrant-se en els trastorns m\u00e9s freq\u00fcents que donen lloc a situacions de crisi i com manejar-les adequadament.<\/p>\n\n\n\n<p>Podeu escoltar una entrevista al Dr. Bernades, al Dr. Castell\u00f3 i a Juan Manuel P\u00e9rez feta a Olesa R\u00e0dio parlant d&#8217;aquest taller <a href=\"https:\/\/www.olesaradio.cat\/embed\/podcast?id=olesaradio_podcast_3999&amp;mid=olesaradio_podcast_3999_podcastmarker_2\">aqu\u00ed<\/a>.<\/p>\n","protected":false},"excerpt":{"rendered":"<p>El 10 d&#8217;octubre es va organitzar el I Taller de Salut Mental i Policia Local, que es va dur a terme a la sala de plens de l&#8217;Ajuntament d&#8217;Olesa, i en el qual van participar al voltant de 25 agents de la zona del Baix Llobregat. L\u2019activitat tenia com a objectiu oferir unes nocions b\u00e0siques [&hellip;]<\/p>\n","protected":false},"author":5,"featured_media":0,"comment_status":"closed","ping_status":"closed","sticky":false,"template":"","format":"standard","meta":{"footnotes":""},"categories":[44],"tags":[],"class_list":["post-9981","post","type-post","status-publish","format-standard","hentry","category-entre-noticies"],"blocksy_meta":[],"featured_image_urls_v2":{"full":"","thumbnail":"","medium":"","medium_large":"","large":"","1536x1536":"","2048x2048":"","mailpoet_newsletter_max":""},"post_excerpt_stackable_v2":"<p>El 10 d&#8217;octubre es va organitzar el I Taller de Salut Mental i Policia Local, que es va dur a terme a la sala de plens de l&#8217;Ajuntament d&#8217;Olesa, i en el qual van participar al voltant de 25 agents de la zona del Baix Llobregat. L\u2019activitat tenia com a objectiu oferir unes nocions b\u00e0siques de psicopatologia, centrant-se en els trastorns m\u00e9s freq\u00fcents que donen lloc a situacions de crisi i com manejar-les adequadament. Podeu escoltar una entrevista al Dr. Bernades, al Dr. Castell\u00f3 i a Juan Manuel P\u00e9rez feta a Olesa R\u00e0dio parlant d&#8217;aquest taller aqu\u00ed.<\/p>\n","category_list_v2":"<a href=\"https:\/\/fundaciohospitalariesmartorell.org\/entre-tots\/category\/entre-noticies\/\" rel=\"category tag\">ENTRE NOT\u00cdCIES<\/a>","author_info_v2":{"name":"Alba Felip","url":"https:\/\/fundaciohospitalariesmartorell.org\/entre-tots\/author\/afelipr\/"},"comments_num_v2":"0 comments","_links":{"self":[{"href":"https:\/\/fundaciohospitalariesmartorell.org\/entre-tots\/wp-json\/wp\/v2\/posts\/9981","targetHints":{"allow":["GET"]}}],"collection":[{"href":"https:\/\/fundaciohospitalariesmartorell.org\/entre-tots\/wp-json\/wp\/v2\/posts"}],"about":[{"href":"https:\/\/fundaciohospitalariesmartorell.org\/entre-tots\/wp-json\/wp\/v2\/types\/post"}],"author":[{"embeddable":true,"href":"https:\/\/fundaciohospitalariesmartorell.org\/entre-tots\/wp-json\/wp\/v2\/users\/5"}],"replies":[{"embeddable":true,"href":"https:\/\/fundaciohospitalariesmartorell.org\/entre-tots\/wp-json\/wp\/v2\/comments?post=9981"}],"version-history":[{"count":1,"href":"https:\/\/fundaciohospitalariesmartorell.org\/entre-tots\/wp-json\/wp\/v2\/posts\/9981\/revisions"}],"predecessor-version":[{"id":9982,"href":"https:\/\/fundaciohospitalariesmartorell.org\/entre-tots\/wp-json\/wp\/v2\/posts\/9981\/revisions\/9982"}],"wp:attachment":[{"href":"https:\/\/fundaciohospitalariesmartorell.org\/entre-tots\/wp-json\/wp\/v2\/media?parent=9981"}],"wp:term":[{"taxonomy":"category","embeddable":true,"href":"https:\/\/fundaciohospitalariesmartorell.org\/entre-tots\/wp-json\/wp\/v2\/categories?post=9981"},{"taxonomy":"post_tag","embeddable":true,"href":"https:\/\/fundaciohospitalariesmartorell.org\/entre-tots\/wp-json\/wp\/v2\/tags?post=9981"}],"curies":[{"name":"wp","href":"https:\/\/api.w.org\/{rel}","templated":true}]}}