{"id":9992,"date":"2024-10-22T07:17:02","date_gmt":"2024-10-22T06:17:02","guid":{"rendered":"https:\/\/hospitalsagratcormartorell.org\/entre-tots\/?p=9992"},"modified":"2024-10-31T08:35:10","modified_gmt":"2024-10-31T07:35:10","slug":"compromis-solidaritat-i-transformacio-el-valor-del-voluntariat-a-lhospital-sagrat-cor","status":"publish","type":"post","link":"https:\/\/fundaciohospitalariesmartorell.org\/entre-tots\/2024\/10\/compromis-solidaritat-i-transformacio-el-valor-del-voluntariat-a-lhospital-sagrat-cor\/","title":{"rendered":"Comprom\u00eds, solidaritat i transformaci\u00f3: el valor del voluntariat a l&#8217;Hospital Sagrat Cor"},"content":{"rendered":"\n<p>Qu\u00e8 mou a una persona a implicar-se en el voluntariat, especialment en un entorn hospitalari altament especialitzat en l&#8217;atenci\u00f3 de problemes de salut mental com el nostre? Segons Mercedes P\u00e9rez, Coordinadora del Servei de Voluntariat de l&#8217;Hospital Sagrat Cor, \u201cels voluntaris estan motivats per un profund desig d&#8217;ajudar els altres i sentir-se \u00fatils. Consideren que col\u00b7laborar en un hospital dedicat a la salut mental \u00e9s una manera efectiva de fer-ho. Aix\u00f2 els proporciona una gran satisfacci\u00f3 personal, ja que veuen el seu treball com una forma de contribuir positivament a la vida dels pacients\u201d.<\/p>\n\n\n\n<figure class=\"wp-block-image size-large\"><img loading=\"lazy\" decoding=\"async\" width=\"2048\" height=\"1152\" src=\"https:\/\/hospitalsagratcormartorell.org\/entre-tots\/wp-content\/uploads\/2024\/10\/Voluntariat-2-edited.jpeg\" alt=\"\" class=\"wp-image-9994\" srcset=\"https:\/\/fundaciohospitalariesmartorell.org\/entre-tots\/wp-content\/uploads\/2024\/10\/Voluntariat-2-edited.jpeg 2048w, https:\/\/fundaciohospitalariesmartorell.org\/entre-tots\/wp-content\/uploads\/2024\/10\/Voluntariat-2-edited-300x169.jpeg 300w, https:\/\/fundaciohospitalariesmartorell.org\/entre-tots\/wp-content\/uploads\/2024\/10\/Voluntariat-2-edited-1024x576.jpeg 1024w, https:\/\/fundaciohospitalariesmartorell.org\/entre-tots\/wp-content\/uploads\/2024\/10\/Voluntariat-2-edited-768x432.jpeg 768w, https:\/\/fundaciohospitalariesmartorell.org\/entre-tots\/wp-content\/uploads\/2024\/10\/Voluntariat-2-edited-1536x864.jpeg 1536w, https:\/\/fundaciohospitalariesmartorell.org\/entre-tots\/wp-content\/uploads\/2024\/10\/Voluntariat-2-edited-1320x743.jpeg 1320w\" sizes=\"auto, (max-width: 2048px) 100vw, 2048px\" \/><\/figure>\n\n\n\n<p>Actualment, comptem amb 15 voluntaris en actiu de perfils molt diversos. Hi ha des d&#8217;estudiants de treball social i de psicologia fins a persones jubilades, alguns dels quals havien treballat anteriorment amb nosaltres. Aquesta varietat de perfils enriqueix el programa i permet oferir un suport diversificat a les persones usu\u00e0ries del centre.<\/p>\n\n\n\n<blockquote class=\"wp-block-quote is-layout-flow wp-block-quote-is-layout-flow\">\n<p><strong>Els voluntaris estan motivats per un profund desig d&#8217;ajudar els altres i sentir-se \u00fatils. Consideren que col\u00b7laborar en un hospital dedicat a la salut mental \u00e9s una manera efectiva de fer-ho.<\/strong> Mercedes P\u00e9rez, Coordinadora del Servei de Voluntariat de l&#8217;Hospital Sagrat Cor.<\/p>\n<\/blockquote>\n\n\n\n<p>Segons sor Isabel Bl\u00e1zquez, superiora de l&#8217;Hospital Sagrat Cor, &#8220;el voluntariat \u00e9s una pe\u00e7a clau en la humanitzaci\u00f3 de l&#8217;atenci\u00f3 hospital\u00e0ria. Aporta un valor afegit molt significatiu, ja que el voluntari, des de la gratu\u00eftat i la solidaritat, ofereix una relaci\u00f3 purament humana. Aquesta relaci\u00f3 contribueix a crear un espai d&#8217;igualtat entre les persones i refor\u00e7a l&#8217;acollida dels pacients amb problemes de salut mental, afavorint la seva integraci\u00f3 i benestar dins de la nostra comunitat hospital\u00e0ria\u201d<\/p>\n\n\n\n<p>Les persones volunt\u00e0ries adopten un comprom\u00eds setmanal, quinzenal o mensual, depenent de la seva disponibilitat. Hi ha persones que venen setmanalment per acompanyar grups d\u2019usuaris, d&#8217;altres que venen quinzenalment i fan un acompanyament m\u00e9s individualitzat, i tamb\u00e9 voluntaris\/es que col\u00b7laboren els caps de setmana amb el servei d&#8217;eucaristia i en activitats puntuals com els actes nadalencs.<\/p>\n\n\n\n<h2 class=\"wp-block-heading\">Qu\u00e8 \u00e9s el voluntariat a l&#8217;Hospital Sagrat Cor?<\/h2>\n\n\n\n<p>El voluntariat a l&#8217;Hospital Sagrat Cor consisteix en persones que volen compartir el seu temps de manera gratu\u00efta amb les persones ingressades. Aquestes activitats es duen a terme principalment dins del recinte hospitalari, per\u00f2 tamb\u00e9 inclouen sortides a l\u2019exterior, com excursions l\u00fadiques o esportives. Per exemple, recentment han comptat amb la col\u00b7laboraci\u00f3 de voluntaris\/es per acompanyar pacients a la piscina, ajudant-los durant tot el trajecte, a la piscina i al vestuari, i despr\u00e9s de tornada.<\/p>\n\n\n\n<p>La Bianka s\u2019acaba d\u2019incorporar com a volunt\u00e0ria. T\u00e9 formaci\u00f3 relacionada amb la salut mental i actualment t\u00e9 temps lliure per a poder exercir el voluntariat. Aix\u00ed que ha posat en marxa una activitat de ioga per a les persones usu\u00e0ries d\u2019RH2. \u201cQu\u00e8 els aporta el ioga? Concentraci\u00f3 i relaxaci\u00f3. Aix\u00f2 \u00e9s fonamental perqu\u00e8 puguin estar en pau amb elles mateixes. Estic molt contenta de poder contribuir d&#8217;aquesta manera.&#8221;<\/p>\n\n\n\n<figure class=\"wp-block-image size-large\"><img loading=\"lazy\" decoding=\"async\" width=\"2560\" height=\"1440\" src=\"https:\/\/hospitalsagratcormartorell.org\/entre-tots\/wp-content\/uploads\/2024\/10\/20240703_111648-edited-scaled.jpg\" alt=\"\" class=\"wp-image-9997\" srcset=\"https:\/\/fundaciohospitalariesmartorell.org\/entre-tots\/wp-content\/uploads\/2024\/10\/20240703_111648-edited-scaled.jpg 2560w, https:\/\/fundaciohospitalariesmartorell.org\/entre-tots\/wp-content\/uploads\/2024\/10\/20240703_111648-edited-300x169.jpg 300w, https:\/\/fundaciohospitalariesmartorell.org\/entre-tots\/wp-content\/uploads\/2024\/10\/20240703_111648-edited-1024x576.jpg 1024w, https:\/\/fundaciohospitalariesmartorell.org\/entre-tots\/wp-content\/uploads\/2024\/10\/20240703_111648-edited-768x432.jpg 768w, https:\/\/fundaciohospitalariesmartorell.org\/entre-tots\/wp-content\/uploads\/2024\/10\/20240703_111648-edited-1536x864.jpg 1536w, https:\/\/fundaciohospitalariesmartorell.org\/entre-tots\/wp-content\/uploads\/2024\/10\/20240703_111648-edited-2048x1152.jpg 2048w, https:\/\/fundaciohospitalariesmartorell.org\/entre-tots\/wp-content\/uploads\/2024\/10\/20240703_111648-edited-1320x743.jpg 1320w\" sizes=\"auto, (max-width: 2560px) 100vw, 2560px\" \/><\/figure>\n\n\n\n<p>\u201cEls voluntaris no nom\u00e9s donen el seu temps, sin\u00f3 que tamb\u00e9 proporcionen una pres\u00e8ncia c\u00e0lida que es converteix en la calor de la llar per a aquelles persones que se senten soles o despla\u00e7ades. Aquesta \u00e9s una part essencial del carisma hospitalari que promovem, on el voluntari \u00e9s reconegut com una figura fonamental per acompanyar i donar suport emocional a pacients en moments de fragilitat&#8221;, afegeix sor Isabel Bl\u00e1zquez.<\/p>\n\n\n\n<p>A m\u00e9s, el car\u00e0cter hist\u00f2ric del voluntariat en la Congregaci\u00f3 de les Germanes Hospital\u00e0ries t\u00e9 una rellev\u00e0ncia especial, ja que la seva tradici\u00f3 es remunta als inicis amb el fundador, Sant Benito Menni, qui va descobrir la seva vocaci\u00f3 hospital\u00e0ria a trav\u00e9s de la seva pr\u00f2pia experi\u00e8ncia com a voluntari. Aquest vincle amb la gratu\u00eftat i la solidaritat s\u2019ha perpetuat en el temps, mantenint viva la missi\u00f3 hospital\u00e0ria a trav\u00e9s del servei voluntari, que continua sent fonamental per al desenvolupament de la nostra tasca assistencial.<\/p>\n\n\n\n<h2 class=\"wp-block-heading\">Const\u00e0ncia i rotaci\u00f3<\/h2>\n\n\n\n<p>Tot i que alguns voluntaris fa molts anys que col\u00b7laboren, hi ha una certa rotaci\u00f3. Alguns voluntaris s&#8217;involucren durant uns mesos, especialment aquells interessats en con\u00e8ixer m\u00e9s de prop sobre la salut mental, per\u00f2 poden deixar-ho per motius laborals o personals. Recentment, per exemple, \u201cuna persona que va acompanyar un familiar durant tres mesos a l&#8217;hospital va decidir convertir-se en voluntari despr\u00e9s de veure la qualitat del tracte que rebien els pacients\u201d, explica la Mercedes.<\/p>\n\n\n\n<figure class=\"wp-block-image size-large\"><img loading=\"lazy\" decoding=\"async\" width=\"2048\" height=\"1152\" src=\"https:\/\/hospitalsagratcormartorell.org\/entre-tots\/wp-content\/uploads\/2024\/10\/voluntariat-1-edited.jpeg\" alt=\"\" class=\"wp-image-10001\" srcset=\"https:\/\/fundaciohospitalariesmartorell.org\/entre-tots\/wp-content\/uploads\/2024\/10\/voluntariat-1-edited.jpeg 2048w, https:\/\/fundaciohospitalariesmartorell.org\/entre-tots\/wp-content\/uploads\/2024\/10\/voluntariat-1-edited-300x169.jpeg 300w, https:\/\/fundaciohospitalariesmartorell.org\/entre-tots\/wp-content\/uploads\/2024\/10\/voluntariat-1-edited-1024x576.jpeg 1024w, https:\/\/fundaciohospitalariesmartorell.org\/entre-tots\/wp-content\/uploads\/2024\/10\/voluntariat-1-edited-768x432.jpeg 768w, https:\/\/fundaciohospitalariesmartorell.org\/entre-tots\/wp-content\/uploads\/2024\/10\/voluntariat-1-edited-1536x864.jpeg 1536w, https:\/\/fundaciohospitalariesmartorell.org\/entre-tots\/wp-content\/uploads\/2024\/10\/voluntariat-1-edited-1320x743.jpeg 1320w\" sizes=\"auto, (max-width: 2048px) 100vw, 2048px\" \/><\/figure>\n\n\n\n<h2 class=\"wp-block-heading\">Acollida i seguiment dels voluntaris<\/h2>\n\n\n\n<p>Els voluntaris reben una acollida molt bona, tant per part de l&#8217;equip com dels pacients. Se&#8217;ls explica el marc d&#8217;identitat de la congregaci\u00f3, la hist\u00f2ria de les fundadores i els valors de l&#8217;hospitalitat i l&#8217;atenci\u00f3 als pacients amb problemes de salut mental. Tamb\u00e9 se&#8217;ls ofereix un seguiment continu per assegurar-se que la seva experi\u00e8ncia sigui positiva i gratificant. A m\u00e9s, s\u2019ha posat en marxa una formaci\u00f3 per aquest tipus de col\u00b7laboradors.<\/p>\n\n\n\n<h2 class=\"wp-block-heading\">Impacte del voluntariat en els pacients<\/h2>\n\n\n\n<p>Els pacients valoren molt la pres\u00e8ncia dels voluntaris, que els proporcionen una escolta atenta i temps de qualitat. Alguns voluntaris s\u00f3n especialment detallistes, celebrant aniversaris i organitzant activitats especials per als pacients. Aquest tipus d&#8217;atencions fa que els pacients se sentin molt ben tractats i agra\u00efts, com va quedar demostrat quan un pacient va dedicar un poema a la seva volunt\u00e0ria en agra\u00efment pel seu temps i dedicaci\u00f3.<\/p>\n\n\n\n<p>En Sergio, que porta tota la vida vinculat al voluntariat social i sanitari, fa quatre mesos que \u00e9s amb nosaltres. Cada dijous, es dirigeix a la Unitat de Patologia Dual. \u201cTenia certa experi\u00e8ncia pr\u00e8via amb preadolescents per la meva etapa com a professor, per\u00f2 treballar amb adults joves era un nou repte que vaig abra\u00e7ar amb entusiasme\u201d, explica. All\u00e0 organitza din\u00e0miques de grup i activitats variades que tenen per objectiu crear un espai de confian\u00e7a i suport. \u201c\u00c9s important per a mi que les persones a les quals ajudo entenguin que no soc part del sistema; soc una persona externa que ve amb una perspectiva diferent. Aquesta dist\u00e0ncia em permet connectar amb ells d&#8217;una manera especial, oferint-los una \u00f2ptica fresca i nova\u201d, assegura.<\/p>\n\n\n\n<figure class=\"wp-block-image size-large\"><img loading=\"lazy\" decoding=\"async\" width=\"2560\" height=\"1440\" src=\"https:\/\/hospitalsagratcormartorell.org\/entre-tots\/wp-content\/uploads\/2024\/10\/20240703_095939-edited-scaled.jpg\" alt=\"\" class=\"wp-image-9999\" srcset=\"https:\/\/fundaciohospitalariesmartorell.org\/entre-tots\/wp-content\/uploads\/2024\/10\/20240703_095939-edited-scaled.jpg 2560w, https:\/\/fundaciohospitalariesmartorell.org\/entre-tots\/wp-content\/uploads\/2024\/10\/20240703_095939-edited-300x169.jpg 300w, https:\/\/fundaciohospitalariesmartorell.org\/entre-tots\/wp-content\/uploads\/2024\/10\/20240703_095939-edited-1024x576.jpg 1024w, https:\/\/fundaciohospitalariesmartorell.org\/entre-tots\/wp-content\/uploads\/2024\/10\/20240703_095939-edited-768x432.jpg 768w, https:\/\/fundaciohospitalariesmartorell.org\/entre-tots\/wp-content\/uploads\/2024\/10\/20240703_095939-edited-1536x864.jpg 1536w, https:\/\/fundaciohospitalariesmartorell.org\/entre-tots\/wp-content\/uploads\/2024\/10\/20240703_095939-edited-2048x1152.jpg 2048w, https:\/\/fundaciohospitalariesmartorell.org\/entre-tots\/wp-content\/uploads\/2024\/10\/20240703_095939-edited-1320x743.jpg 1320w\" sizes=\"auto, (max-width: 2560px) 100vw, 2560px\" \/><\/figure>\n\n\n\n<p>Un dels moments m\u00e9s memorables que ha viscut en aquest voluntariat va ser quan, durant la visita a una h\u00edpica, una persona li va dir: &#8220;\u00c9s bonic que hi siguis perqu\u00e8 m\u2019aportes llum nova.&#8221; \u201cAquestes paraules em van tocar profundament i van reafirmar el sentit del que faig. Fer voluntariat no nom\u00e9s \u00e9s una manera d&#8217;ajudar els altres, sin\u00f3 que tamb\u00e9 em proporciona energia i motivaci\u00f3 per continuar\u201d, assegura.<\/p>\n\n\n\n<p><\/p>\n","protected":false},"excerpt":{"rendered":"<p>Qu\u00e8 mou a una persona a implicar-se en el voluntariat, especialment en un entorn hospitalari altament especialitzat en l&#8217;atenci\u00f3 de problemes de salut mental com el nostre? Segons Mercedes P\u00e9rez, Coordinadora del Servei de Voluntariat de l&#8217;Hospital Sagrat Cor, \u201cels voluntaris estan motivats per un profund desig d&#8217;ajudar els altres i sentir-se \u00fatils. Consideren que [&hellip;]<\/p>\n","protected":false},"author":5,"featured_media":9994,"comment_status":"closed","ping_status":"closed","sticky":false,"template":"","format":"standard","meta":{"footnotes":""},"categories":[61,28,57],"tags":[],"class_list":["post-9992","post","type-post","status-publish","format-standard","has-post-thumbnail","hentry","category-societat","category-tot-aixo-es-nostre","category-usuaris-es"],"blocksy_meta":[],"featured_image_urls_v2":{"full":["https:\/\/fundaciohospitalariesmartorell.org\/entre-tots\/wp-content\/uploads\/2024\/10\/Voluntariat-2-edited.jpeg",2048,1152,false],"thumbnail":["https:\/\/fundaciohospitalariesmartorell.org\/entre-tots\/wp-content\/uploads\/2024\/10\/Voluntariat-2-edited-150x150.jpeg",150,150,true],"medium":["https:\/\/fundaciohospitalariesmartorell.org\/entre-tots\/wp-content\/uploads\/2024\/10\/Voluntariat-2-edited-300x169.jpeg",300,169,true],"medium_large":["https:\/\/fundaciohospitalariesmartorell.org\/entre-tots\/wp-content\/uploads\/2024\/10\/Voluntariat-2-edited-768x432.jpeg",768,432,true],"large":["https:\/\/fundaciohospitalariesmartorell.org\/entre-tots\/wp-content\/uploads\/2024\/10\/Voluntariat-2-edited-1024x576.jpeg",1024,576,true],"1536x1536":["https:\/\/fundaciohospitalariesmartorell.org\/entre-tots\/wp-content\/uploads\/2024\/10\/Voluntariat-2-edited-1536x864.jpeg",1536,864,true],"2048x2048":["https:\/\/fundaciohospitalariesmartorell.org\/entre-tots\/wp-content\/uploads\/2024\/10\/Voluntariat-2-edited.jpeg",2048,1152,false],"mailpoet_newsletter_max":["https:\/\/fundaciohospitalariesmartorell.org\/entre-tots\/wp-content\/uploads\/2024\/10\/Voluntariat-2-edited-1320x743.jpeg",1320,743,true]},"post_excerpt_stackable_v2":"<p>Qu\u00e8 mou a una persona a implicar-se en el voluntariat, especialment en un entorn hospitalari altament especialitzat en l&#8217;atenci\u00f3 de problemes de salut mental com el nostre? Segons Mercedes P\u00e9rez, Coordinadora del Servei de Voluntariat de l&#8217;Hospital Sagrat Cor, \u201cels voluntaris estan motivats per un profund desig d&#8217;ajudar els altres i sentir-se \u00fatils. Consideren que col\u00b7laborar en un hospital dedicat a la salut mental \u00e9s una manera efectiva de fer-ho. Aix\u00f2 els proporciona una gran satisfacci\u00f3 personal, ja que veuen el seu treball com una forma de contribuir positivament a la vida dels pacients\u201d. Actualment, comptem amb 15 voluntaris en&hellip;<\/p>\n","category_list_v2":"<a href=\"https:\/\/fundaciohospitalariesmartorell.org\/entre-tots\/category\/actualitat\/societat\/\" rel=\"category tag\">SOCIETAT<\/a>, <a href=\"https:\/\/fundaciohospitalariesmartorell.org\/entre-tots\/category\/tot-aixo-es-nostre\/\" rel=\"category tag\">TOT AIX\u00d2 \u00c9S NOSTRE<\/a>, <a href=\"https:\/\/fundaciohospitalariesmartorell.org\/entre-tots\/category\/actualitat\/usuaris-es\/\" rel=\"category tag\">USUARIS\/ES<\/a>","author_info_v2":{"name":"Alba Felip","url":"https:\/\/fundaciohospitalariesmartorell.org\/entre-tots\/author\/afelipr\/"},"comments_num_v2":"0 comments","_links":{"self":[{"href":"https:\/\/fundaciohospitalariesmartorell.org\/entre-tots\/wp-json\/wp\/v2\/posts\/9992","targetHints":{"allow":["GET"]}}],"collection":[{"href":"https:\/\/fundaciohospitalariesmartorell.org\/entre-tots\/wp-json\/wp\/v2\/posts"}],"about":[{"href":"https:\/\/fundaciohospitalariesmartorell.org\/entre-tots\/wp-json\/wp\/v2\/types\/post"}],"author":[{"embeddable":true,"href":"https:\/\/fundaciohospitalariesmartorell.org\/entre-tots\/wp-json\/wp\/v2\/users\/5"}],"replies":[{"embeddable":true,"href":"https:\/\/fundaciohospitalariesmartorell.org\/entre-tots\/wp-json\/wp\/v2\/comments?post=9992"}],"version-history":[{"count":5,"href":"https:\/\/fundaciohospitalariesmartorell.org\/entre-tots\/wp-json\/wp\/v2\/posts\/9992\/revisions"}],"predecessor-version":[{"id":10540,"href":"https:\/\/fundaciohospitalariesmartorell.org\/entre-tots\/wp-json\/wp\/v2\/posts\/9992\/revisions\/10540"}],"wp:featuredmedia":[{"embeddable":true,"href":"https:\/\/fundaciohospitalariesmartorell.org\/entre-tots\/wp-json\/wp\/v2\/media\/9994"}],"wp:attachment":[{"href":"https:\/\/fundaciohospitalariesmartorell.org\/entre-tots\/wp-json\/wp\/v2\/media?parent=9992"}],"wp:term":[{"taxonomy":"category","embeddable":true,"href":"https:\/\/fundaciohospitalariesmartorell.org\/entre-tots\/wp-json\/wp\/v2\/categories?post=9992"},{"taxonomy":"post_tag","embeddable":true,"href":"https:\/\/fundaciohospitalariesmartorell.org\/entre-tots\/wp-json\/wp\/v2\/tags?post=9992"}],"curies":[{"name":"wp","href":"https:\/\/api.w.org\/{rel}","templated":true}]}}